{"id":8483,"date":"2021-05-04T20:15:00","date_gmt":"2021-05-05T01:15:00","guid":{"rendered":"https:\/\/maghreb-observateur.com\/?p=8483"},"modified":"2021-05-04T20:15:00","modified_gmt":"2021-05-05T01:15:00","slug":"le-bureau-politique-du-pam-sest-reuni-la-semaine-derniere-en-presentiel-et-en-visioconference","status":"publish","type":"post","link":"https:\/\/maghreb-observateur.com\/?p=8483","title":{"rendered":"Le Bureau politique du PAM s\u2019est r\u00e9uni la semaine derni\u00e8re en pr\u00e9sentiel et en visioconf\u00e9rence."},"content":{"rendered":"\n<figure class=\"wp-block-image\"><img decoding=\"async\" src=\"https:\/\/www.pam.ma\/fr\/wp-content\/uploads\/2021\/05\/%D8%A7%D9%84%D9%85%D9%83%D8%AA%D8%A8-%D8%A7%D9%84%D8%B3%D9%8A%D8%A7%D8%B3%D9%8A-.jpeg\" alt=\"\"\/><\/figure>\n\n\n\n<p>Le Bureau politique du PAM qui s\u2019est r\u00e9uni la semaine derni\u00e8re en pr\u00e9sentiel et en visioconf\u00e9rence pour d\u00e9battre des derniers d\u00e9veloppements sur les plans national et international et des pr\u00e9paratifs des prochaines \u00e9lections .<\/p>\n\n\n\n<p>Concernant la question du Sahara, ils ont exprim\u00e9 leur rejet total de la d\u00e9cision de l\u2019Espagne d\u2019accueillir sur son sol le chef des s\u00e9paratistes, le d\u00e9nomm\u00e9 Brahim Ghali, accus\u00e9 de crimes de guerre, sous une fausse identit\u00e9, soulignant que cet acte inamical viole les conventions diplomatiques internationales ainsi que les r\u00e8gles de bon voisinage entre les peuples marocain et espagnol et les liens de coop\u00e9ration entre les deux pays.<\/p>\n\n\n\n<p>Les membres du bureau politique, qui ont suivi un expos\u00e9 du secr\u00e9taire g\u00e9n\u00e9ral sur les d\u00e9veloppements de la question nationale, se sont f\u00e9licit\u00e9s des r\u00e9sultats de la r\u00e9cente r\u00e9union du Conseil de s\u00e9curit\u00e9 de l\u2019ONU sur le Sahara, au cours de laquelle le Maroc a r\u00e9ussi \u00e0 mettre en \u00e9chec les man\u0153uvres des ennemis de son int\u00e9grit\u00e9 territoriale, soulignant que cette situation exige de toutes les forces vives de la Nation de poursuivre leur vigilance et leur mobilisation pour d\u00e9noncer et faire avorter toutes les man\u0153uvres ourdies contre l\u2019unit\u00e9 nationale du Royaume.<\/p>\n\n\n\n<p>Par ailleurs, et tout en rendant hommage aux efforts d\u00e9ploy\u00e9s par le Maroc sous la conduite du Roi Mohammed VI pour garantir l\u2019approvisionnement en doses suffisantes de vaccin contre le covid-19, le BP a exprim\u00e9 son \u00e9tonnement face au m\u00e9pris manifest\u00e9 par le gouvernement \u00e0 l\u2019\u00e9gard de la situation de millions de Marocains impact\u00e9s par le couvre-feu nocturne impos\u00e9 durant le mois de Ramadan.<\/p>\n\n\n\n<p>Au moment o\u00f9 l\u2019on s\u2019attendait \u00e0 l\u2019allocation d\u2019indemnit\u00e9s imm\u00e9diates au profit des employ\u00e9s des caf\u00e9s et restaurants affili\u00e9s \u00e0 la Caisse nationale de s\u00e9curit\u00e9 sociale et \u00e0 la recherche de solutions alternatives pour ceux qui ne sont pas immatricul\u00e9s \u00e0 cette caisse, pour subvenir aux besoins de centaines de milliers de familles s\u00e9v\u00e8rement touch\u00e9s par la pand\u00e9mie, le gouvernement a annonc\u00e9, par la voix de l\u2019un de ses ministres, le refus de soutenir tout le personnel du secteur, dans un geste provocateur \u00e0 l\u2019\u00e9gard du peuple marocain, a d\u00e9nonc\u00e9 le communiqu\u00e9 sanctionnant cette r\u00e9union.<\/p>\n\n\n\n<p>Concernant les relations ext\u00e9rieures, le BP du PAM a vivement salu\u00e9 les succ\u00e8s de la visite en Tunisie d\u2019une d\u00e9l\u00e9gation du parti, conduite par son secr\u00e9taire g\u00e9n\u00e9ral, pour consolider les liens de fraternit\u00e9 et les relations politiques solides avec les diff\u00e9rentes formations politiques et les groupes parlementaires de ce pays fr\u00e8re et renforcer le dialogue entre les acteurs politiques marocains et tunisiens, dans la perspective d\u2019\u00e9largir cette concertation \u00e0 tous les partis politiques maghr\u00e9bins, pour assurer le bien des peuples de la r\u00e9gion et sa stabilit\u00e9 et en vue de relever les multiples d\u00e9fis \u00e9conomiques, politiques et s\u00e9curitaires qui guettent le Maghreb.<\/p>\n\n\n\n<p>Les membres du bureau politique se sont en outre f\u00e9licit\u00e9s de la dynamique que connaissent les diff\u00e9rentes structures et organisations du parti sur l\u2019ensemble du territoire national et de l\u2019adh\u00e9sion unanime des militants au projet politique et soci\u00e9tal moderne du PAM, comme alternative \u00e0 la crise que vit le Maroc \u00e0 cause de la mauvaise gestion et de l\u2019improvisation du gouvernement.<\/p>\n\n\n\n<p>Source : Site Le PAM .ma<\/p>\n","protected":false},"excerpt":{"rendered":"<p>Le Bureau politique du PAM qui s\u2019est r\u00e9uni la semaine derni\u00e8re en pr\u00e9sentiel et en visioconf\u00e9rence pour d\u00e9battre des derniers d\u00e9veloppements sur les plans national et international et des pr\u00e9paratifs&hellip; <\/p>\n","protected":false},"author":87,"featured_media":8484,"comment_status":"open","ping_status":"closed","sticky":false,"template":"","format":"standard","meta":{"_bbp_topic_count":0,"_bbp_reply_count":0,"_bbp_total_topic_count":0,"_bbp_total_reply_count":0,"_bbp_voice_count":0,"_bbp_anonymous_reply_count":0,"_bbp_topic_count_hidden":0,"_bbp_reply_count_hidden":0,"_bbp_forum_subforum_count":0,"ngg_post_thumbnail":0},"categories":[99,108,100,112,114,107],"tags":[],"_links":{"self":[{"href":"https:\/\/maghreb-observateur.com\/index.php?rest_route=\/wp\/v2\/posts\/8483"}],"collection":[{"href":"https:\/\/maghreb-observateur.com\/index.php?rest_route=\/wp\/v2\/posts"}],"about":[{"href":"https:\/\/maghreb-observateur.com\/index.php?rest_route=\/wp\/v2\/types\/post"}],"author":[{"embeddable":true,"href":"https:\/\/maghreb-observateur.com\/index.php?rest_route=\/wp\/v2\/users\/87"}],"replies":[{"embeddable":true,"href":"https:\/\/maghreb-observateur.com\/index.php?rest_route=%2Fwp%2Fv2%2Fcomments&post=8483"}],"version-history":[{"count":2,"href":"https:\/\/maghreb-observateur.com\/index.php?rest_route=\/wp\/v2\/posts\/8483\/revisions"}],"predecessor-version":[{"id":8509,"href":"https:\/\/maghreb-observateur.com\/index.php?rest_route=\/wp\/v2\/posts\/8483\/revisions\/8509"}],"wp:featuredmedia":[{"embeddable":true,"href":"https:\/\/maghreb-observateur.com\/index.php?rest_route=\/wp\/v2\/media\/8484"}],"wp:attachment":[{"href":"https:\/\/maghreb-observateur.com\/index.php?rest_route=%2Fwp%2Fv2%2Fmedia&parent=8483"}],"wp:term":[{"taxonomy":"category","embeddable":true,"href":"https:\/\/maghreb-observateur.com\/index.php?rest_route=%2Fwp%2Fv2%2Fcategories&post=8483"},{"taxonomy":"post_tag","embeddable":true,"href":"https:\/\/maghreb-observateur.com\/index.php?rest_route=%2Fwp%2Fv2%2Ftags&post=8483"}],"curies":[{"name":"wp","href":"https:\/\/api.w.org\/{rel}","templated":true}]}}