{"id":8440,"date":"2021-05-04T06:06:03","date_gmt":"2021-05-04T11:06:03","guid":{"rendered":"https:\/\/maghreb-observateur.com\/?p=8440"},"modified":"2021-05-04T06:06:12","modified_gmt":"2021-05-04T11:06:12","slug":"brahim-ghali-devra-comparaitre-mercredi-devant-la-justice-espagnole","status":"publish","type":"post","link":"https:\/\/maghreb-observateur.com\/?p=8440","title":{"rendered":"Brahim Ghali devra compara\u00eetre mercredi devant la justice espagnole"},"content":{"rendered":"\n<figure class=\"wp-block-image\"><img decoding=\"async\" src=\"https:\/\/www.afrik.com\/wp-content\/uploads\/2021\/04\/brahim-ghali-ok-1200x675.jpg\" alt=\"Maroc : le Parlement examine l'affaire Brahim Ghali\"\/><\/figure>\n\n\n\n<p>Le chef des s\u00e9paratistes du polisario, le d\u00e9nomme Brahim Ghali, admis actuellement dans un h\u00f4pital \u00e0 Logrono en Espagne, est cit\u00e9 \u00e0 compara\u00eetre devant la justice espagnole, mercredi prochain, pour une affaire d\u2019enl\u00e8vement et de tortures, a-t-on appris, lundi, aupr\u00e8s du plaignant.<\/p>\n\n\n\n<p>Cette convocation, qui fait suite \u00e0 une plainte d\u00e9pos\u00e9e par Fadel Breika, a \u00e9t\u00e9 confirm\u00e9e \u00e9galement par des sources judiciaires \u00e0 Madrid, cit\u00e9es par les m\u00e9dias locaux.<\/p>\n\n\n\n<p>Breika, dont la plainte a \u00e9t\u00e9 admise par la justice espagnole an avril dernier, accuse le chef des s\u00e9paratistes d\u2019\u00eatre le responsable de son enl\u00e8vement durant la p\u00e9riode allant du 18 juin 2019 au 10 novembre de la m\u00eame ann\u00e9e.<\/p>\n\n\n\n<p>\u00ab&nbsp;J\u2019ai \u00e9t\u00e9 enlev\u00e9 pendant presque cinq mois et tortur\u00e9 dans les ge\u00f4les des camps de Tindouf pour la simple raison d\u2019avoir r\u00e9clam\u00e9 la lumi\u00e8re sur le sort d\u2019Ahmed Khalid, kidnapp\u00e9 par les services secrets alg\u00e9riens depuis janvier 2019&nbsp;\u00bb, a confi\u00e9 Breika \u00e0 l\u2019agence MAP.<\/p>\n\n\n\n<p>En plus, a-t-il affirm\u00e9, \u00ab&nbsp;je d\u00e9non\u00e7ais dans les r\u00e9seaux sociaux l\u2019enr\u00f4lement d\u2019enfants soldats par le front polisario et les actes violents de ses dirigeants&nbsp;\u00bb.<\/p>\n\n\n\n<p>\u00ab&nbsp;A travers cette plainte et la comparution de ce criminel et d\u2019autres dirigeants du polisario, je r\u00e9clame que justice soit rendue \u00e0 toutes les victimes des atrocit\u00e9s du polisario&nbsp;\u00bb, a-t-il indiqu\u00e9.<\/p>\n\n\n\n<p>Le d\u00e9nomm\u00e9 Brahim Ghali, ayant \u00e9t\u00e9 accueilli par l\u2019Espagne sous une fausse identit\u00e9 alg\u00e9rienne et avec des papiers falsifi\u00e9s, fait l\u2019objet de plusieurs plaintes en Espagne pour viol, torture, g\u00e9nocide et enl\u00e8vement.<\/p>\n\n\n\n<p>Un mandat d\u2019arr\u00eat avait \u00e9t\u00e9 \u00e9mis \u00e0 son encontre par les autorit\u00e9s espagnoles en 2008. En 2013, il avait \u00e9t\u00e9 inculp\u00e9 par la justice espagnole.<\/p>\n\n\n\n<p><\/p>\n","protected":false},"excerpt":{"rendered":"<p>Le chef des s\u00e9paratistes du polisario, le d\u00e9nomme Brahim Ghali, admis actuellement dans un h\u00f4pital \u00e0 Logrono en Espagne, est cit\u00e9 \u00e0 compara\u00eetre devant la justice espagnole, mercredi prochain, pour&hellip; <\/p>\n","protected":false},"author":87,"featured_media":8441,"comment_status":"open","ping_status":"closed","sticky":false,"template":"","format":"standard","meta":{"_bbp_topic_count":0,"_bbp_reply_count":0,"_bbp_total_topic_count":0,"_bbp_total_reply_count":0,"_bbp_voice_count":0,"_bbp_anonymous_reply_count":0,"_bbp_topic_count_hidden":0,"_bbp_reply_count_hidden":0,"_bbp_forum_subforum_count":0,"ngg_post_thumbnail":0},"categories":[99,108,100,106],"tags":[],"_links":{"self":[{"href":"https:\/\/maghreb-observateur.com\/index.php?rest_route=\/wp\/v2\/posts\/8440"}],"collection":[{"href":"https:\/\/maghreb-observateur.com\/index.php?rest_route=\/wp\/v2\/posts"}],"about":[{"href":"https:\/\/maghreb-observateur.com\/index.php?rest_route=\/wp\/v2\/types\/post"}],"author":[{"embeddable":true,"href":"https:\/\/maghreb-observateur.com\/index.php?rest_route=\/wp\/v2\/users\/87"}],"replies":[{"embeddable":true,"href":"https:\/\/maghreb-observateur.com\/index.php?rest_route=%2Fwp%2Fv2%2Fcomments&post=8440"}],"version-history":[{"count":1,"href":"https:\/\/maghreb-observateur.com\/index.php?rest_route=\/wp\/v2\/posts\/8440\/revisions"}],"predecessor-version":[{"id":8442,"href":"https:\/\/maghreb-observateur.com\/index.php?rest_route=\/wp\/v2\/posts\/8440\/revisions\/8442"}],"wp:featuredmedia":[{"embeddable":true,"href":"https:\/\/maghreb-observateur.com\/index.php?rest_route=\/wp\/v2\/media\/8441"}],"wp:attachment":[{"href":"https:\/\/maghreb-observateur.com\/index.php?rest_route=%2Fwp%2Fv2%2Fmedia&parent=8440"}],"wp:term":[{"taxonomy":"category","embeddable":true,"href":"https:\/\/maghreb-observateur.com\/index.php?rest_route=%2Fwp%2Fv2%2Fcategories&post=8440"},{"taxonomy":"post_tag","embeddable":true,"href":"https:\/\/maghreb-observateur.com\/index.php?rest_route=%2Fwp%2Fv2%2Ftags&post=8440"}],"curies":[{"name":"wp","href":"https:\/\/api.w.org\/{rel}","templated":true}]}}