{"id":4172,"date":"2021-11-02T10:01:52","date_gmt":"2021-11-02T15:01:52","guid":{"rendered":"http:\/\/www.maghreb-observateur.com\/?p=4172"},"modified":"2021-11-02T12:24:33","modified_gmt":"2021-11-02T17:24:33","slug":"la-participation-des-citoyens-marocains-de-letranger-dans-les-legislatives-du-25-novembre","status":"publish","type":"post","link":"https:\/\/maghreb-observateur.com\/?p=4172","title":{"rendered":"La participation des Citoyens Marocains de l\u2019Etranger dans les l\u00e9gislatives du 25 novembre . ( C&#8217;\u00e9tait il y a dix ans )"},"content":{"rendered":"\n<figure class=\"wp-block-image size-large\"><a href=\"https:\/\/maghreb-observateur.com\/wp-content\/uploads\/2011\/08\/MRE-VOTE.jpg\" rel=\"shadowbox[sbpost-4172];player=img;\"><img decoding=\"async\" loading=\"lazy\" width=\"565\" height=\"334\" src=\"https:\/\/maghreb-observateur.com\/wp-content\/uploads\/2011\/08\/MRE-VOTE.jpg\" alt=\"\" class=\"wp-image-11569\" srcset=\"https:\/\/maghreb-observateur.com\/wp-content\/uploads\/2011\/08\/MRE-VOTE.jpg 565w, https:\/\/maghreb-observateur.com\/wp-content\/uploads\/2011\/08\/MRE-VOTE-300x177.jpg 300w\" sizes=\"(max-width: 565px) 100vw, 565px\" \/><\/a><\/figure>\n\n\n\n<p><strong>En guise de cl\u00f4ture, les participants, d\u00e9noncent la campagne visible \u00e0 l\u2019\u0153il nue, que m\u00e8nent les responsables du Conseil de la Communaut\u00e9 Marocaine de l\u2019Etranger \u00abCCME\u00bb contre la d\u00e9putation des CME et demandent de red\u00e9finir ses comp\u00e9tences, son fonctionnement, sa composition et son encrage pour lui donner un statut constitutionnel permanent. <\/strong><\/p>\n\n\n\n<!--more-->\n\n\n\n<p class=\"has-text-align-left\">Suite au m\u00e9morandum adress\u00e9 aux institutions, charg\u00e9es de la gestion du dossier CME, aux Partis politiques et Syndicats ainsi qu\u2019au Cabinet Royal, le Mouvement NOUVEL \u00c9LAN \u00abM.O.N.E\u00bb a tenu ce mercredi 24 Ao\u00fbt 2011 \u00e0 Rabat, une conf\u00e9rence de presse sur la question de l\u2019implication des Citoyens Marocains de l\u2019Etranger \u00abCME\u00bb dans le champ politique.<\/p>\n\n\n\n<p class=\"has-text-align-left\">Ont pris part \u00e0 cette conf\u00e9rence un certain nombre d\u2019acteurs de la vie politique, parmi lesquels les repr\u00e9sentant de Partis politiques ainsi que les repr\u00e9sentants de la soci\u00e9t\u00e9 civile du Maroc, de France, d\u2019Italie et d\u2019Allemagne et certains chercheurs universitaires.<\/p>\n\n\n\n<p class=\"has-text-align-left\">Tout en rappelant la constitutionnalisation de la d\u00e9putation des Citoyens Marocains de l\u2019Etranger, \u00e9valu\u00e9s actuellement \u00e0 quelques cinq millions de personnes, les participants \u00e0 cette conf\u00e9rence, ont d\u00e9battu principalement sur la question \u00e9pineuse de la participation des Citoyens Marocains de l\u2019Etranger \u00ab CME \u00bb dans les l\u00e9gislatives du 25 novembre prochain.<\/p>\n\n\n\n<p class=\"has-text-align-left\">D\u2019autant plus que le Souverain a appel\u00e9 dans son discours du 20 Ao\u00fbt dernier \u00e0 la \u00abmise en \u0153uvre optimale des dispositions de la nouvelle loi fondamentale\u00bb. Mais force est constater que ni la premi\u00e8re ni la deuxi\u00e8me monture de la loi organique relative \u00e0 la Chambre des repr\u00e9sentants, propos\u00e9e par le Ministre de l\u2019int\u00e9rieur aux formations politiques, ne prend en consid\u00e9ration la d\u00e9putation des CME, malgr\u00e9 que ce droit soit constitutionalis\u00e9.<\/p>\n\n\n\n<p class=\"has-text-align-left\">Les participants estiment qu\u2019un tel \u00abreport\u00bb n\u2019a plus raisons d\u2019\u00eatre, puisque le r\u00e9f\u00e9rendum du 1er juillet, a d\u00e9montr\u00e9 que l\u2019organisation des \u00e9lections en dehors des fronti\u00e8res nationales ne pose aucun probl\u00e8me. Il ne s\u2019agit donc que d\u2019une volont\u00e9 politique.<\/p>\n\n\n\n<p class=\"has-text-align-left\">Tout en rejetant la proposition de vote par procuration, estimant que le vote est une affaire individuelle, secr\u00e8te et souveraine, les participants \u00e0 cette conf\u00e9rence demandent, que faute d\u2019ouvrir des circonscriptions dans les pays de r\u00e9sidence, d\u2019inclure les Citoyens Marocains de l\u2019Etranger dans la liste nationale aux cot\u00e9s des femmes et des jeunes. Ils demandent, d\u2019\u00e9largir cette liste \u00e0 90 personnes au lieu de 75 propos\u00e9 par le minist\u00e8re de l\u2019int\u00e9rieur pour permettre \u00e0 une petite trentaine de CME d\u2019\u00eatre \u00e9lus sur celle-ci.<\/p>\n\n\n\n<p class=\"has-text-align-left\">En effet, si l&#8217;instauration de la liste des femmes en 2002 r\u00e9pondait \u00e0 un objectif de discrimination positive, celle des CME r\u00e9pondrait \u00e0 la n\u00e9cessit\u00e9 de les r\u00e9tablir dans leur droit constitutionnel en les int\u00e9grant pour cette fois-ci dans la liste nationale aux cot\u00e9 des femmes et des jeunes.<\/p>\n\n\n\n<p class=\"has-text-align-left\">Enfin, les participants proposent qu\u2019\u00e0 l\u2019occasion de la tenue d\u2019une cession extraordinaire de la chambre des repr\u00e9sentant pour l\u2019adoption de la loi organique, d\u2019organiser un d\u00e9bat national autour de cette question en faisant participer les partis politiques, les centrales syndicales et une large majorit\u00e9 des ONG de la communaut\u00e9 et principalement celles qui ont manifest\u00e9 leur int\u00e9r\u00eat en adressant en son temps des propositions \u00e0 la commission consultative pour la r\u00e9forme constitutionnelle \u00abCCRC\u00bb.<\/p>\n\n\n\n<p class=\"has-text-align-left\">En guise de cl\u00f4ture, les participants, d\u00e9noncent la campagne visible \u00e0 l\u2019\u0153il nue, que m\u00e8nent les responsables du Conseil de la Communaut\u00e9 Marocaine de l\u2019Etranger \u00abCCME\u00bb contre la d\u00e9putation des CME et demandent de red\u00e9finir ses comp\u00e9tences, son fonctionnement, sa composition et son encrage pour lui donner un statut constitutionnel permanent.<\/p>\n\n\n\n<p class=\"has-text-align-left\">Rabat, le 25 ao\u00fbt 2011<\/p>\n\n\n\n<p class=\"has-text-align-left\">Said Charchira ,Porte-parole<\/p>\n\n\n\n<p><script type=\"text\/javascript\"><!--\ngoogle_ad_client = \"ca-pub-5994034242717318\";\n\/* horipet *\/\ngoogle_ad_slot = \"7579281014\";\ngoogle_ad_width = 468;\ngoogle_ad_height = 60;\n\/\/--><br \/>\n<\/script><br><script type=\"text\/javascript\" src=\"http:\/\/pagead2.googlesyndication.com\/pagead\/show_ads.js\"><br \/>\n<\/script><\/p>\n\n\n\n<p><script src=\"http:\/\/connect.facebook.net\/en_US\/all.js#xfbml=1\"><\/script><\/p>\n","protected":false},"excerpt":{"rendered":"<p>En guise de cl\u00f4ture, les participants, d\u00e9noncent la campagne visible \u00e0 l\u2019\u0153il nue, que m\u00e8nent les responsables du Conseil de la Communaut\u00e9 Marocaine de l\u2019Etranger \u00abCCME\u00bb contre la d\u00e9putation des&hellip; <\/p>\n","protected":false},"author":1,"featured_media":11569,"comment_status":"open","ping_status":"closed","sticky":false,"template":"","format":"standard","meta":{"_bbp_topic_count":0,"_bbp_reply_count":0,"_bbp_total_topic_count":0,"_bbp_total_reply_count":0,"_bbp_voice_count":0,"_bbp_anonymous_reply_count":0,"_bbp_topic_count_hidden":0,"_bbp_reply_count_hidden":0,"_bbp_forum_subforum_count":0,"ngg_post_thumbnail":0},"categories":[99,113,204],"tags":[],"_links":{"self":[{"href":"https:\/\/maghreb-observateur.com\/index.php?rest_route=\/wp\/v2\/posts\/4172"}],"collection":[{"href":"https:\/\/maghreb-observateur.com\/index.php?rest_route=\/wp\/v2\/posts"}],"about":[{"href":"https:\/\/maghreb-observateur.com\/index.php?rest_route=\/wp\/v2\/types\/post"}],"author":[{"embeddable":true,"href":"https:\/\/maghreb-observateur.com\/index.php?rest_route=\/wp\/v2\/users\/1"}],"replies":[{"embeddable":true,"href":"https:\/\/maghreb-observateur.com\/index.php?rest_route=%2Fwp%2Fv2%2Fcomments&post=4172"}],"version-history":[{"count":3,"href":"https:\/\/maghreb-observateur.com\/index.php?rest_route=\/wp\/v2\/posts\/4172\/revisions"}],"predecessor-version":[{"id":11577,"href":"https:\/\/maghreb-observateur.com\/index.php?rest_route=\/wp\/v2\/posts\/4172\/revisions\/11577"}],"wp:featuredmedia":[{"embeddable":true,"href":"https:\/\/maghreb-observateur.com\/index.php?rest_route=\/wp\/v2\/media\/11569"}],"wp:attachment":[{"href":"https:\/\/maghreb-observateur.com\/index.php?rest_route=%2Fwp%2Fv2%2Fmedia&parent=4172"}],"wp:term":[{"taxonomy":"category","embeddable":true,"href":"https:\/\/maghreb-observateur.com\/index.php?rest_route=%2Fwp%2Fv2%2Fcategories&post=4172"},{"taxonomy":"post_tag","embeddable":true,"href":"https:\/\/maghreb-observateur.com\/index.php?rest_route=%2Fwp%2Fv2%2Ftags&post=4172"}],"curies":[{"name":"wp","href":"https:\/\/api.w.org\/{rel}","templated":true}]}}