{"id":23590,"date":"2023-12-28T10:45:45","date_gmt":"2023-12-28T15:45:45","guid":{"rendered":"https:\/\/maghreb-observateur.com\/?p=23590"},"modified":"2023-12-28T10:45:45","modified_gmt":"2023-12-28T15:45:45","slug":"alertes-a-la-bombe-un-individu-arrete-au-maroc-accuse-au-canada","status":"publish","type":"post","link":"https:\/\/maghreb-observateur.com\/?p=23590","title":{"rendered":"Alertes \u00e0 la bombe\u00a0:\u00a0un individu arr\u00eat\u00e9 au Maroc accus\u00e9 au Canada"},"content":{"rendered":"\n<figure class=\"wp-block-image size-full\"><a href=\"https:\/\/maghreb-observateur.com\/wp-content\/uploads\/2023\/12\/photoArticle23590.jpg\" rel=\"shadowbox[sbpost-23590];player=img;\"><img decoding=\"async\" loading=\"lazy\" width=\"803\" height=\"454\" src=\"https:\/\/maghreb-observateur.com\/wp-content\/uploads\/2023\/12\/photoArticle23590.jpg\" alt=\"La PPO consulte le minist\u00e8re f\u00e9d\u00e9ral de la Justice pour d\u00e9terminer comment l\u2019accus\u00e9 compara\u00eetra devant la Cour de justice de l'Ontario. (Photo d'archives)\n\nPHOTO : (CBC)\" class=\"wp-image-23591\" srcset=\"https:\/\/maghreb-observateur.com\/wp-content\/uploads\/2023\/12\/photoArticle23590.jpg 803w, https:\/\/maghreb-observateur.com\/wp-content\/uploads\/2023\/12\/photoArticle23590-300x170.jpg 300w, https:\/\/maghreb-observateur.com\/wp-content\/uploads\/2023\/12\/photoArticle23590-768x434.jpg 768w\" sizes=\"(max-width: 803px) 100vw, 803px\" \/><\/a><\/figure>\n\n\n\n<p class=\"has-small-font-size\">La PPO consulte le minist\u00e8re f\u00e9d\u00e9ral de la Justice pour d\u00e9terminer comment l\u2019accus\u00e9 compara\u00eetra devant la Cour de justice de l&#8217;Ontario. (Photo d&#8217;archives)<\/p>\n\n\n\n<p class=\"has-small-font-size\">PHOTO : (CBC)<\/p>\n\n\n\n<p>Radio-Canada<\/p>\n\n\n\n<p>Publi\u00e9 hier \u00e0&nbsp;12&nbsp;h&nbsp;37&nbsp;HNE<\/p>\n\n\n\n<p>La Police provinciale de l&#8217;Ontario (PPO) affirme qu&#8217;un suspect arr\u00eat\u00e9 au Maroc relativement \u00e0 des alertes \u00e0 la bombe en Belgique fait maintenant face \u00e0 des accusations dans des incidents similaires en Ontario. Le suspect fait face \u00e0 six chefs d\u2019accusation.<\/p>\n\n\n\n<p>Le 1er&nbsp;novembre, plusieurs \u00e9coles et autres \u00e9tablissements publics ont re\u00e7u des messages de menace indiquant que des bombes avaient \u00e9t\u00e9 plac\u00e9es dans leurs locaux. Les menaces comprenaient \u00e9galement une demande d&#8217;argent en \u00e9change de d\u00e9tails sur les pr\u00e9tendus explosifs. Aucun explosif n&#8217;a jamais \u00e9t\u00e9 trouv\u00e9.<\/p>\n\n\n\n<p>Une enqu\u00eate a \u00e9t\u00e9 ouverte par le service des enqu\u00eates criminelles en \u00e9troite collaboration avec l&#8217;\u00e9quipe d&#8217;enqu\u00eate sur la cybercriminalit\u00e9 de la PPO et la police belge. Un mandat d&#8217;arr\u00eat a \u00e9t\u00e9 d\u00e9livr\u00e9 \u00e0 l&#8217;issue de l&#8217;enqu\u00eate.<\/p>\n\n\n\n<p>L&#8217;homme de 45\u00a0ans fait face \u00e0 six chefs d\u2019accusation pour avoir prof\u00e9r\u00e9 des menaces, pour m\u00e9faits et pour extorsion.<\/p>\n\n\n\n<p><\/p>\n\n\n\n<p>Source : <a href=\"https:\/\/ici.radio-canada.ca\/nouvelle\/2037735\/accusations-chefs-menaces-explosifs-ecole\" target=\"_blank\" rel=\"noreferrer noopener\">Radio-Canada<\/a><\/p>\n","protected":false},"excerpt":{"rendered":"<p>La PPO consulte le minist\u00e8re f\u00e9d\u00e9ral de la Justice pour d\u00e9terminer comment l\u2019accus\u00e9 compara\u00eetra devant la Cour de justice de l&#8217;Ontario. (Photo d&#8217;archives) PHOTO : (CBC) Radio-Canada Publi\u00e9 hier \u00e0&nbsp;12&nbsp;h&nbsp;37&nbsp;HNE&hellip; <\/p>\n","protected":false},"author":87,"featured_media":23591,"comment_status":"closed","ping_status":"closed","sticky":false,"template":"","format":"standard","meta":{"_bbp_topic_count":0,"_bbp_reply_count":0,"_bbp_total_topic_count":0,"_bbp_total_reply_count":0,"_bbp_voice_count":0,"_bbp_anonymous_reply_count":0,"_bbp_topic_count_hidden":0,"_bbp_reply_count_hidden":0,"_bbp_forum_subforum_count":0,"ngg_post_thumbnail":0},"categories":[1],"tags":[],"_links":{"self":[{"href":"https:\/\/maghreb-observateur.com\/index.php?rest_route=\/wp\/v2\/posts\/23590"}],"collection":[{"href":"https:\/\/maghreb-observateur.com\/index.php?rest_route=\/wp\/v2\/posts"}],"about":[{"href":"https:\/\/maghreb-observateur.com\/index.php?rest_route=\/wp\/v2\/types\/post"}],"author":[{"embeddable":true,"href":"https:\/\/maghreb-observateur.com\/index.php?rest_route=\/wp\/v2\/users\/87"}],"replies":[{"embeddable":true,"href":"https:\/\/maghreb-observateur.com\/index.php?rest_route=%2Fwp%2Fv2%2Fcomments&post=23590"}],"version-history":[{"count":1,"href":"https:\/\/maghreb-observateur.com\/index.php?rest_route=\/wp\/v2\/posts\/23590\/revisions"}],"predecessor-version":[{"id":23593,"href":"https:\/\/maghreb-observateur.com\/index.php?rest_route=\/wp\/v2\/posts\/23590\/revisions\/23593"}],"wp:featuredmedia":[{"embeddable":true,"href":"https:\/\/maghreb-observateur.com\/index.php?rest_route=\/wp\/v2\/media\/23591"}],"wp:attachment":[{"href":"https:\/\/maghreb-observateur.com\/index.php?rest_route=%2Fwp%2Fv2%2Fmedia&parent=23590"}],"wp:term":[{"taxonomy":"category","embeddable":true,"href":"https:\/\/maghreb-observateur.com\/index.php?rest_route=%2Fwp%2Fv2%2Fcategories&post=23590"},{"taxonomy":"post_tag","embeddable":true,"href":"https:\/\/maghreb-observateur.com\/index.php?rest_route=%2Fwp%2Fv2%2Ftags&post=23590"}],"curies":[{"name":"wp","href":"https:\/\/api.w.org\/{rel}","templated":true}]}}