{"id":23521,"date":"2023-12-11T07:23:21","date_gmt":"2023-12-11T12:23:21","guid":{"rendered":"https:\/\/maghreb-observateur.com\/?p=23521"},"modified":"2023-12-11T14:07:24","modified_gmt":"2023-12-11T19:07:24","slug":"genocide-gaza-ces-medias-francais-qui-participent-et-cautionnent-un-genocide-et-une-terrible-tragedie-a-gaza","status":"publish","type":"post","link":"https:\/\/maghreb-observateur.com\/?p=23521","title":{"rendered":"Genocide\/Gaza : Ces m\u00e9dias Fran\u00e7ais qui participent et cautionnent un genocide et une terrible trag\u00e9die \u00e0 GAZA"},"content":{"rendered":"\n<figure class=\"wp-block-image size-large\"><a href=\"https:\/\/maghreb-observateur.com\/wp-content\/uploads\/2021\/08\/Depositphotos_138845832_xl-2015-scaled.jpg\" rel=\"shadowbox[sbpost-23521];player=img;\"><img decoding=\"async\" loading=\"lazy\" width=\"1024\" height=\"727\" src=\"https:\/\/maghreb-observateur.com\/wp-content\/uploads\/2021\/08\/Depositphotos_138845832_xl-2015-1024x727.jpg\" alt=\"\" class=\"wp-image-10416\" srcset=\"https:\/\/maghreb-observateur.com\/wp-content\/uploads\/2021\/08\/Depositphotos_138845832_xl-2015-1024x727.jpg 1024w, https:\/\/maghreb-observateur.com\/wp-content\/uploads\/2021\/08\/Depositphotos_138845832_xl-2015-300x213.jpg 300w, https:\/\/maghreb-observateur.com\/wp-content\/uploads\/2021\/08\/Depositphotos_138845832_xl-2015-768x545.jpg 768w\" sizes=\"(max-width: 1024px) 100vw, 1024px\" \/><\/a><\/figure>\n\n\n\n<h2 class=\"wp-block-heading\"><br>Des histoires d\u00e9chirantes invisibilis\u00e9es<\/h2>\n\n\n\n<p>Il est tr\u00e8s difficile pour ne pas dire impossible de trouver un reportage, un titre, un bandeau d&#8217;information qui traite de l&#8217;enfance palestinienne. Celle-ci paye pourtant un tribut extr\u00eamement lourd, et constitue un sujet \u00e0 part enti\u00e8re dans cette terrible trag\u00e9die.<\/p>\n\n\n\n<p>Sur les cha\u00eenes d&#8217;information fran\u00e7aises en continu, on n\u2019a pas vu l&#8217;histoire et le visage de Mohammed Nazzal, qui affirme avoir \u00e9t\u00e9 frapp\u00e9 en prison, juste avant sa lib\u00e9ration, par ses ge\u00f4liers avec des barres en m\u00e9tal jusqu&#8217;\u00e0 subir une fracture et des contusions. Ses dires ont \u00e9t\u00e9 confirm\u00e9s par le service&nbsp;<a rel=\"noreferrer noopener\" href=\"https:\/\/www.liberation.fr\/checknews\/un-adolescent-palestinien-denonce-des-violences-lors-de-sa-detention-israel-denonce-une-manipulation-20231202_742C4EDRGNC2TCPORVPZNNM4RE\/\" target=\"_blank\">Checknews<\/a>&nbsp;du journal&nbsp;<em>Lib\u00e9ration<\/em>. Sur les cha\u00eenes infos fran\u00e7aises, la torture d&#8217;enfants palestiniens semble \u00eatre un tabou.<\/p>\n\n\n\n<figure class=\"wp-block-image size-full\"><a href=\"https:\/\/maghreb-observateur.com\/wp-content\/uploads\/2023\/11\/museler.jpeg\" rel=\"shadowbox[sbpost-23521];player=img;\"><img decoding=\"async\" loading=\"lazy\" width=\"350\" height=\"271\" src=\"https:\/\/maghreb-observateur.com\/wp-content\/uploads\/2023\/11\/museler.jpeg\" alt=\"\" class=\"wp-image-23095\" srcset=\"https:\/\/maghreb-observateur.com\/wp-content\/uploads\/2023\/11\/museler.jpeg 350w, https:\/\/maghreb-observateur.com\/wp-content\/uploads\/2023\/11\/museler-300x232.jpeg 300w\" sizes=\"(max-width: 350px) 100vw, 350px\" \/><\/a><\/figure>\n\n\n\n<p>On n\u2019a pas vu non plus les visages de Bassem et Adam,&nbsp;<a href=\"https:\/\/www.liberation.fr\/checknews\/deux-enfants-palestiniens-de-8-et-15-ans-ont-ete-tues-par-larmee-israelienne-a-jenine-selon-le-ministere-de-la-sante-palestinien-20231129_HPWMA7G5HJFI7N5T4Y6D2IIUW4\/\" target=\"_blank\" rel=\"noreferrer noopener\">ex\u00e9cut\u00e9s de sang-froid<\/a>&nbsp;par un sniper de l&#8217;arm\u00e9e isra\u00e9lienne en Cisjordanie, le 19 novembre 2023. Pourtant, ces meurtres ont \u00e9t\u00e9 enregistr\u00e9s par une cam\u00e9ra de vid\u00e9osurveillance et diffus\u00e9 dans d&#8217;autres m\u00e9dias \u00e9trangers. Dans nos journaux t\u00e9l\u00e9vis\u00e9s, un double meurtre film\u00e9 de jeunes enfants palestiniens semble \u00eatre un&nbsp;<em>\u00ab non sujet \u00bb<\/em>.<\/p>\n\n\n\n<p>On n\u2019a pas vu la lib\u00e9ration du jeune Qassam, ni ses retrouvailles poignantes avec son p\u00e8re qui ne le reconna\u00eet pas \u00e0 cause de sa perte de poids.&nbsp;<em>\u00ab O\u00f9 est pass\u00e9 ton poids ? Ils ne te nourrissaient pas ? \u00bb<\/em>, lui demandera son p\u00e8re.&nbsp;<em>\u00ab Nous avons \u00e9t\u00e9 priv\u00e9s de tout \u00bb<\/em>, r\u00e9pondra-t-il.<\/p>\n\n\n\n<p>On n\u2019a pas vu la jeune Alma, 13 ans, parler aux secouristes dans une vid\u00e9o, alors qu&#8217;elle et sa famille sont coinc\u00e9s sous les d\u00e9combres suite \u00e0 un bombardement \u00e0 Gaza. Elle ne veut pas \u00eatre sauv\u00e9e la premi\u00e8re et demande aux secouristes :&nbsp;<em>\u00ab Aidez-mes parents, mes fr\u00e8res et s\u0153urs et mes grands-parents d&#8217;abord. \u00bb<\/em>&nbsp;Son courage et sa bravoure qui d\u00e9chirent le c\u0153ur ont tout simplement \u00e9t\u00e9 occult\u00e9s dans nos m\u00e9dias.<\/p>\n\n\n\n<p>Des images gla\u00e7antes montrant des enfants qui tentent de ramasser de l&#8217;eau de pluie \u00e0 m\u00eame le sol et sur les routes afin d\u2019\u00e9tancher leur soif sont absentes de nos m\u00e9dias. Des vid\u00e9os tragiques montrant des corps inertes d&#8217;enfants, de leurs bras ou de leurs jambes qui d\u00e9passent des d\u00e9combres \u00e0 Gaza ne sont pas diffus\u00e9es, m\u00eame en \u00e9tant flout\u00e9es. Seules des vues a\u00e9riennes de b\u00e2timents effondr\u00e9s sont diffus\u00e9es, laissant croire \u00e0 de simples d\u00e9g\u00e2ts mat\u00e9riels. Pas d&#8217;\u00e9vocation non plus des b\u00e9b\u00e9s pr\u00e9matur\u00e9s qui sont morts dans l\u2019h\u00f4pital d\u2019Al-Nasr de Gaza suite aux coupures d&#8217;\u00e9lectricit\u00e9 et \u00e0 l&#8217;\u00e9vacuation forc\u00e9e de l\u2019\u00e9tablissement par l&#8217;arm\u00e9e isra\u00e9lienne. Les images de cette barbarie sans nom sont pourtant confirm\u00e9es et accessibles.<\/p>\n\n\n\n<p>Les immenses s\u00e9quelles post-traumatiques que la quasi-totalit\u00e9 des enfants palestiniens devront trainer toute leur vie \u00e0 cause des cruaut\u00e9s et des sauvageries auxquelles ils sont expos\u00e9s ne semblent faire l\u2019objet d\u2019aucun d\u00e9bat.<\/p>\n\n\n\n<p>Une petite enqu\u00eate d\u2019Al Jazeera anglais a permis de mieux comprendre ce qui se passe dans les rouages de certains titres influents du paysage m\u00e9diatique fran\u00e7ais.<\/p>\n\n\n\n<p>L\u2019enqu\u00eate s\u2019est int\u00e9ress\u00e9e particuli\u00e8rement \u00e0 BFMTV, premi\u00e8re cha\u00eene d\u2019informations en France. Il en ressort que depuis le d\u00e9but de la guerre, la cha\u00eene utilise comme principale source les contenus de la cha\u00eene isra\u00e9lienne i24 News, proche du gouvernement de Benyamin Netanyahou.<\/p>\n\n\n\n<p>Or, il se trouve que BFM et i24 News ont le m\u00eame propri\u00e9taire, le milliardaire franco-isra\u00e9lien Patrick Drahi. Par exemple, le journaliste qui fait \u00e9tat sur la cha\u00eene fran\u00e7aise de 40 enfants tu\u00e9s au premier jour de l\u2019attaque ne travaille pas pour BFM mais pour i24 News.<\/p>\n\n\n\n<figure class=\"wp-block-embed is-type-rich is-provider-twitter wp-block-embed-twitter\"><div class=\"wp-block-embed__wrapper\">\n<blockquote class=\"twitter-tweet\" data-width=\"550\" data-dnt=\"true\"><p lang=\"fr\" dir=\"ltr\">Rony Brauman: \u00ab Je n&#39;entends jamais que l&#39;autre partie (Palestiniens) a le droit de se d\u00e9fendre. Il y a un occupant et un occup\u00e9 (&#8230;) J&#39;insiste sur le fait que le droit de se d\u00e9fendre contre une oppression, contre une occupation est un droit reconnu. Il n&#39;est jamais rappel\u00e9 \u00bb <a href=\"https:\/\/t.co\/0oJRc1MaKx\">pic.twitter.com\/0oJRc1MaKx<\/a><\/p>&mdash; Oumma.com (@oumma) <a href=\"https:\/\/twitter.com\/oumma\/status\/1730232030435176625?ref_src=twsrc%5Etfw\">November 30, 2023<\/a><\/blockquote><script async src=\"https:\/\/platform.twitter.com\/widgets.js\" charset=\"utf-8\"><\/script>\n<\/div><\/figure>\n\n\n\n<h2 class=\"wp-block-heading\">Ces m\u00e9dias Fran\u00e7ais participent \u00e0 pr\u00e9cipiter \u00ab l&#8217;heure la plus sombre de l&#8217;humanit\u00e9 \u00bb<\/h2>\n\n\n\n<p>Par ce silence, de nombreux responsables politiques ont une perception biais\u00e9e de la situation au Proche-Orient. Leur approche et leurs d\u00e9clarations semblent en d\u00e9calage face \u00e0 la gravit\u00e9 de la situation et \u00e0 la r\u00e9alit\u00e9 du terrain. Malgr\u00e9 les milliers de victimes civils dont des enfants en majorit\u00e9, malgr\u00e9 les nombreuses violations du droit international et les alertes des ONG sur des risques g\u00e9nocidaires, ces hommes politiques continuent de p\u00e9rorer qu\u2019Isra\u00ebl a le droit de se d\u00e9fendre.<\/p>\n\n\n\n<p>La majotit\u00e9 des m\u00e9dias Fran\u00e7ais , comme la majotit\u00e9 des responsables politiques, font d\u00e9sormais l\u2019objet de critiques acerbes dans de nombreux cercles mondiaux pour leur approche, accus\u00e9s de racisme et de d\u00e9fiance \u00e0 l&#8217;\u00e9gard de tous les principes qui fondent la d\u00e9mocratie. Une circonstance aggravante et de taille s&#8217;ajoute \u00e0 cela : la France est sens\u00e9e \u00eatre, aux yeux du monde, la&nbsp;<em>\u00ab patrie des droits de l&#8217;Homme \u00bb<\/em>.<\/p>\n\n\n\n<p>Ces critiques internationales, devaient \u00e9tre entendues et regard\u00e9es avec humilit\u00e9 pour que les valeurs et principes que la France pr\u00e9tend d\u00e9fendre ne se r\u00e9duisent \u00e0 des slogans vides de sens.<\/p>\n\n\n\n<p>Le 5 d\u00e9cembre 2023,&nbsp;<a rel=\"noreferrer noopener\" href=\"https:\/\/www.saphirnews.com\/Trop-c-est-trop--les-agences-de-l-ONU-exigent-un-cessez-le-feu-humanitaire-immediat-a-Gaza_a29936.html\" target=\"_blank\">l&#8217;Organisation mondiale de la Sant\u00e9 (OMS)<\/a>&nbsp;a alert\u00e9 sur le fait qu&#8217;\u00e0 Gaza, la situation \u00e9tait&nbsp;<em>\u00ab proche de l&#8217;heure la plus sombre de l&#8217;humanit\u00e9 \u00bb<\/em>. Nul doute que les m\u00e9dias Fran\u00e7ais, par leur silence et cette occultation, participent pleinement \u00e0 pr\u00e9cipiter cette heure sombre.<\/p>\n\n\n\n<figure class=\"wp-block-embed is-type-rich is-provider-twitter wp-block-embed-twitter\"><div class=\"wp-block-embed__wrapper\">\n<blockquote class=\"twitter-tweet\" data-width=\"550\" data-dnt=\"true\"><p lang=\"fr\" dir=\"ltr\">?\u27a1\ufe0f AlJazeera <a href=\"https:\/\/twitter.com\/AJEnglish?ref_src=twsrc%5Etfw\">@AJEnglish<\/a>  d\u00e9masque le traitement m\u00e9diatique fran\u00e7ais sur les massacres de l&#39;occupation isra\u00e9lienne \u00e0 Gaza et en Cisjordanie occup\u00e9e .<br><br>Traduction r\u00e9alis\u00e9e par <a href=\"https:\/\/twitter.com\/caissesdegreve?ref_src=twsrc%5Etfw\">@caissesdegreve<\/a> <a href=\"https:\/\/t.co\/5i6RFPhh7y\">pic.twitter.com\/5i6RFPhh7y<\/a><\/p>&mdash; Break News (@BreakNewsFrance) <a href=\"https:\/\/twitter.com\/BreakNewsFrance\/status\/1731760692154204385?ref_src=twsrc%5Etfw\">December 4, 2023<\/a><\/blockquote><script async src=\"https:\/\/platform.twitter.com\/widgets.js\" charset=\"utf-8\"><\/script>\n<\/div><\/figure>\n","protected":false},"excerpt":{"rendered":"<p>Des histoires d\u00e9chirantes invisibilis\u00e9es Il est tr\u00e8s difficile pour ne pas dire impossible de trouver un reportage, un titre, un bandeau d&#8217;information qui traite de l&#8217;enfance palestinienne. Celle-ci paye pourtant&hellip; <\/p>\n","protected":false},"author":83,"featured_media":8772,"comment_status":"open","ping_status":"closed","sticky":false,"template":"","format":"standard","meta":{"_bbp_topic_count":0,"_bbp_reply_count":0,"_bbp_total_topic_count":0,"_bbp_total_reply_count":0,"_bbp_voice_count":0,"_bbp_anonymous_reply_count":0,"_bbp_topic_count_hidden":0,"_bbp_reply_count_hidden":0,"_bbp_forum_subforum_count":0,"ngg_post_thumbnail":0},"categories":[99,193,103],"tags":[],"_links":{"self":[{"href":"https:\/\/maghreb-observateur.com\/index.php?rest_route=\/wp\/v2\/posts\/23521"}],"collection":[{"href":"https:\/\/maghreb-observateur.com\/index.php?rest_route=\/wp\/v2\/posts"}],"about":[{"href":"https:\/\/maghreb-observateur.com\/index.php?rest_route=\/wp\/v2\/types\/post"}],"author":[{"embeddable":true,"href":"https:\/\/maghreb-observateur.com\/index.php?rest_route=\/wp\/v2\/users\/83"}],"replies":[{"embeddable":true,"href":"https:\/\/maghreb-observateur.com\/index.php?rest_route=%2Fwp%2Fv2%2Fcomments&post=23521"}],"version-history":[{"count":3,"href":"https:\/\/maghreb-observateur.com\/index.php?rest_route=\/wp\/v2\/posts\/23521\/revisions"}],"predecessor-version":[{"id":23527,"href":"https:\/\/maghreb-observateur.com\/index.php?rest_route=\/wp\/v2\/posts\/23521\/revisions\/23527"}],"wp:featuredmedia":[{"embeddable":true,"href":"https:\/\/maghreb-observateur.com\/index.php?rest_route=\/wp\/v2\/media\/8772"}],"wp:attachment":[{"href":"https:\/\/maghreb-observateur.com\/index.php?rest_route=%2Fwp%2Fv2%2Fmedia&parent=23521"}],"wp:term":[{"taxonomy":"category","embeddable":true,"href":"https:\/\/maghreb-observateur.com\/index.php?rest_route=%2Fwp%2Fv2%2Fcategories&post=23521"},{"taxonomy":"post_tag","embeddable":true,"href":"https:\/\/maghreb-observateur.com\/index.php?rest_route=%2Fwp%2Fv2%2Ftags&post=23521"}],"curies":[{"name":"wp","href":"https:\/\/api.w.org\/{rel}","templated":true}]}}