{"id":23362,"date":"2023-12-06T01:17:36","date_gmt":"2023-12-06T06:17:36","guid":{"rendered":"https:\/\/maghreb-observateur.com\/?p=23362"},"modified":"2023-12-06T14:39:15","modified_gmt":"2023-12-06T19:39:15","slug":"a-dubai-et-au-maroc-lexil-dore-des-trafiquants-belgo-marocains","status":"publish","type":"post","link":"https:\/\/maghreb-observateur.com\/?p=23362","title":{"rendered":"A Duba\u00ef et au Maroc, l\u2019exil dor\u00e9 des trafiquants belgo-marocains"},"content":{"rendered":"\n<figure class=\"wp-block-image size-full\"><a href=\"https:\/\/maghreb-observateur.com\/wp-content\/uploads\/2021\/10\/dubai.jpg\" rel=\"shadowbox[sbpost-23362];player=img;\"><img decoding=\"async\" loading=\"lazy\" width=\"550\" height=\"335\" src=\"https:\/\/maghreb-observateur.com\/wp-content\/uploads\/2021\/10\/dubai.jpg\" alt=\"\" class=\"wp-image-10874\" srcset=\"https:\/\/maghreb-observateur.com\/wp-content\/uploads\/2021\/10\/dubai.jpg 550w, https:\/\/maghreb-observateur.com\/wp-content\/uploads\/2021\/10\/dubai-300x183.jpg 300w\" sizes=\"(max-width: 550px) 100vw, 550px\" \/><\/a><\/figure>\n\n\n\n<p><strong>Sur la liste des trafiquants de drogue les plus recherch\u00e9s figurent plusieurs Belgo-Marocains. Ils vivent maintenant au Maroc, en Turquie et aux \u00c9mirats arabes unis, \u00e9chappant ainsi \u00e0 la justice belge et fran\u00e7aise.<\/strong><\/p>\n\n\n\n<p><br>Le nom de&nbsp;Nordin El Hajjioui&nbsp;alias \u00ab&nbsp;Dikke Nordin&nbsp;\u00bb figure cette liste. Il est connu pour son talent d\u2019organisateur lors d\u2019actions dans le port d\u2019Anvers. Le trafic de drogue l\u2019aurait rendu tr\u00e8s riche. Trois demandes d\u2019extradition du Belgo-marocain vers la Belgique ont \u00e9t\u00e9 rejet\u00e9es par un tribunal de Duba\u00ef. M\u00eame lorsqu\u2019il a \u00e9t\u00e9 emprisonn\u00e9 dans la capitale \u00e9miratie depuis pr\u00e8s de cent jours, la demande d\u2019extradition du parquet d\u2019Anvers s\u2019est heurt\u00e9e au refus des \u00c9mirats arabes unis, fait savoir&nbsp;<em>La Derni\u00e8re Heure<\/em>. Il m\u00e8ne donc une vie paisible \u00e0 Duba\u00ef.<\/p>\n\n\n\n<p>Vis\u00e9 par une enqu\u00eate pour blanchiment d\u2019argent, Othman El Ballouti (37 ans) de Borgerhout s\u2019est install\u00e9 \u00e0 Duba\u00ef, o\u00f9 il \u00e9tendrait son empire. Il est accus\u00e9 d\u2019avoir financ\u00e9 une \u00e9cole primaire islamique controvers\u00e9e \u00e0 Malines. Il ne s\u2019est vu infliger aucune peine d\u2019emprisonnement. En craquant Sky ECC, la police f\u00e9d\u00e9rale a r\u00e9ussi \u00e0 obtenir des preuves pour le poursuivre en justice. Le trafiquant de drogue est \u00e9galement dans le viseur de la DEA am\u00e9ricaine qui a ouvert une enqu\u00eate. De son c\u00f4t\u00e9, le gouvernement am\u00e9ricain a inscrit le Belgo-marocain sur la liste noire de l\u2019OFAC, aux c\u00f4t\u00e9s de son bras droit Youssef &#8220;Benz&#8221; Ben Azza et de son plus jeune fr\u00e8re Younes El Ballouti. Ce dernier a \u00e9t\u00e9 reconnu coupable il y a quelques ann\u00e9es. Kidnapp\u00e9 par des gangsters fran\u00e7ais en 2016, il r\u00e9ussit \u00e0 s\u2019\u00e9chapper de l\u2019appartement parisien o\u00f9 il \u00e9tait d\u00e9tenu. Apr\u00e8s avoir v\u00e9cu pendant longtemps \u00e0 Duba\u00ef, il se trouve d\u00e9sormais au Maroc.<\/p>\n\n\n\n<p>Mohamed Reda C, lui, est impliqu\u00e9 dans plusieurs d\u00e9lits&nbsp;: trafic de drogue, corruption, attentats et prise d\u2019otages\u2026 Commanditaire d\u2019attaques dans le milieu anversois de la drogue, il a \u00e9t\u00e9 condamn\u00e9 \u00e0 8 ans de prison. Le baron de la drogue avait \u00e9chapp\u00e9 \u00e0 un enl\u00e8vement organis\u00e9 par des criminels fran\u00e7ais. \u201cL\u2019Alg\u00e9rien\u201d les a \u201cbouff\u00e9s tout cru\u201d et m\u00eame poursuivi apr\u00e8s leur \u00e9chec. Apr\u00e8s, il s\u2019installe \u00e0 Duba\u00ef. Arr\u00eat\u00e9 au Maroc l\u2019ann\u00e9e derni\u00e8re, celui qui disait \u201cha\u00efr les Marocains\u201d quand il \u00e9tait \u00e0 Anvers obtient soudainement la nationalit\u00e9\u2026 marocaine en prison. Ceci rend son extradition impossible. Aujourd\u2019hui, il est libre de ses mouvements.<\/p>\n\n\n\n<p>Mounir El B., surnomm\u00e9 \u201cGino\u201d en hommage au l\u00e9gendaire cycliste italien a \u00e9t\u00e9 condamn\u00e9 \u00e0 plusieurs reprises pour son implication dans des attentats dans le port d\u2019Anvers. Ce membre du groupe d\u2019Omar G., avec lequel il s\u2019est brouill\u00e9 s\u2019est r\u00e9cemment mari\u00e9 au Maroc apr\u00e8s avoir quitt\u00e9 Duba\u00ef.<\/p>\n\n\n\n<h2 class=\"wp-block-heading\">Col\u00e8re aux Pays-Bas apr\u00e8s la lib\u00e9ration par Duba\u00ef d\u2019un trafiquant de drogue marocain<\/h2>\n\n\n\n<p><strong>La lib\u00e9ration d\u2019un trafiquant de drogue n\u00e9erlando-marocain et d\u2019un trafiquant n\u00e9erlando-bosniaque, qui seraient les cerveaux d\u2019un \u00ab&nbsp;super cartel&nbsp;\u00bb europ\u00e9en provoque la col\u00e8re des autorit\u00e9s n\u00e9erlandaises. Les deux hommes font partie des 49 suspects interpell\u00e9s en Europe et \u00e0 Duba\u00ef dans le cadre d\u2019une op\u00e9ration internationale d\u00e9nomm\u00e9e Desert light en novembre 2022.<\/strong><\/p>\n\n\n\n<p>Zuhair Belkhair, un n\u00e9erlando-marocain accus\u00e9 d\u2019avoir trafiqu\u00e9 d\u2019\u00e9normes quantit\u00e9s de coca\u00efne \u00e0 travers le port de Rotterdam, et Edin Gacanin (40 ans), un ressortissant n\u00e9erlando-bosniaque d\u00e9crit par la Drug Enforcement administration (DEA) aux \u00c9tats-Unis comme l\u2019un des 50 plus grands trafiquants de drogue au monde \u00e9taient l\u2019une des \u00ab&nbsp;six cibles de grande valeur&nbsp;\u00bb captur\u00e9es lors d\u2019une s\u00e9rie de raids coordonn\u00e9es par l\u2019agence europ\u00e9enne d\u2019application de la loi, Europol, la DEA et plusieurs forces de police en Espagne, en Belgique, aux Pays-Bas, \u00e0 Duba\u00ef, aux \u00c9tats-Unis fin novembre, rapporte&nbsp;<em>Vice World News<\/em>. Deux mois apr\u00e8s leur arrestation, les deux barons de drogue ont \u00e9t\u00e9 lib\u00e9r\u00e9s par les autorit\u00e9s de Duba\u00ef au grand \u00e9tonnement des autorit\u00e9s n\u00e9erlandaises.<\/p>\n\n\n\n<p>Consid\u00e9r\u00e9 comme le membre le plus puissant d\u2019un \u00ab&nbsp;super cartel&nbsp;\u00bb compos\u00e9 de trafiquants irlandais, britanniques, italiens, bosniaques, hollandais et chiliens, Edin a \u00e9t\u00e9 compl\u00e8tement lib\u00e9r\u00e9 sans caution le 29 d\u00e9cembre. Bien que les procureurs n\u00e9erlandais aient affirm\u00e9 que les documents avaient \u00e9t\u00e9 soumis \u00e0 temps, il ne sera pas non plus extrad\u00e9 vers les Pays-Bas. Dans une d\u00e9claration aux m\u00e9dias n\u00e9erlandais, Guy Weski, l\u2019avocat du n\u00e9erlando-marocain Belkhair a d\u00e9clar\u00e9 que son client a \u00e9t\u00e9 lib\u00e9r\u00e9 sous caution \u00e0 peu pr\u00e8s au m\u00eame moment, alors qu\u2019il attend le processus d\u2019extradition vers les Pays-Bas. \u00ab&nbsp;Pour le moment, le client a bien \u00e9t\u00e9 lib\u00e9r\u00e9 apr\u00e8s paiement d\u2019une caution. Il attend une proc\u00e9dure d\u2019extradition&nbsp;\u00bb, a d\u00e9clar\u00e9 au journal Het Parool Weski.<\/p>\n\n\n\n<p>La lib\u00e9ration des deux hommes a choqu\u00e9 et irrit\u00e9 les autorit\u00e9s n\u00e9erlandaises qui pensaient que l\u2019implication significative des \u00c9tats-Unis dans l\u2019affaire aurait contraint les \u00c9mirats arabes unis \u00e0 lib\u00e9rer les deux hommes. \u00ab&nbsp;C\u2019est frustrant et exasp\u00e9rant pour les N\u00e9erlandais et les Am\u00e9ricains&nbsp;\u00bb, a d\u00e9clar\u00e9 le responsable de la police belge. \u00ab&nbsp;L\u2019implication de la DEA dans [l\u2019op\u00e9ration] \u00e9tait cens\u00e9e embarquer les \u00c9miratis, ils avaient re\u00e7u l\u2019assurance que le syst\u00e8me judiciaire des EAU prenait cela au s\u00e9rieux.&nbsp;\u00bb<\/p>\n\n\n\n<p>Selon les procureurs n\u00e9erlandais, les deux hommes ont disparu et auraient pu quitter Duba\u00ef pour une destination inconnue. \u00ab&nbsp;Nous ne savons pas o\u00f9 se trouvent les deux suspects maintenant. Nous n\u2019avons aucune information sur leur sort et leurs possibilit\u00e9s de franchir la fronti\u00e8re&nbsp;\u00bb, a d\u00e9clar\u00e9 au journal n\u00e9erlandais&nbsp;<em>NU.nl<\/em>&nbsp;un porte-parole du minist\u00e8re public n\u00e9erlandais (OM).<\/p>\n\n\n\n<p>Source : Yabladi<\/p>\n","protected":false},"excerpt":{"rendered":"<p>Sur la liste des trafiquants de drogue les plus recherch\u00e9s figurent plusieurs Belgo-Marocains. Ils vivent maintenant au Maroc, en Turquie et aux \u00c9mirats arabes unis, \u00e9chappant ainsi \u00e0 la justice&hellip; <\/p>\n","protected":false},"author":87,"featured_media":6406,"comment_status":"open","ping_status":"closed","sticky":false,"template":"","format":"standard","meta":{"_bbp_topic_count":0,"_bbp_reply_count":0,"_bbp_total_topic_count":0,"_bbp_total_reply_count":0,"_bbp_voice_count":0,"_bbp_anonymous_reply_count":0,"_bbp_topic_count_hidden":0,"_bbp_reply_count_hidden":0,"_bbp_forum_subforum_count":0,"ngg_post_thumbnail":0},"categories":[99,103],"tags":[],"_links":{"self":[{"href":"https:\/\/maghreb-observateur.com\/index.php?rest_route=\/wp\/v2\/posts\/23362"}],"collection":[{"href":"https:\/\/maghreb-observateur.com\/index.php?rest_route=\/wp\/v2\/posts"}],"about":[{"href":"https:\/\/maghreb-observateur.com\/index.php?rest_route=\/wp\/v2\/types\/post"}],"author":[{"embeddable":true,"href":"https:\/\/maghreb-observateur.com\/index.php?rest_route=\/wp\/v2\/users\/87"}],"replies":[{"embeddable":true,"href":"https:\/\/maghreb-observateur.com\/index.php?rest_route=%2Fwp%2Fv2%2Fcomments&post=23362"}],"version-history":[{"count":2,"href":"https:\/\/maghreb-observateur.com\/index.php?rest_route=\/wp\/v2\/posts\/23362\/revisions"}],"predecessor-version":[{"id":23374,"href":"https:\/\/maghreb-observateur.com\/index.php?rest_route=\/wp\/v2\/posts\/23362\/revisions\/23374"}],"wp:featuredmedia":[{"embeddable":true,"href":"https:\/\/maghreb-observateur.com\/index.php?rest_route=\/wp\/v2\/media\/6406"}],"wp:attachment":[{"href":"https:\/\/maghreb-observateur.com\/index.php?rest_route=%2Fwp%2Fv2%2Fmedia&parent=23362"}],"wp:term":[{"taxonomy":"category","embeddable":true,"href":"https:\/\/maghreb-observateur.com\/index.php?rest_route=%2Fwp%2Fv2%2Fcategories&post=23362"},{"taxonomy":"post_tag","embeddable":true,"href":"https:\/\/maghreb-observateur.com\/index.php?rest_route=%2Fwp%2Fv2%2Ftags&post=23362"}],"curies":[{"name":"wp","href":"https:\/\/api.w.org\/{rel}","templated":true}]}}