{"id":23358,"date":"2023-12-06T00:52:51","date_gmt":"2023-12-06T05:52:51","guid":{"rendered":"https:\/\/maghreb-observateur.com\/?p=23358"},"modified":"2023-12-06T14:41:30","modified_gmt":"2023-12-06T19:41:30","slug":"les-etudiants-en-medecine-annoncent-une-greve","status":"publish","type":"post","link":"https:\/\/maghreb-observateur.com\/?p=23358","title":{"rendered":"Les \u00e9tudiants en m\u00e9decine annoncent une gr\u00e8ve"},"content":{"rendered":"\n<figure class=\"wp-block-image size-full\"><a href=\"https:\/\/maghreb-observateur.com\/wp-content\/uploads\/2023\/12\/greve-medecine.jpg\" rel=\"shadowbox[sbpost-23358];player=img;\"><img decoding=\"async\" loading=\"lazy\" width=\"675\" height=\"400\" src=\"https:\/\/maghreb-observateur.com\/wp-content\/uploads\/2023\/12\/greve-medecine.jpg\" alt=\"\" class=\"wp-image-23360\" srcset=\"https:\/\/maghreb-observateur.com\/wp-content\/uploads\/2023\/12\/greve-medecine.jpg 675w, https:\/\/maghreb-observateur.com\/wp-content\/uploads\/2023\/12\/greve-medecine-300x178.jpg 300w\" sizes=\"(max-width: 675px) 100vw, 675px\" \/><\/a><\/figure>\n\n\n\n<p>Une nouvelle gr\u00e8ve se dessine aux facult\u00e9s de m\u00e9decine, de m\u00e9decine dentaire et de pharmacie. A l\u2019origine de cette nouvelle mobilisation, la m\u00eame revendication : des solutions r\u00e9alistes et concr\u00e8tes aux diff\u00e9rentes probl\u00e9matiques qui accompagneront la mise en \u0153uvre de la r\u00e9duction de la dur\u00e9e d&#8217;\u00e9tudes de 7 \u00e0 6 ans.<a rel=\"noreferrer noopener\" target=\"_blank\"><\/a><\/p>\n\n\n\n<p>Dans un communiqu\u00e9 publi\u00e9 lundi, la Commission nationale des \u00e9tudiants en m\u00e9decine, en m\u00e9decine dentaire et en pharmacie au Maroc a d\u00e9nonc\u00e9 l\u2019absence des mesures d\u2019accompagnement n\u00e9cessaires au bon d\u00e9ploiement de cette d\u00e9cision, le flou qui entoure la sixi\u00e8me ann\u00e9e, ainsi que le retard \u00abinjustifi\u00e9\u00bb dans la publication du cahier des charges p\u00e9dagogiques concernant le troisi\u00e8me cycle.<\/p>\n\n\n\n<p>Faisant part de sa \u00abfrustration\u00bb et de son \u00abm\u00e9contentement\u00bb, elle a appel\u00e9 les d\u00e9partements de la Sant\u00e9 et de l\u2019Enseignement sup\u00e9rieur \u00e0 \u00abfaire preuve de responsabilit\u00e9 et de s\u00e9rieux dans le traitement du dossier revendicatif\u00bb.<\/p>\n\n\n\n<p>Les deux minist\u00e8res, souligne-t-on, n\u2019auraient pas tenu leurs promesses apr\u00e8s plus d&#8217;un an de l&#8217;adoption de la r\u00e9duction de la dur\u00e9e de la formation de sept \u00e0 six ans. \u00abLes promesses des deux minist\u00e8res de tutelle \u00e0 cet \u00e9gard n&#8217;ont pas encore \u00e9t\u00e9 traduites en r\u00e9alit\u00e9, et les d\u00e9lais qui y sont fix\u00e9s n&#8217;ont pas \u00e9t\u00e9 respect\u00e9s, ce qui a conduit \u00e0 davantage de frustration et de m\u00e9contentement\u00bb, lit-on dans le communiqu\u00e9.<a rel=\"noreferrer noopener\" target=\"_blank\"><\/a><\/p>\n\n\n\n<p>A ce titre, la Commission a exprim\u00e9 son rejet total de \u00abla politique de procrastination\u00bb adopt\u00e9e par lesdits minist\u00e8res, ainsi que son refus des \u00abd\u00e9cisions unilat\u00e9rales qui foulent aux pieds les acquis des pr\u00e9c\u00e9dents accords\u00bb.<\/p>\n\n\n\n<p>Alertant sur cette \u00absituation catastrophique\u00bb qui impacte n\u00e9gativement la qualit\u00e9 de la formation m\u00e9dicale et menace la sant\u00e9 des citoyens marocains, la Commission revendique une vision claire, unifi\u00e9e et consensuelle concernant le troisi\u00e8me cycle, ainsi que de solutions r\u00e9alistes et concr\u00e8tes aux diff\u00e9rentes probl\u00e9matiques qui accompagneront la mise en \u0153uvre de cette d\u00e9cision.En attendant, la Commission a annonc\u00e9 l&#8217;organisation d&#8217;un sit-in devant le Parlement ce jeudi 7 d\u00e9cembre, accompagn\u00e9e de la suspension durant deux jours (7 et 8 d\u00e9cembre) des cours th\u00e9oriques, pratiques, des stages hospitaliers et des gardes,<\/p>\n\n\n\n<p><strong>Provided by SyndiGate Media Inc. (Syndigate.info)<\/strong><\/p>\n","protected":false},"excerpt":{"rendered":"<p>Une nouvelle gr\u00e8ve se dessine aux facult\u00e9s de m\u00e9decine, de m\u00e9decine dentaire et de pharmacie. A l\u2019origine de cette nouvelle mobilisation, la m\u00eame revendication : des solutions r\u00e9alistes et concr\u00e8tes&hellip; <\/p>\n","protected":false},"author":87,"featured_media":23360,"comment_status":"open","ping_status":"closed","sticky":false,"template":"","format":"standard","meta":{"_bbp_topic_count":0,"_bbp_reply_count":0,"_bbp_total_topic_count":0,"_bbp_total_reply_count":0,"_bbp_voice_count":0,"_bbp_anonymous_reply_count":0,"_bbp_topic_count_hidden":0,"_bbp_reply_count_hidden":0,"_bbp_forum_subforum_count":0,"ngg_post_thumbnail":0},"categories":[193,103,255],"tags":[],"_links":{"self":[{"href":"https:\/\/maghreb-observateur.com\/index.php?rest_route=\/wp\/v2\/posts\/23358"}],"collection":[{"href":"https:\/\/maghreb-observateur.com\/index.php?rest_route=\/wp\/v2\/posts"}],"about":[{"href":"https:\/\/maghreb-observateur.com\/index.php?rest_route=\/wp\/v2\/types\/post"}],"author":[{"embeddable":true,"href":"https:\/\/maghreb-observateur.com\/index.php?rest_route=\/wp\/v2\/users\/87"}],"replies":[{"embeddable":true,"href":"https:\/\/maghreb-observateur.com\/index.php?rest_route=%2Fwp%2Fv2%2Fcomments&post=23358"}],"version-history":[{"count":1,"href":"https:\/\/maghreb-observateur.com\/index.php?rest_route=\/wp\/v2\/posts\/23358\/revisions"}],"predecessor-version":[{"id":23361,"href":"https:\/\/maghreb-observateur.com\/index.php?rest_route=\/wp\/v2\/posts\/23358\/revisions\/23361"}],"wp:featuredmedia":[{"embeddable":true,"href":"https:\/\/maghreb-observateur.com\/index.php?rest_route=\/wp\/v2\/media\/23360"}],"wp:attachment":[{"href":"https:\/\/maghreb-observateur.com\/index.php?rest_route=%2Fwp%2Fv2%2Fmedia&parent=23358"}],"wp:term":[{"taxonomy":"category","embeddable":true,"href":"https:\/\/maghreb-observateur.com\/index.php?rest_route=%2Fwp%2Fv2%2Fcategories&post=23358"},{"taxonomy":"post_tag","embeddable":true,"href":"https:\/\/maghreb-observateur.com\/index.php?rest_route=%2Fwp%2Fv2%2Ftags&post=23358"}],"curies":[{"name":"wp","href":"https:\/\/api.w.org\/{rel}","templated":true}]}}