{"id":23152,"date":"2023-11-29T01:26:58","date_gmt":"2023-11-29T06:26:58","guid":{"rendered":"https:\/\/maghreb-observateur.com\/?p=23152"},"modified":"2023-12-01T01:44:30","modified_gmt":"2023-12-01T06:44:30","slug":"netanyahu-a-renvoye-son-ministre-de-la-defense-en-juillet-parce-quil-alertait-sur-une-attaque-du-hamas","status":"publish","type":"post","link":"https:\/\/maghreb-observateur.com\/?p=23152","title":{"rendered":"Netanyahu a renvoy\u00e9 son ministre de la D\u00e9fense en juillet parce qu\u2019il alertait sur une attaque du Hamas"},"content":{"rendered":"\n<p>R\u00c9SEAU VOLTAIRE&nbsp;<\/p>\n\n\n\n<figure class=\"wp-block-image size-full\"><a href=\"https:\/\/maghreb-observateur.com\/wp-content\/uploads\/2023\/11\/bibi.jpg\" rel=\"shadowbox[sbpost-23152];player=img;\"><img decoding=\"async\" loading=\"lazy\" width=\"647\" height=\"404\" src=\"https:\/\/maghreb-observateur.com\/wp-content\/uploads\/2023\/11\/bibi.jpg\" alt=\"\" class=\"wp-image-23154\" srcset=\"https:\/\/maghreb-observateur.com\/wp-content\/uploads\/2023\/11\/bibi.jpg 647w, https:\/\/maghreb-observateur.com\/wp-content\/uploads\/2023\/11\/bibi-300x187.jpg 300w\" sizes=\"(max-width: 647px) 100vw, 647px\" \/><\/a><\/figure>\n\n\n\n<p>Selon la presse isra\u00e9lienne, la crise gouvernementale isra\u00e9lienne de juillet s\u2019explique par les annonces des FDI selon qui le Hamas s\u2019appr\u00eatait \u00e0 lancer, depuis Gaza, \u00ab&nbsp;une temp\u00eate parfaite&nbsp;\u00bb contre Isra\u00ebl.<\/p>\n\n\n\n<p>Le g\u00e9n\u00e9ral Amit Saar, chef du d\u00e9partement de Recherche du Renseignement militaire des FDI, avait \u00e9crit le 19 mars et le 16 juillet au Premier ministre, pour le mettre en garde contre une attaque du Hamas en pr\u00e9paration. Il avait expliqu\u00e9 que le Hamas, le Hezbollah et l\u2019Iran interpr\u00e9taient le d\u00e9bat int\u00e9rieur sur la r\u00e9forme des lois fondamentales comme un signe de faiblesse interne d\u2019Isra\u00ebl.<\/p>\n\n\n\n<p>Le g\u00e9n\u00e9ral Yoav Gallant, ministre de la D\u00e9fense, avait alors demand\u00e9 \u00e0 Benjamin Netanyahu, de suspendre ces r\u00e9formes et de se concentrer sur la menace du Hamas. Le Premier ministre l\u2019avait imm\u00e9diatement r\u00e9voqu\u00e9. Cependant, au vu des r\u00e9actions suscit\u00e9es par ce limogeage, il l\u2019avait finalement r\u00e9tabli dans ses fonctions minist\u00e9rielles.<\/p>\n\n\n\n<p>Cet \u00e9pisode n\u2019est pas contestable. Il est aujourd\u2019hui attest\u00e9 par la publication des lettres d\u2019Amir Saar. Il r\u00e9cuse la version officielle selon laquelle les alertes envoy\u00e9es au gouvernement n\u2019avaient pas atteint le Premier ministre et que, de toute mani\u00e8re, celui-ci \u00e9tait trop occup\u00e9 par la Cisjordanie pour s\u2019inqui\u00e9ter de Gaza.<\/p>\n\n\n\n<p>La question d\u2019une attaque sous fausse banni\u00e8re est pos\u00e9e.<\/p>\n\n\n\n<h1 class=\"wp-block-heading\">Un haut responsable du renseignement aurait averti Netanyahu que la refonte judiciaire encourageait le Hamas \u00e0 frapper<\/h1>\n\n\n\n<figure class=\"wp-block-image size-full\"><a href=\"https:\/\/maghreb-observateur.com\/wp-content\/uploads\/2023\/11\/israel-manif.jpg\" rel=\"shadowbox[sbpost-23152];player=img;\"><img decoding=\"async\" loading=\"lazy\" width=\"640\" height=\"400\" src=\"https:\/\/maghreb-observateur.com\/wp-content\/uploads\/2023\/11\/israel-manif.jpg\" alt=\"\" class=\"wp-image-23153\" srcset=\"https:\/\/maghreb-observateur.com\/wp-content\/uploads\/2023\/11\/israel-manif.jpg 640w, https:\/\/maghreb-observateur.com\/wp-content\/uploads\/2023\/11\/israel-manif-300x188.jpg 300w\" sizes=\"(max-width: 640px) 100vw, 640px\" \/><\/a><\/figure>\n\n\n\n<p>Par&nbsp;<a href=\"https:\/\/fr.timesofisrael.com\/writers\/times-of-israel-staff\/\">TIMES OF ISRAEL <\/a><\/p>\n\n\n\n<p>Des manifestants anti-refonte judiciaire protestent \u00e0 l&#8217;a\u00e9roport international Ben-Gurion \u00e0 Tel Aviv, le 17 septembre 2023. (Cr\u00e9dit : Avshalom Sassoni\/Flash90)<\/p>\n\n\n\n<p>Le Premier ministre Benjamin Netanyahu aurait re\u00e7u deux avertissements s\u00e9v\u00e8res de la part du chef des recherches de la Direction du renseignement militaire dans les mois qui ont pr\u00e9c\u00e9d\u00e9 l\u2019attaque du 7 octobre, selon lesquels les divisions soci\u00e9tales d\u00e9clench\u00e9es par les efforts de son gouvernement pour r\u00e9former radicalement le syst\u00e8me judiciaire enhardissaient le Hamas, le Hezbollah et l\u2019Iran, qui pourraient attaquer l\u2019\u00c9tat juif.<\/p>\n\n\n\n<p>\u00ab Nous assistons \u00e0 un d\u00e9bat [entre les ennemis d\u2019Isra\u00ebl] sur la question de savoir s\u2019il faut rester sur le c\u00f4t\u00e9 et laisser Isra\u00ebl continuer \u00e0 s\u2019affaiblir int\u00e9rieurement, ou si des initiatives doivent \u00eatre prises afin d\u2019aggraver encore davantage la situation \u00bb, a \u00e9crit Amir Saar en avril et juillet dans des lettres envoy\u00e9es directement \u00e0 Netanyahu, a rapport\u00e9&nbsp;<em>Haaretz<\/em>.<\/p>\n\n\n\n<p>Chacune des lettres contenait des renseignements pointant vers un danger imminent d\u2019escalade militaire de la part des adversaires d\u2019Isra\u00ebl, que Netanyahu semblait avoir \u00e9cart\u00e9, alors qu\u2019il continuait \u00e0 faire avancer le projet de refonte judiciaire tr\u00e8s controvers\u00e9, qui a d\u00e9clench\u00e9 des mois de protestations sans pr\u00e9c\u00e9dent \u00e0 travers le pays.<\/p>\n","protected":false},"excerpt":{"rendered":"<p>R\u00c9SEAU VOLTAIRE&nbsp; Selon la presse isra\u00e9lienne, la crise gouvernementale isra\u00e9lienne de juillet s\u2019explique par les annonces des FDI selon qui le Hamas s\u2019appr\u00eatait \u00e0 lancer, depuis Gaza, \u00ab&nbsp;une temp\u00eate parfaite&nbsp;\u00bb&hellip; <\/p>\n","protected":false},"author":83,"featured_media":23154,"comment_status":"open","ping_status":"closed","sticky":false,"template":"","format":"standard","meta":{"_bbp_topic_count":0,"_bbp_reply_count":0,"_bbp_total_topic_count":0,"_bbp_total_reply_count":0,"_bbp_voice_count":0,"_bbp_anonymous_reply_count":0,"_bbp_topic_count_hidden":0,"_bbp_reply_count_hidden":0,"_bbp_forum_subforum_count":0,"ngg_post_thumbnail":0},"categories":[99,193,103],"tags":[],"_links":{"self":[{"href":"https:\/\/maghreb-observateur.com\/index.php?rest_route=\/wp\/v2\/posts\/23152"}],"collection":[{"href":"https:\/\/maghreb-observateur.com\/index.php?rest_route=\/wp\/v2\/posts"}],"about":[{"href":"https:\/\/maghreb-observateur.com\/index.php?rest_route=\/wp\/v2\/types\/post"}],"author":[{"embeddable":true,"href":"https:\/\/maghreb-observateur.com\/index.php?rest_route=\/wp\/v2\/users\/83"}],"replies":[{"embeddable":true,"href":"https:\/\/maghreb-observateur.com\/index.php?rest_route=%2Fwp%2Fv2%2Fcomments&post=23152"}],"version-history":[{"count":2,"href":"https:\/\/maghreb-observateur.com\/index.php?rest_route=\/wp\/v2\/posts\/23152\/revisions"}],"predecessor-version":[{"id":23178,"href":"https:\/\/maghreb-observateur.com\/index.php?rest_route=\/wp\/v2\/posts\/23152\/revisions\/23178"}],"wp:featuredmedia":[{"embeddable":true,"href":"https:\/\/maghreb-observateur.com\/index.php?rest_route=\/wp\/v2\/media\/23154"}],"wp:attachment":[{"href":"https:\/\/maghreb-observateur.com\/index.php?rest_route=%2Fwp%2Fv2%2Fmedia&parent=23152"}],"wp:term":[{"taxonomy":"category","embeddable":true,"href":"https:\/\/maghreb-observateur.com\/index.php?rest_route=%2Fwp%2Fv2%2Fcategories&post=23152"},{"taxonomy":"post_tag","embeddable":true,"href":"https:\/\/maghreb-observateur.com\/index.php?rest_route=%2Fwp%2Fv2%2Ftags&post=23152"}],"curies":[{"name":"wp","href":"https:\/\/api.w.org\/{rel}","templated":true}]}}