{"id":23078,"date":"2023-11-26T00:15:14","date_gmt":"2023-11-26T05:15:14","guid":{"rendered":"https:\/\/maghreb-observateur.com\/?p=23078"},"modified":"2023-11-26T00:15:15","modified_gmt":"2023-11-26T05:15:15","slug":"on-va-faire-ce-quil-faut-pour-lavenir-de-lecole-publique","status":"publish","type":"post","link":"https:\/\/maghreb-observateur.com\/?p=23078","title":{"rendered":"\u00ab\u00a0On va faire ce qu\u2019il faut pour l\u2019avenir de l\u2019\u00e9cole publique\u00a0\u00bb"},"content":{"rendered":"\n<p><video poster=\"https:\/\/mobile-img.lpcdn.ca\/v2\/828x\/r07ed\/9a7a2d49ef0f3597ad073ab46f1b8c46.jpg\" autoplay=\"\" src=\"blob:https:\/\/www.lapresse.ca\/880b4ca0-6dcc-4c9b-a63f-a32a28961d9d\"><\/video>L<\/p>\n\n\n\n<p>C\u2019est un grand jour de manifestations qui s\u2019annonce partout dans la province\u00a0: pr\u00e8s de 600\u00a0000 travailleurs du secteur public sortent dans les rues ce jeudi pour r\u00e9clamer de meilleures conditions de travail.<a href=\"javascript:window.print();\"><\/a><\/p>\n\n\n\n<p>Tuque rouge viss\u00e9e sur la t\u00eate, cloches en main, des profs se sont lev\u00e9s de bon matin pour manifester devant chaque \u00e9cole de Montr\u00e9al, ce jeudi. Ils sont membres de la F\u00e9d\u00e9ration autonome de l\u2019enseignement (FAE), qui entame une gr\u00e8ve g\u00e9n\u00e9rale illimit\u00e9e.<\/p>\n\n\n\n<p>Carolane Sauv\u00e9-T\u00e9treault est du nombre. L\u2019enseignante de 32 ans dit qu\u2019en cinq ans dans la profession, elle a vu les conditions de travail se d\u00e9grader.<\/p>\n\n\n\n<figure class=\"wp-block-image\"><img decoding=\"async\" src=\"https:\/\/mobile-img.lpcdn.ca\/v2\/924x\/c7a578fbe05b369591ea404b791412dd.jpg\" alt=\"\"\/><figcaption class=\"wp-element-caption\">PHOTO PATRICK SANFA\u00c7ON, LA PRESSECarolane Sauv\u00e9-T\u00e9treault<\/figcaption><\/figure>\n\n\n\n<p>\u00ab&nbsp;Je ne veux pas faire partie des fameuses statistiques des nouvelles enseignantes qui quittent la profession&nbsp;\u00bb, dit-elle. Pr\u00e8s d\u2019une enseignante&nbsp;qu\u00e9b\u00e9coise sur&nbsp;cinq abandonne ce travail&nbsp;dans les&nbsp;cinq&nbsp;premi\u00e8res ann\u00e9es.<\/p>\n\n\n\n<p>\u00ab&nbsp;Ce qu\u2019on veut, c\u2019est que le gouvernement nous entende. On va aller jusqu\u2019au bout. On va faire ce qu\u2019il faut pour l\u2019avenir de l\u2019\u00e9cole publique&nbsp;\u00bb, dit la prof de l\u2019\u00e9cole primaire Saint-Anselme, dans le quartier Centre-Sud.<\/p>\n\n\n\n<p>La pr\u00e9sidente de l\u2019Alliance des professeurs de Montr\u00e9al dit qu\u2019elle souhaite une entente rapide avec Qu\u00e9bec.<\/p>\n\n\n\n<figure class=\"wp-block-image\"><img decoding=\"async\" src=\"https:\/\/mobile-img.lpcdn.ca\/v2\/924x\/aca285d1ed793f8889d4ccb80e58a765.jpg\" alt=\"\"\/><figcaption class=\"wp-element-caption\">PHOTO PATRICK SANFA\u00c7ON, LA PRESSECatherine Beauvais-St-Pierre (\u00e0 l\u2019avant-plan)<\/figcaption><\/figure>\n\n\n\n<p>\u00ab&nbsp;On a envie que \u00e7a se r\u00e8gle rapidement. On le sait, la p\u00e9nurie est monstre, l\u2019h\u00e9morragie de profs continue \u00e0 se faire. Il faut freiner \u00e7a. En ce moment, on ne sent pas que le gouvernement a vraiment une volont\u00e9 de s\u2019attaquer au probl\u00e8me de fond&nbsp;\u00bb, dit Catherine Beauvais-St-Pierre.<\/p>\n\n\n\n<p>\u00ab&nbsp;L\u2019\u00e9cole publique se meurt et ne peut pas descendre plus bas que ce qu\u2019elle est en ce moment&nbsp;\u00bb, estime M<sup>me&nbsp;<\/sup>Beauvais-St-Pierre.<\/p>\n\n\n\n<p>Prof d\u2019anglais depuis plus de 20 ans, Eddy Peh dit que les enfants \u00ab&nbsp;m\u00e9ritent de la stabilit\u00e9&nbsp;\u00bb.<\/p>\n\n\n\n<figure class=\"wp-block-image\"><img decoding=\"async\" src=\"https:\/\/mobile-img.lpcdn.ca\/v2\/924x\/5fd81c13f61b3874807abdc3f788a72f.jpg\" alt=\"\"\/><figcaption class=\"wp-element-caption\">PHOTO PATRICK SANFA\u00c7ON, LA PRESSEEddy Peh<\/figcaption><\/figure>\n\n\n\n<p>\u00ab&nbsp;On manque de professeurs, on manque de personnel de soutien. On est l\u00e0 pour les enfants, mais c\u2019est maintenant au tour du gouvernement de montrer qu\u2019il nous soutient&nbsp;\u00bb, dit M.&nbsp;Peh.<\/p>\n\n\n\n<p>Jeudi midi, des membres de la FAE de partout \u00e0 Qu\u00e9bec se r\u00e9uniront au parc Jarry, \u00e0 Montr\u00e9al, d\u2019o\u00f9 s\u2019\u00e9branlera une grande marche. Les syndicats attendent des dizaines de milliers de personnes.<\/p>\n\n\n\n<h2 class=\"wp-block-heading\">\u00ab&nbsp;On va regarder l\u2019\u00e9volution de la n\u00e9gociation&nbsp;\u00bb<\/h2>\n\n\n\n<p>Pour leur part, les syndiqu\u00e9s du Front commun, qui regroupe 420&nbsp;000 travailleurs de quatre syndicats (CSN, CSQ, FTQ et APTS), ont march\u00e9 d\u00e8s 10&nbsp;h \u00e0 partir du Coll\u00e8ge de Maisonneuve, le \u00ab&nbsp;point culminant de trois jours de d\u00e9brayage&nbsp;\u00bb.<\/p>\n\n\n\n<figure class=\"wp-block-image\"><img decoding=\"async\" src=\"https:\/\/mobile-img.lpcdn.ca\/v2\/924x\/2e7e21dcbe44352eaa4e56ce680494e0.jpg\" alt=\"\"\/><figcaption class=\"wp-element-caption\">PHOTO PATRICK SANFA\u00c7ON, LA PRESSELes syndiqu\u00e9s du Front commun ont march\u00e9 depuis le Coll\u00e8ge de Maisonneuve, jeudi.<\/figcaption><\/figure>\n\n\n\n<p>\u00ab&nbsp;Les gens sont au rendez-vous et mobilis\u00e9s. Ils sont encourag\u00e9s parce que la population est derri\u00e8re nous. C\u2019est palpable, ils se font klaxonner&nbsp;\u00bb, s\u2019est r\u00e9joui Caroline Letarte-Simoneau, repr\u00e9sentante nationale de l\u2019Alliance du personnel professionnel et technique de la sant\u00e9 et des services sociaux (APTS) pour le CIUSSS du Centre-Sud-de-l\u2019\u00cele-de-Montr\u00e9al. Les manifestants se sont ensuite dirig\u00e9s vers le parc des Faubourgs pour leur rassemblement final.<\/p>\n\n\n\n<p>Le Front commun n\u2019annoncera pas jeudi si de prochaines journ\u00e9es de gr\u00e8ve auront lieu prochainement. \u00ab&nbsp;On laisse une chance au conciliateur et on va regarder l\u2019\u00e9volution de la n\u00e9gociation, puis on va prendre une d\u00e9cision&nbsp;\u00bb, a d\u00e9clar\u00e9 le troisi\u00e8me vice-pr\u00e9sident de la Centrale des syndicats du Qu\u00e9bec (CSQ), Mario Beauchemin, en m\u00eal\u00e9e de presse jeudi matin.<\/p>\n\n\n\n<p>En vertu de la loi, le Front commun doit envoyer son avis de gr\u00e8ve au moins sept jours ouvrables avant le d\u00e9brayage. Pour marquer un point de rupture, \u00ab&nbsp;il faut que \u00e7a bouge sur les salaires&nbsp;\u00bb, a d\u00e9clar\u00e9 la pr\u00e9sidente de la Conf\u00e9d\u00e9ration des syndicats nationaux (CSN), Caroline Senneville. \u00ab&nbsp;Ce qu\u2019on offre aux travailleuses et aux travailleurs du secteur public, c\u2019est de finir leur convention collective plus pauvres qu\u2019ils l\u2019ont commenc\u00e9e. \u00c7a n\u2019a pas de sens&nbsp;\u00bb, dit-elle.<\/p>\n","protected":false},"excerpt":{"rendered":"<p>L C\u2019est un grand jour de manifestations qui s\u2019annonce partout dans la province\u00a0: pr\u00e8s de 600\u00a0000 travailleurs du secteur public sortent dans les rues ce jeudi pour r\u00e9clamer de meilleures&hellip; <\/p>\n","protected":false},"author":87,"featured_media":4983,"comment_status":"open","ping_status":"closed","sticky":false,"template":"","format":"standard","meta":{"_bbp_topic_count":0,"_bbp_reply_count":0,"_bbp_total_topic_count":0,"_bbp_total_reply_count":0,"_bbp_voice_count":0,"_bbp_anonymous_reply_count":0,"_bbp_topic_count_hidden":0,"_bbp_reply_count_hidden":0,"_bbp_forum_subforum_count":0,"ngg_post_thumbnail":0},"categories":[99,109,114],"tags":[],"_links":{"self":[{"href":"https:\/\/maghreb-observateur.com\/index.php?rest_route=\/wp\/v2\/posts\/23078"}],"collection":[{"href":"https:\/\/maghreb-observateur.com\/index.php?rest_route=\/wp\/v2\/posts"}],"about":[{"href":"https:\/\/maghreb-observateur.com\/index.php?rest_route=\/wp\/v2\/types\/post"}],"author":[{"embeddable":true,"href":"https:\/\/maghreb-observateur.com\/index.php?rest_route=\/wp\/v2\/users\/87"}],"replies":[{"embeddable":true,"href":"https:\/\/maghreb-observateur.com\/index.php?rest_route=%2Fwp%2Fv2%2Fcomments&post=23078"}],"version-history":[{"count":1,"href":"https:\/\/maghreb-observateur.com\/index.php?rest_route=\/wp\/v2\/posts\/23078\/revisions"}],"predecessor-version":[{"id":23079,"href":"https:\/\/maghreb-observateur.com\/index.php?rest_route=\/wp\/v2\/posts\/23078\/revisions\/23079"}],"wp:featuredmedia":[{"embeddable":true,"href":"https:\/\/maghreb-observateur.com\/index.php?rest_route=\/wp\/v2\/media\/4983"}],"wp:attachment":[{"href":"https:\/\/maghreb-observateur.com\/index.php?rest_route=%2Fwp%2Fv2%2Fmedia&parent=23078"}],"wp:term":[{"taxonomy":"category","embeddable":true,"href":"https:\/\/maghreb-observateur.com\/index.php?rest_route=%2Fwp%2Fv2%2Fcategories&post=23078"},{"taxonomy":"post_tag","embeddable":true,"href":"https:\/\/maghreb-observateur.com\/index.php?rest_route=%2Fwp%2Fv2%2Ftags&post=23078"}],"curies":[{"name":"wp","href":"https:\/\/api.w.org\/{rel}","templated":true}]}}