{"id":23006,"date":"2023-11-21T23:54:40","date_gmt":"2023-11-22T04:54:40","guid":{"rendered":"https:\/\/maghreb-observateur.com\/?p=23006"},"modified":"2023-11-23T05:12:40","modified_gmt":"2023-11-23T10:12:40","slug":"comment-netanyahu-falsifie-lactualite","status":"publish","type":"post","link":"https:\/\/maghreb-observateur.com\/?p=23006","title":{"rendered":"Comment Netanyahu falsifie l\u2019actualit\u00e9 (Vid\u00e9os)"},"content":{"rendered":"\n<p>Par : &nbsp;Thierry Meyssan<\/p>\n\n\n\n<p>Nous pensons \u00eatre correctement inform\u00e9s en Occident de ce qui se passe \u00e0 Gaza. Il n\u2019en est rien. Les images que nous voyons sont s\u00e9lectionn\u00e9es. Les commentaires que nous entendons ne nous permettent pas de les comprendre. Ils nous induisent volontairement en erreur. Toute opinion dissidente est censur\u00e9e.<\/p>\n\n\n\n<p>&nbsp;<\/p>\n\n\n\n<figure class=\"wp-block-image\"><img decoding=\"async\" src=\"https:\/\/www.voltairenet.org\/local\/cache-vignettes\/L729xH547\/400_-_1_8_-d72bb.jpg?1700332027\" alt=\"\"\/><figcaption class=\"wp-element-caption\"><strong>Photo prise depuis un bombardier isra\u00e9lien.<\/strong><\/figcaption><\/figure>\n\n\n\n<p>Comme toutes les guerres, celle opposant l\u2019\u00c9tat d\u2019Isra\u00ebl \u00e0 la population palestinienne fait l\u2019objet d\u2019un combat m\u00e9diatique. La R\u00e9sistance palestinienne n\u2019a pas besoin de raconter l\u2019injustice contre laquelle elle se bat&nbsp;: il suffit de regarder pour constater. Elle vise plut\u00f4t \u00e0 magnifier telle ou telle de ses composantes. Isra\u00ebl doit, par contre, convaincre de sa bonne foi, ce qui apr\u00e8s trois quarts de si\u00e8cle de violation du Droit international n\u2019est pas une mince affaire.<\/p>\n\n\n\n<h2 class=\"wp-block-heading\">AVANT L\u2019ATTAQUE<\/h2>\n\n\n\n<p>Depuis l\u2019attaque de la R\u00e9sistance palestinienne, le 7 octobre 2023, Isra\u00ebl d\u00e9ploie donc tous ses services pour nous faire croire<br><strong><\/strong>&nbsp;que cette attaque est une op\u00e9ration des jihadistes du Hamas&nbsp;;<br><strong><\/strong>&nbsp;et qu\u2019il ignorait tout de sa pr\u00e9paration.<\/p>\n\n\n\n<p><strong>Le r\u00f4le du Hamas<\/strong><\/p>\n\n\n\n<p>Or, cette attaque a \u00e9t\u00e9 conduite par l\u2019ensemble des factions palestiniennes, \u00e0 l\u2019exception du Fatah&nbsp;[<a href=\"https:\/\/www.voltairenet.org\/article220014.html#nb1\">1<\/a>]. Le Hamas se d\u00e9finissait jusqu\u2019il y a peu comme la \u00ab&nbsp;Branche palestinienne de la Confr\u00e9rie des Fr\u00e8res musulmans&nbsp;\u00bb, ainsi qu\u2019indiqu\u00e9 sur tous ses documents. \u00c0 ce titre, il a combattu contre les la\u00efques du Fatah de Yasser Arafat et du FPLP de George Habache, puis contre ceux de la R\u00e9publique arabe syrienne du pr\u00e9sident Bachar el-Assad. Tous, \u00e0 ses yeux, n\u2019\u00e9taient que des \u00ab&nbsp;ennemis de Dieu&nbsp;\u00bb. Le Hamas \u00e9tait financ\u00e9 par Isra\u00ebl et, en Syrie, ses combattants \u00e9taient encadr\u00e9s par des officiers du Mossad et de l\u2019Otan. Cependant, apr\u00e8s l\u2019\u00e9chec de la Confr\u00e9rie en \u00c9gypte et leur d\u00e9faite en Syrie, le Hamas s\u2019est divis\u00e9 entre une partie fid\u00e8le aux Fr\u00e8res musulmans, conduite par Khaled Mechaal et poursuivant toujours l\u2019instauration d\u2019un Califat mondial, et une autre qui s\u2019est recentr\u00e9e sur la lib\u00e9ration de la Palestine. Cette seconde tendance, \u00e0 l\u2019initiative de l\u2019Iran, a renou\u00e9 avec la Syrie jusqu\u2019\u00e0 ce que son leader, Khalil Hayya, soit re\u00e7u, \u00e0 Damas, par le pr\u00e9sident Bachar el-Assad. Elle a \u00e9galement renou\u00e9 avec le Hezbollah libanais, jusqu\u2019\u00e0 participer, \u00e0 Beyrouth, \u00e0 des r\u00e9unions avec lui et les autres composantes de la R\u00e9sistance palestinienne.<\/p>\n\n\n\n<figure class=\"wp-block-image\"><img decoding=\"async\" src=\"https:\/\/www.voltairenet.org\/local\/cache-vignettes\/L735xH551\/400_-_1_5_-8-a7e8b.jpg?1700332027\" alt=\"\"\/><figcaption class=\"wp-element-caption\"><strong>Le pr\u00e9sident syrien, Bachar el-Assad, re\u00e7oit Khalil Hayya \u00e0 Damas, le 19 octobre 2022.<\/strong><\/figcaption><\/figure>\n\n\n\n<p>Toutes les composantes de la R\u00e9sistance palestinienne \u00e9taient convenues de mener une op\u00e9ration \u00ab&nbsp;coup de poing&nbsp;\u00bb pour enlever des civils et des soldats isra\u00e9liens et les \u00e9changer contre les civils et les combattants palestiniens d\u00e9tenus en Isra\u00ebl. La date du 7 octobre a \u00e9t\u00e9 choisie par le seul Hamas et les autres factions palestiniennes n\u2019ont \u00e9t\u00e9 inform\u00e9es que quelques heures auparavant. Au demeurant, les combattants du Hamas \u00e9taient majoritaires par rapport aux marxistes du FPLP et aux membres de l\u2019Axe de la R\u00e9sistance (coalis\u00e9s autour de l\u2019Iran), le Jidad islamique.<\/p>\n\n\n\n<figure class=\"wp-block-image\"><a href=\"https:\/\/www.voltairenet.org\/IMG\/jpg\/400_-_1_3_-23-8cb68.jpg\" rel=\"shadowbox[sbpost-23006];player=img;\"><img decoding=\"async\" src=\"https:\/\/www.voltairenet.org\/local\/cache-vignettes\/L800xH465\/400_-_1_3_-23-8cb68-70892.jpg?1700332027\" alt=\"\"\/><\/a><figcaption class=\"wp-element-caption\"><strong>Le secr\u00e9taire g\u00e9n\u00e9ral du Hezbollah, Hassan Nasrallah, a re\u00e7u le num\u00e9ro deux du Hamas, Saleh el-Arouri, et le chef du Jihad islamique, Ziad el-Nakhala.<\/strong><\/figcaption><\/figure>\n\n\n\n<p><strong>Le secret de polichinelle de l\u2019op\u00e9ration du 7 octobre<\/strong><\/p>\n\n\n\n<p>L\u2019op\u00e9ration coup de poing avait \u00e9t\u00e9 planifi\u00e9e lors d\u2019une r\u00e9union de coordination en mai \u00e0 Beyrouth. La presse libanaise s\u2019en \u00e9tait faite l\u2019\u00e9cho. Cependant, si le principe, les cibles et le mode op\u00e9ratoire avaient \u00e9t\u00e9 fix\u00e9s, personne ne savait quand elle aurait lieu.<\/p>\n\n\n\n<p>Les services de Renseignement \u00e9gyptiens ont \u00e9t\u00e9 les premiers \u00e0 sonner l\u2019alerte. Ils soutiennent la R\u00e9sistance palestinienne, mais combattent le Hamas sans pouvoir discerner entre ses deux tendances. Ils ne s\u2019inqui\u00e9taient pas d\u2019une possible r\u00e9ussite de la R\u00e9sistance palestinienne, mais<br>des Fr\u00e8res musulmans. Le ministre du Renseignement, Kamal Abbas, a personnellement pr\u00e9venu ses homologues isra\u00e9liens&nbsp;.<\/p>\n\n\n\n<p>Le colonel Yigal Carmon, directeur du Middle East Media Research Institute (Memri), a personnellement pr\u00e9venu son ami, le Premier ministre, Benjamin Netanyahu, que quelque chose se pr\u00e9parait. Mais, selon lui, celui-ci ne l\u2019a pas \u00e9cout\u00e9&nbsp;.<\/p>\n\n\n\n<p>La Central Intelligence Agency (CIA) a produit deux rapports sur la pr\u00e9paration de cette attaque. Selon le&nbsp;<em>New York Times<\/em>, le second, dat\u00e9 du 5 octobre, a \u00e9t\u00e9 envoy\u00e9 aux autorit\u00e9s isra\u00e9liennes. Selon le&nbsp;<em>Corriere della Sera<\/em>, le directeur du Shin Bet (contre-espionnage) a alors convoqu\u00e9 une r\u00e9union des directeurs centraux de tous services de s\u00e9curit\u00e9, le 7 \u00e0 8h du matin.<br>Cependant, des responsables isra\u00e9liens avaient eu le temps de d\u00e9placer la&nbsp;<em>rave party<\/em>&nbsp;exceptionnelle pour qu\u2019elle se tiennent juste \u00e0 la fronti\u00e8re de Gaza et de donner cong\u00e9 aux forces charg\u00e9es de la prot\u00e9ger.<\/p>\n\n\n\n<p>Aujourd\u2019hui, un grand nombre de familles des otages sont convaincues que Benjamin Netanyahu a laiss\u00e9 faire afin de disposer d\u2019une justification pour l\u2019op\u00e9ration qu\u2019il m\u00e8ne contre la population de Gaza.<\/p>\n\n\n\n<h2 class=\"wp-block-heading\">APR\u00c8S L\u2019ATTAQUE<\/h2>\n\n\n\n<p>Depuis le 7 octobre, Isra\u00ebl s\u2019\u00e9vertue \u00e0 nous faire croire que&nbsp;:<br><strong><\/strong>&nbsp;la R\u00e9sistance palestinienne dans son ensemble n\u2019est qu\u2019une meute de jihadistes&nbsp;;<br><strong><\/strong>&nbsp;les personnes soutenant le Peuple palestinien sont des antis\u00e9mites&nbsp;;<\/p>\n\n\n\n<p><strong>Le montage vid\u00e9o des FDI<\/strong><\/p>\n\n\n\n<p>Les Forces de D\u00e9fense Isra\u00e9liennes (FDI) ont r\u00e9alis\u00e9 un montage vid\u00e9o \u00e0 partir des enregistrements film\u00e9s par les assaillants, de ceux de cam\u00e9ras de surveillance et de ceux qu\u2019elles ont r\u00e9alis\u00e9es. Ce montage vise \u00e0 convaincre que la R\u00e9sistance palestinienne est un ramassis de barbares antis\u00e9mites. On y voit des sc\u00e8nes insoutenables d\u2019une famille dont le p\u00e8re est assassin\u00e9 sous les yeux de ses enfants. On y voit un jihadiste qui tente de couper la t\u00eate d\u2019un cadavre avec une pelle. Mais, ni viol, ni d\u00e9membrement. On y voit aussi des corps carbonis\u00e9s, dont le spectateur pense qu\u2019ils ont \u00e9t\u00e9 br\u00fbl\u00e9s par les r\u00e9sistants. En r\u00e9alit\u00e9, ils ont \u00e9t\u00e9 les cibles des missiles air-sol de l\u2019arm\u00e9e isra\u00e9lienne venue arr\u00eater les assaillants. La \u00ab&nbsp;directive Hannibal&nbsp;\u00bb pr\u00e9cise en effet que les soldats doivent tuer les \u00ab&nbsp;terroristes&nbsp;\u00bb sans se pr\u00e9occuper des victimes collat\u00e9rales isra\u00e9liennes.<\/p>\n\n\n\n<p>Ce montage a \u00e9t\u00e9 visionn\u00e9 par des d\u00e9put\u00e9s de la Knesset, puis du Congr\u00e8s des \u00c9tats-Unis, avant d\u2019\u00eatre projet\u00e9 dans les diff\u00e9rents parlements des \u00c9tats membres de l\u2019Otan. Seuls le Parlement belge a refus\u00e9 de voir cette \u0153uvre de propagande, sans expertise ext\u00e9rieure. En outre, ce film a \u00e9t\u00e9 montr\u00e9 \u00e0 des journalistes choisis dans les diff\u00e9rentes capitales.<\/p>\n\n\n\n<p>Les autorit\u00e9s isra\u00e9liennes n\u2019ont diffus\u00e9 au grand public que les 10 minutes ci-dessous. Elles ont assur\u00e9 ne pas vouloir diffuser l\u2019int\u00e9gralit\u00e9 du montage au grand public, par respect pour les victimes. Mais en quoi un public restreint serait-il plus respectueux&nbsp;? En r\u00e9alit\u00e9, il s\u2019agit d\u2019emp\u00eacher que des sp\u00e9cialistes ne d\u00e9noncent sa supercherie en se demandant, victime par victime, qui l\u2019a tu\u00e9e.<\/p>\n\n\n\n<p><strong>Les manifestations contre l\u2019antis\u00e9mitisme<\/strong><\/p>\n\n\n\n<p>Pour rallier les opinions publiques occidentales \u00e0 leur cause et relativiser le massacre qu\u2019il perp\u00e8tre \u00e0 Gaza, Isra\u00ebl suscite des manifestations de soutien partout en Occident. Comme il serait impossible d\u2019appeler \u00e0 soutenir une arm\u00e9e qui pratique un g\u00e9nocide en direct sur les \u00e9crans de t\u00e9l\u00e9vision, le Mossad sugg\u00e8re des manifestations contre l\u2019antis\u00e9mitisme dont le Hamas a fait preuve.<\/p>\n\n\n\n<p>Sauf que le Hamas est p\u00e9tri de l\u2019id\u00e9ologie des Fr\u00e8res musulmans. Il est supr\u00e9maciste sunnite. Il a longtemps combattu prioritairement les musulmans chiites et druzes. Il \u00e9tait certes antis\u00e9mite, mais comme il \u00e9tait contre toutes les autres confessions musulmanes et toutes les autres religions, ni plus, ni moins.<\/p>\n\n\n\n<p>Le Mossad a donc parfois utilis\u00e9 un autre argument&nbsp;: les immigr\u00e9s arabes soutiennent le Hamas et sont donc antis\u00e9mites. Les \u00c9tats europ\u00e9ens devraient prendre des mesures pour prot\u00e9ger leurs populations juives.<\/p>\n\n\n\n<p>La manifestation de Washington a donc d\u00e9nonc\u00e9 avant tout la barbarie suppos\u00e9e du Hamas, tandis que la manifestation de Paris a mis en avant la lutte contre l\u2019antis\u00e9mitisme. Mais aucune des deux n\u2019a fait le plein. Celle de Washington a \u00e9t\u00e9 boycott\u00e9 par de nombreuses associations juives. Elle n\u2019a pu r\u00e9unir que 200 000 personnes, principalement chr\u00e9tiennes sionistes. Les gens sont plus venus pour entendre le t\u00e9l\u00e9vang\u00e9liste John Hagee que pour voir le pr\u00e9sident de l\u2019\u00c9tat d\u2019Isra\u00ebl, Isaac Herzog. Celle de Paris \u00e9tait ouverte par les pr\u00e9sidents des deux assembl\u00e9es et tous leurs pr\u00e9d\u00e9cesseurs, la Premi\u00e8re ministre et tous ses pr\u00e9d\u00e9cesseurs, et le pr\u00e9sident du Conseil constitutionnel et ses pr\u00e9d\u00e9cesseurs. Mais il n\u2019y avait derri\u00e8re eux que quelques dizaines de milliers de personnes. Deux absents de marque&nbsp;: les ministres des Affaires \u00e9trang\u00e8res Roland Dumas (\u00e9galement ancien pr\u00e9sident du Conseil constitutionnel) et Dominique de Villepin (\u00e9galement ancien Premier ministre). Ils se sont illustr\u00e9s comme des r\u00e9sistants \u00e0 l\u2019imp\u00e9rialisme, donc aux gouvernements \u00e9tats-uniens et isra\u00e9liens.<\/p>\n\n\n\n<p>Depuis des d\u00e9cennies, Isra\u00ebl accuse les antis\u00e9mites de se cacher derri\u00e8re un antisionisme de fa\u00e7ade. Progressivement, il amalgame les deux concepts. Or, l\u2019antis\u00e9mitisme europ\u00e9en est une forme de x\u00e9nophobie qui a d\u00e9but\u00e9 sous l\u2019empire romain, s\u2019est poursuivi sous l\u2019\u00c9glise catholique et s\u2019est prolong\u00e9 sous le nazisme. Il consiste \u00e0 accuser successivement tous les juifs collectivement d\u2019insurrection, d\u2019avoir tu\u00e9 le Christ ou d\u00e9g\u00e9n\u00e9rer la race aryenne. Tandis que l\u2019antisionisme est une opinion politique selon laquelle le nationalisme juif ne doit pas se mettre au service d\u2019un projet colonial. Aujourd\u2019hui, la plupart des juifs \u00e9tats-uniens sont antisionistes, tandis que la majorit\u00e9 des juifs europ\u00e9ens sont sionistes.<\/p>\n\n\n\n<p>Le s\u00e9nateur fran\u00e7ais St\u00e9phane Le Rudulier (R\u00e9publicain) vient de d\u00e9poser une proposition de loi visant \u00e0 aggraver les peines encourues pour injure, provocation \u00e0 la haine ou \u00e0 la violence lorsqu\u2019elles visent l\u2019\u00c9tat d\u2019Isra\u00ebl. Outre que l\u2019on ne voit pas en quoi ces incriminations seraient plus graves dans ce cas que dans les autres, on se souvient, qu\u2019en 1975, le monde fut agit\u00e9 par un d\u00e9bat sur la nature du sionisme. L\u2019Organisation de l\u2019Unit\u00e9 Africaine affirma que \u00ab&nbsp;le r\u00e9gime raciste en Palestine occup\u00e9e et le r\u00e9gime raciste au Zimbabwe et en Afrique du Sud ont une origine imp\u00e9rialiste commune, qu\u2019ils forment un tout et ont la m\u00eame structure raciste, et qu\u2019ils sont organiquement li\u00e9s dans leur politique destin\u00e9e \u00e0 opprimer la dignit\u00e9 et l\u2019int\u00e9grit\u00e9 de l\u2019\u00eatre d\u2019humain&nbsp;\u00bb. Identiquement le Mouvement des pays non-align\u00e9s qualifia le sionisme de \u00ab&nbsp;menace pour la paix et la s\u00e9curit\u00e9 du monde, et a appel\u00e9 tous les pays \u00e0 s\u2019opposer \u00e0 cette id\u00e9ologie raciste et imp\u00e9rialiste&nbsp;\u00bb. Enfin l\u2019Assembl\u00e9e g\u00e9n\u00e9rale des Nations unies adopta une r\u00e9solution qualifiant le sionisme de \u00ab&nbsp;forme de racisme et de discrimination raciale&nbsp;\u00bb&nbsp;.<\/p>\n\n\n\n<p>Seule la r\u00e9solution des Nations unies a \u00e9t\u00e9 abrog\u00e9e, en 1991, afin d\u2019aider Isra\u00ebl \u00e0 appliquer les r\u00e9solutions de la conf\u00e9rence de Madrid sur la Palestine. Les deux autres textes sont toujours en vigueur et, compte tenu de la non-application par Isra\u00ebl des d\u00e9cisions de Madrid, comme de tous les textes internationaux sur la Palestine, la question du r\u00e9tablissement de la r\u00e9solution 3379 a plusieurs fois \u00e9t\u00e9 pos\u00e9e.<\/p>\n\n\n\n<h2 class=\"wp-block-heading\">LA MISE EN SC\u00c8NE DE L\u2019H\u00d4PITAL AL-SHIFA<\/h2>\n\n\n\n<p>C\u2019est dans ce contexte que les FDI ont mis en sc\u00e8ne la d\u00e9couverte du QG militaire du Hamas, sous le plus grand h\u00f4pital de Gaza. Un officier des relations publiques nous a expliqu\u00e9 que des armes avaient \u00e9t\u00e9 d\u00e9couvertes sur place et, au vu d\u2019une corde attach\u00e9e \u00e0 un pied de chaise, qu\u2019un abri souterrain avait h\u00e9berg\u00e9 des otages.<\/p>\n\n\n\n<figure class=\"wp-block-embed is-type-video is-provider-youtube wp-block-embed-youtube wp-embed-aspect-16-9 wp-has-aspect-ratio\"><div class=\"wp-block-embed__wrapper\">\n<iframe loading=\"lazy\" title=\"EXPOSED: Weapons in Gaza&#039;s Shifa Hospital&#039;s MRI Building\" width=\"1110\" height=\"624\" src=\"https:\/\/www.youtube.com\/embed\/hEhsIJUw1DQ?feature=oembed\" frameborder=\"0\" allow=\"accelerometer; autoplay; clipboard-write; encrypted-media; gyroscope; picture-in-picture; web-share\" allowfullscreen><\/iframe>\n<\/div><\/figure>\n\n\n\n<p>Pendant que le public d\u00e9bat de savoir si ces preuves sont convaincantes ou non, il oublie l\u2019histoire de cet h\u00f4pital. Il a \u00e9t\u00e9 construit en 1983 par Isra\u00ebl&nbsp;[<a href=\"https:\/\/www.voltairenet.org\/article220014.html#nb6\">6<\/a>]. Les FDI en poss\u00e8dent donc tous les plans. Le Mossad y a install\u00e9 le Hamas dans les sous-sols lorsqu\u2019il luttait contre le Fatah. Par la suite, l\u2019h\u00f4pital est devenu le lieu de rendez-vous des responsables du Hamas avec les journalistes \u00e9trangers. Mais tout cela n\u2019en fait ni un arsenal, ni un QG militaire.<\/p>\n\n\n\n<p>Au cours de l\u2019\u00e9pisode actuel de la guerre isra\u00e9lo-palestinienne, les FDI ont accus\u00e9 le Hamas d\u2019avoir creus\u00e9 des tunnels sous l\u2019h\u00f4pital. Elles ont d\u2019abord d\u00e9cid\u00e9 de le d\u00e9truire avec des bombes p\u00e9n\u00e9trantes pour atteindre ses profondeurs. Mais vu les objurgations de l\u2019Organisation mondiale de la Sant\u00e9, les FDI ont admis que leur objectif ne l\u00e9gitimait pas de raser un h\u00f4pital. Ils ont donc rapport\u00e9 leur ordre d\u2019\u00e9vacuation et l\u2019ont encercl\u00e9. 2 300 personnes, patients, personnels soignants et r\u00e9fugi\u00e9s se sont rendus \u00e0 l\u2019arm\u00e9e isra\u00e9lienne qui les a fouill\u00e9s sans m\u00e9nagement.<\/p>\n\n\n\n<p>Ce n\u2019est que deux jours apr\u00e8s avoir donn\u00e9 l\u2019assaut que les FDI ont d\u00e9clar\u00e9 avoir d\u00e9couvert le quartier g\u00e9n\u00e9ral militaire du Hamas sous l\u2019h\u00f4pital Al-Shifa. En r\u00e9alit\u00e9, les images qu\u2019elles ont diffus\u00e9es attestent bien qu\u2019un puits, \u00e0 proximit\u00e9 de l\u2019h\u00f4pital, menait \u00e0 des galeries, mais absolument pas que celles-ci conduisaient \u00e0 une salle pouvant servir de quartier g\u00e9n\u00e9ral.<\/p>\n\n\n\n<figure class=\"wp-block-embed is-type-video is-provider-youtube wp-block-embed-youtube wp-embed-aspect-16-9 wp-has-aspect-ratio\"><div class=\"wp-block-embed__wrapper\">\n<iframe loading=\"lazy\" title=\"Terrorist Tunnel Exposed Underneath the Shifa Hospital\" width=\"1110\" height=\"624\" src=\"https:\/\/www.youtube.com\/embed\/rRra0hvjAL0?feature=oembed\" frameborder=\"0\" allow=\"accelerometer; autoplay; clipboard-write; encrypted-media; gyroscope; picture-in-picture; web-share\" allowfullscreen><\/iframe>\n<\/div><\/figure>\n\n\n\n<p>Les tirs, les coupures de courant et la perquisition de l\u2019h\u00f4pital ayant provoqu\u00e9 de nombreux d\u00e9c\u00e8s, les FDI ont apport\u00e9 une dizaine de couveuses qui ne peuvent pas fonctionner, pr\u00e9cis\u00e9ment \u00e0 cause des coupures de courant, ainsi que l\u2019ont rapport\u00e9 Reuters et la BBC. Cependant, le Mossad sert \u00e0 quelque chose puisque la BBC a pr\u00e9sent\u00e9 ses excuses \u00e0 ses t\u00e9l\u00e9spectateurs pour ne pas leur avoir rapport\u00e9 les dons de couveuses et la pr\u00e9sence de traducteurs h\u00e9breu-arabe.<\/p>\n\n\n\n<p>Source : Voltaire<\/p>\n","protected":false},"excerpt":{"rendered":"<p>Par : &nbsp;Thierry Meyssan Nous pensons \u00eatre correctement inform\u00e9s en Occident de ce qui se passe \u00e0 Gaza. Il n\u2019en est rien. Les images que nous voyons sont s\u00e9lectionn\u00e9es. Les&hellip; <\/p>\n","protected":false},"author":87,"featured_media":22517,"comment_status":"open","ping_status":"closed","sticky":false,"template":"","format":"standard","meta":{"_bbp_topic_count":0,"_bbp_reply_count":0,"_bbp_total_topic_count":0,"_bbp_total_reply_count":0,"_bbp_voice_count":0,"_bbp_anonymous_reply_count":0,"_bbp_topic_count_hidden":0,"_bbp_reply_count_hidden":0,"_bbp_forum_subforum_count":0,"ngg_post_thumbnail":0},"categories":[103,104,204],"tags":[],"_links":{"self":[{"href":"https:\/\/maghreb-observateur.com\/index.php?rest_route=\/wp\/v2\/posts\/23006"}],"collection":[{"href":"https:\/\/maghreb-observateur.com\/index.php?rest_route=\/wp\/v2\/posts"}],"about":[{"href":"https:\/\/maghreb-observateur.com\/index.php?rest_route=\/wp\/v2\/types\/post"}],"author":[{"embeddable":true,"href":"https:\/\/maghreb-observateur.com\/index.php?rest_route=\/wp\/v2\/users\/87"}],"replies":[{"embeddable":true,"href":"https:\/\/maghreb-observateur.com\/index.php?rest_route=%2Fwp%2Fv2%2Fcomments&post=23006"}],"version-history":[{"count":3,"href":"https:\/\/maghreb-observateur.com\/index.php?rest_route=\/wp\/v2\/posts\/23006\/revisions"}],"predecessor-version":[{"id":23015,"href":"https:\/\/maghreb-observateur.com\/index.php?rest_route=\/wp\/v2\/posts\/23006\/revisions\/23015"}],"wp:featuredmedia":[{"embeddable":true,"href":"https:\/\/maghreb-observateur.com\/index.php?rest_route=\/wp\/v2\/media\/22517"}],"wp:attachment":[{"href":"https:\/\/maghreb-observateur.com\/index.php?rest_route=%2Fwp%2Fv2%2Fmedia&parent=23006"}],"wp:term":[{"taxonomy":"category","embeddable":true,"href":"https:\/\/maghreb-observateur.com\/index.php?rest_route=%2Fwp%2Fv2%2Fcategories&post=23006"},{"taxonomy":"post_tag","embeddable":true,"href":"https:\/\/maghreb-observateur.com\/index.php?rest_route=%2Fwp%2Fv2%2Ftags&post=23006"}],"curies":[{"name":"wp","href":"https:\/\/api.w.org\/{rel}","templated":true}]}}