{"id":22800,"date":"2023-11-15T00:53:21","date_gmt":"2023-11-15T05:53:21","guid":{"rendered":"https:\/\/maghreb-observateur.com\/?p=22800"},"modified":"2023-11-16T01:13:31","modified_gmt":"2023-11-16T06:13:31","slug":"que-dit-la-loi-concernant-les-reseaux-sociaux","status":"publish","type":"post","link":"https:\/\/maghreb-observateur.com\/?p=22800","title":{"rendered":"Que dit la loi concernant les r\u00e9seaux sociaux\u00a0?"},"content":{"rendered":"\n<figure class=\"wp-block-image size-large\"><a href=\"https:\/\/maghreb-observateur.com\/wp-content\/uploads\/2021\/05\/Depositphotos_33995043_xl-2015-scaled.jpg\" rel=\"shadowbox[sbpost-22800];player=img;\"><img decoding=\"async\" loading=\"lazy\" width=\"1024\" height=\"683\" src=\"https:\/\/maghreb-observateur.com\/wp-content\/uploads\/2021\/05\/Depositphotos_33995043_xl-2015-1024x683.jpg\" alt=\"\" class=\"wp-image-9007\" srcset=\"https:\/\/maghreb-observateur.com\/wp-content\/uploads\/2021\/05\/Depositphotos_33995043_xl-2015-1024x683.jpg 1024w, https:\/\/maghreb-observateur.com\/wp-content\/uploads\/2021\/05\/Depositphotos_33995043_xl-2015-300x200.jpg 300w, https:\/\/maghreb-observateur.com\/wp-content\/uploads\/2021\/05\/Depositphotos_33995043_xl-2015-768x512.jpg 768w, https:\/\/maghreb-observateur.com\/wp-content\/uploads\/2021\/05\/Depositphotos_33995043_xl-2015-1536x1024.jpg 1536w, https:\/\/maghreb-observateur.com\/wp-content\/uploads\/2021\/05\/Depositphotos_33995043_xl-2015-2048x1365.jpg 2048w\" sizes=\"(max-width: 1024px) 100vw, 1024px\" \/><\/a><figcaption class=\"wp-element-caption\">Bronze scales, gavel, glasses and a book on the table<\/figcaption><\/figure>\n\n\n\n<p><strong><em>\u00c0 l\u2019heure actuelle, il n\u2019existe pas encore de l\u00e9gislation propre aux r\u00e9seaux sociaux. Toutefois, les social media sont consid\u00e9r\u00e9s comme des espaces public<\/em><\/strong>s.<\/p>\n\n\n\n<p>De ce fait, la libert\u00e9 d\u2019expression,&nbsp;le droit \u00e0 l\u2019image&nbsp;ou encore le&nbsp;droit d\u2019auteur&nbsp;y sont appliqu\u00e9s. Sachez ainsi que les contenus publi\u00e9s engagent la responsabilit\u00e9 de la personne qui les met en ligne. Le propri\u00e9taire d\u2019une page Facebook ou encore d\u2019un compte Instagram est responsable des contenus qui y sont publi\u00e9s, et ce, par lui ou par un tiers.<br>L\u2019h\u00e9bergeur a quant \u00e0 lui une responsabilit\u00e9 limit\u00e9e. En effet, il n\u2019est pas oblig\u00e9 de surveiller ou de filtrer les contenus qu\u2019il h\u00e9berge, \u00e0 quelques exceptions pr\u00e8s. L\u2019h\u00e9bergeur peut \u00eatre jug\u00e9 responsable si des contenus illicites ont \u00e9t\u00e9 diffus\u00e9s, qu\u2019il \u00e9tait au courant, mais qu\u2019il n\u2019a rien fait pour les retirer.<\/p>\n\n\n\n<p><strong>\u00c0 noter :&nbsp;<\/strong>un syst\u00e8me de signalement doit \u00eatre mis en place par l\u2019h\u00e9bergeur. Il doit \u00eatre visible et accessible par les internautes.<\/p>\n\n\n\n<h2 class=\"wp-block-heading\">\u00c0 quelle l\u00e9gislation sont soumis les r\u00e9seaux sociaux ?<\/h2>\n\n\n\n<p>Contrairement \u00e0 ce que pensent certains, les r\u00e9seaux sociaux n\u2019\u00e9chappent pas \u00e0 la loi, mais \u00e0 quelle loi, me direz-vous\u2026 Les r\u00e9seaux sociaux ignorent les fronti\u00e8res, mais peuvent \u00eatre soumis \u00e0 des l\u00e9gislations diff\u00e9rentes suivant les pays o\u00f9 ils sont diffus\u00e9s. <\/p>\n\n\n\n<h2 class=\"wp-block-heading\"><strong>La libert\u00e9 d\u2019expression et les r\u00e9seaux sociaux<\/strong><\/h2>\n\n\n\n<p>Contrairement aux id\u00e9es re\u00e7ues,&nbsp;le droit \u00e0 la libert\u00e9 d\u2019expression&nbsp;n\u2019est pas absolu. Selon la loi \u00ab&nbsp;sont consid\u00e9r\u00e9s comme illicites tous les propos qui portent atteinte \u00e0 l\u2019honneur, \u00e0 la vie priv\u00e9e ou \u00e0 la r\u00e9putation, les injures cibl\u00e9es,&nbsp;la diffamation&nbsp;ainsi que les propos qui incitent \u00e0 la haine raciale, \u00e0 la x\u00e9nophobie ou qui font l\u2019apologie des crimes contre l\u2019humanit\u00e9&nbsp;\u00bb. Cette limitation de la libert\u00e9 d\u2019expression s\u2019applique aux espaces publics, donc aux r\u00e9seaux sociaux.<br>Il est ainsi fortement recommand\u00e9 de bien r\u00e9fl\u00e9chir avant de publier, liker, commenter ou partager des contenus sur Facebook.<\/p>\n\n\n\n<h2 class=\"wp-block-heading\"><strong>Les droits d\u2019auteur et les r\u00e9seaux sociaux<\/strong><\/h2>\n\n\n\n<p>Selon la loi, il est interdit de \u00ab&nbsp;faire des reproductions, m\u00eame partielles de l\u2019\u0153uvre, de faire des modifications de l\u2019\u0153uvre, d\u2019en mettre des extraits dans une autre \u0153uvre, de distribuer ou communiquer l\u2019\u0153uvre au public (m\u00eame gratuitement)&nbsp;\u00bb.<br>Seul l\u2019auteur peut donner l\u2019accord pour la copie, l\u2019exploitation et la distribution de son \u0153uvre. Faites ainsi attention aux captures d\u2019\u00e9cran ou aux partages sur le web.<br>Cette liste montre quelques exceptions \u00e0 ces r\u00e8gles&nbsp;:<\/p>\n\n\n\n<ul>\n<li>Diffusion d\u2019une \u0153uvre dans un cercle priv\u00e9&nbsp;: diffusion de musique lors d\u2019une f\u00eate familiale \u00e0 titre d\u2019exemple.<\/li>\n\n\n\n<li>La caricature d\u2019une \u0153uvre est autoris\u00e9e dans un but humoristique. Toutefois, il est n\u00e9cessaire de citer les sources.<\/li>\n\n\n\n<li>Une image prise dans un lieu public incluant une \u0153uvre ne peut \u00eatre consid\u00e9r\u00e9e comme une violation dans le cas o\u00f9 sa diffusion n\u2019a pas de fins commerciales.<strong>&nbsp;<\/strong><\/li>\n<\/ul>\n\n\n\n<h2 class=\"wp-block-heading\"><strong>Le droit \u00e0 l\u2019image et les r\u00e9seaux sociaux<\/strong><\/h2>\n\n\n\n<p>La diffusion d\u2019images et de vid\u00e9os est monnaie courante sur les r\u00e9seaux sociaux. Toutefois, les images ne peuvent pas y \u00eatre toutes partag\u00e9es. Le droit \u00e0 l\u2019image s\u2019applique sur les r\u00e9seaux sociaux. Il s\u2019agit du droit d\u2019une personne \u00e0 disposer de son image. Cela signifie que son approbation est indispensable avant la diffusion de son image sur les r\u00e9seaux sociaux, m\u00eame si la personne a accept\u00e9 d\u2019\u00eatre prise en photo.<br>Toutefois, il y a exception pour les photos prises dans la foule ainsi que les photos de personnalit\u00e9s publiques prises dans les lieux publics.<br>Vous pouvez diffuser la photo d\u2019une foule, mais les visages ne doivent pas \u00eatre en gros plan ou identifiables.<\/p>\n\n\n\n<h2 class=\"wp-block-heading\"><strong>Le d\u00e9lit de presse et les r\u00e9seaux sociaux<\/strong><\/h2>\n\n\n\n<p>Les r\u00e9seaux sociaux sont \u00e9galement concern\u00e9s par le d\u00e9lit de presse. Il s\u2019agit d\u2019une infraction par la diffusion d\u2019injures, de diffamation et de calomnies. Il y a d\u00e9lit de presse lorsqu\u2019une personne&nbsp;exprime une opinion punissable par le biais d\u2019une publication. Selon la loi du 29 juillet 1881 sur la libert\u00e9 de la presse \u00ab&nbsp;seront punis comme complices d\u2019une action qualifi\u00e9e crime ou d\u00e9lit ceux qui, soit par des discours, cris ou menaces prof\u00e9r\u00e9es dans des lieux ou r\u00e9unions publics, soit par des \u00e9crits, imprim\u00e9s, dessins, gravures, peintures, embl\u00e8mes, images ou tout autre support de l\u2019\u00e9crit, de la parole ou de l\u2019image vendus ou distribu\u00e9s, mis en vente ou expos\u00e9s dans des lieux ou r\u00e9unions publics, soit par des placards ou des affiches expos\u00e9es au regard du public, soit par tout moyen de communication au public par voie \u00e9lectronique, auront directement provoqu\u00e9 l\u2019auteur ou les auteurs \u00e0 commettre ladite action, si la provocation a \u00e9t\u00e9 suivie d\u2019effet&nbsp;\u00bb.<br>Le d\u00e9lit de presse est une infraction lourde qui peut vous mener devant la cour d\u2019Assises.<\/p>\n\n\n\n<h2 class=\"wp-block-heading\"><strong>Comment \u00e9viter les probl\u00e8mes sur les r\u00e9seaux sociaux&nbsp;?<\/strong><\/h2>\n\n\n\n<p>Il est n\u00e9cessaire de faire bien attention avant de publier, d\u2019aimer ou de partager sur les r\u00e9seaux sociaux. La&nbsp;libert\u00e9 d\u2019expression sur Internet&nbsp;ne signifie pas que vous pouvez tout dire&nbsp;!<br>Pour \u00e9viter les ennuis, vous pouvez mettre en place une charte de mod\u00e9ration pour que votre responsabilit\u00e9 ne soit pas engag\u00e9e en cas d\u2019infraction. La charte de bonne conduite peut \u00eatre plac\u00e9e dans l\u2019onglet \u00ab&nbsp;mentions l\u00e9gales&nbsp;\u00bb de la page.<br>Sur Facebook, mieux vaut limiter la libert\u00e9 des tiers \u00e0 publier sur votre page.<strong>&nbsp;<\/strong><br>En r\u00e9sum\u00e9, les r\u00e9seaux sociaux sont consid\u00e9r\u00e9s comme des espaces publics. De ce fait, ils sont soumis au droit \u00e0 l\u2019image, d\u2019auteur et de la libert\u00e9 d\u2019expression. Votre responsabilit\u00e9 peut ainsi \u00eatre engag\u00e9e si vos publications ne respectent pas les r\u00e9glementations en mati\u00e8re de droit \u00e0 l\u2019image, d\u2019auteur et de la libert\u00e9 d\u2019expression. Il est important de faire attention \u00e0 ce que vous publiez, likez ou partagez sur ces plateformes. Si d\u2019autres personnes peuvent publier sur votre page, redoublez de prudence. Une astuce consiste \u00e0 montrer votre bonne foi en \u00e9ditant une charte de mod\u00e9ration en cas d\u2019infraction. Toutefois, au risque de voir votre responsabilit\u00e9 engag\u00e9e, vous devez faire le n\u00e9cessaire pour filtrer et mod\u00e9rer les propos injurieux.<\/p>\n\n\n\n<h2 class=\"wp-block-heading\">Conclusion : faut-il multiplier les lois ?<\/h2>\n\n\n\n<p>Le rapport de la mission&nbsp;<a href=\"https:\/\/www.numerique.gouv.fr\/uploads\/rapport-mission-regulation-reseaux-sociaux.pdf\" target=\"_blank\" rel=\"noreferrer noopener\">\u00ab&nbsp;R\u00e9gulation des r\u00e9seaux sociaux \u2013 Exp\u00e9rimentation Facebook \u00bb<\/a>, remis en mai 2019 au Secr\u00e9taire d\u2019\u00c9tat en charge du num\u00e9rique pr\u00e9sentait une liste de dispositifs de r\u00e9gulation combinant les mesures r\u00e9pressives et de responsabilisation.<\/p>\n\n\n\n<figure class=\"wp-block-image size-large\"><a href=\"https:\/\/maghreb-observateur.com\/wp-content\/uploads\/2023\/11\/image-10.png\" rel=\"shadowbox[sbpost-22800];player=img;\"><img decoding=\"async\" loading=\"lazy\" width=\"1024\" height=\"594\" src=\"https:\/\/maghreb-observateur.com\/wp-content\/uploads\/2023\/11\/image-10-1024x594.png\" alt=\"\" class=\"wp-image-22855\" srcset=\"https:\/\/maghreb-observateur.com\/wp-content\/uploads\/2023\/11\/image-10-1024x594.png 1024w, https:\/\/maghreb-observateur.com\/wp-content\/uploads\/2023\/11\/image-10-300x174.png 300w, https:\/\/maghreb-observateur.com\/wp-content\/uploads\/2023\/11\/image-10-768x446.png 768w, https:\/\/maghreb-observateur.com\/wp-content\/uploads\/2023\/11\/image-10.png 1201w\" sizes=\"(max-width: 1024px) 100vw, 1024px\" \/><\/a><\/figure>\n\n\n\n<p>R\u00e9f\u00e9rences :<\/p>\n\n\n\n<p>Weiss&nbsp;Marie-Andr\u00e9e, \u00ab&nbsp;Libert\u00e9 d\u2019expression sur les r\u00e9seaux sociaux. Regards crois\u00e9s \u00c9tats-Unis\/Europe&nbsp;\u00bb,&nbsp;<em>Documentaliste-Sciences de l\u2019Information<\/em>, 2014\/3 (Vol.&nbsp;51), p. 20-22. DOI : 10.3917\/docsi.513.0020. URL :&nbsp;<a href=\"https:\/\/www.cairn.info\/revue-documentaliste-sciences-de-l-information-2014-3-page-20.htm\" target=\"_blank\" rel=\"noreferrer noopener\">https:\/\/www.cairn.info\/revue-documentaliste-sciences-de-l-information-2014-3-page-20.htm<\/a><\/p>\n\n\n\n<p>Baudel Jules-Marc. Le droit d\u2019auteur fran\u00e7ais et le copyright am\u00e9ricain : les enjeux. In:&nbsp;<em>Revue Fran\u00e7aise d\u2019\u00c9tudes Am\u00e9ricaines<\/em>, N\u00b078, octobre 1998. L\u2019\u00e9dition am\u00e9ricaine en mouvement. pp. 48-59.<br>DOI :&nbsp;<a href=\"https:\/\/doi.org\/10.3406\/rfea.1998.1748\" target=\"_blank\" rel=\"noreferrer noopener\">https:\/\/doi.org\/10.3406\/rfea.1998.1748<\/a><br><a href=\"https:\/\/www.persee.fr\/doc\/rfea_0397-7870_1998_num_78_1_1748\" target=\"_blank\" rel=\"noreferrer noopener\">www.persee.fr\/doc\/rfea_0397-7870_1998_num_78_1_1748<\/a><\/p>\n\n\n\n<p>Une Europe adapt\u00e9e \u00e0 l\u2019\u00e8re du num\u00e9rique: nouvelles r\u00e8gles en ligne pour les utilisateurs :&nbsp;<a href=\"https:\/\/ec.europa.eu\/info\/strategy\/priorities-2019-2024\/europe-fit-digital-age\/digital-services-act-ensuring-safe-and-accountable-online-environment\/europe-fit-digital-age-new-online-rules-users_fr\" target=\"_blank\" rel=\"noreferrer noopener\">https:\/\/ec.europa.eu\/info\/strategy\/priorities-2019-2024\/europe-fit-digital-age\/digital-services-act-ensuring-safe-and-accountable-online-environment\/europe-fit-digital-age-new-online-rules-users_fr<\/a><\/p>\n","protected":false},"excerpt":{"rendered":"<p>\u00c0 l\u2019heure actuelle, il n\u2019existe pas encore de l\u00e9gislation propre aux r\u00e9seaux sociaux. Toutefois, les social media sont consid\u00e9r\u00e9s comme des espaces publics. De ce fait, la libert\u00e9 d\u2019expression,&nbsp;le droit&hellip; <\/p>\n","protected":false},"author":87,"featured_media":20468,"comment_status":"open","ping_status":"closed","sticky":false,"template":"","format":"standard","meta":{"_bbp_topic_count":0,"_bbp_reply_count":0,"_bbp_total_topic_count":0,"_bbp_total_reply_count":0,"_bbp_voice_count":0,"_bbp_anonymous_reply_count":0,"_bbp_topic_count_hidden":0,"_bbp_reply_count_hidden":0,"_bbp_forum_subforum_count":0,"ngg_post_thumbnail":0},"categories":[193,114],"tags":[],"_links":{"self":[{"href":"https:\/\/maghreb-observateur.com\/index.php?rest_route=\/wp\/v2\/posts\/22800"}],"collection":[{"href":"https:\/\/maghreb-observateur.com\/index.php?rest_route=\/wp\/v2\/posts"}],"about":[{"href":"https:\/\/maghreb-observateur.com\/index.php?rest_route=\/wp\/v2\/types\/post"}],"author":[{"embeddable":true,"href":"https:\/\/maghreb-observateur.com\/index.php?rest_route=\/wp\/v2\/users\/87"}],"replies":[{"embeddable":true,"href":"https:\/\/maghreb-observateur.com\/index.php?rest_route=%2Fwp%2Fv2%2Fcomments&post=22800"}],"version-history":[{"count":3,"href":"https:\/\/maghreb-observateur.com\/index.php?rest_route=\/wp\/v2\/posts\/22800\/revisions"}],"predecessor-version":[{"id":22858,"href":"https:\/\/maghreb-observateur.com\/index.php?rest_route=\/wp\/v2\/posts\/22800\/revisions\/22858"}],"wp:featuredmedia":[{"embeddable":true,"href":"https:\/\/maghreb-observateur.com\/index.php?rest_route=\/wp\/v2\/media\/20468"}],"wp:attachment":[{"href":"https:\/\/maghreb-observateur.com\/index.php?rest_route=%2Fwp%2Fv2%2Fmedia&parent=22800"}],"wp:term":[{"taxonomy":"category","embeddable":true,"href":"https:\/\/maghreb-observateur.com\/index.php?rest_route=%2Fwp%2Fv2%2Fcategories&post=22800"},{"taxonomy":"post_tag","embeddable":true,"href":"https:\/\/maghreb-observateur.com\/index.php?rest_route=%2Fwp%2Fv2%2Ftags&post=22800"}],"curies":[{"name":"wp","href":"https:\/\/api.w.org\/{rel}","templated":true}]}}