{"id":22739,"date":"2023-11-12T04:34:24","date_gmt":"2023-11-12T09:34:24","guid":{"rendered":"https:\/\/maghreb-observateur.com\/?p=22739"},"modified":"2023-11-12T10:14:35","modified_gmt":"2023-11-12T15:14:35","slug":"gaza-sommet-ryad-les-dirigeants-de-pays-arabes-et-musulmans-se-sont-mis-daccord-de-ne-pas-se-mettre-daccord","status":"publish","type":"post","link":"https:\/\/maghreb-observateur.com\/?p=22739","title":{"rendered":"Gaza\/Sommet Ryad : Les dirigeants des pays arabes et musulmans, se sont mis d&#8217;accord, de ne pas se mettre d&#8217;accord"},"content":{"rendered":"\n<figure class=\"wp-block-image size-large\"><a href=\"https:\/\/maghreb-observateur.com\/wp-content\/uploads\/2023\/11\/daccord.png\" rel=\"shadowbox[sbpost-22739];player=img;\"><img decoding=\"async\" loading=\"lazy\" width=\"1024\" height=\"620\" src=\"https:\/\/maghreb-observateur.com\/wp-content\/uploads\/2023\/11\/daccord-1024x620.png\" alt=\"\" class=\"wp-image-22740\" srcset=\"https:\/\/maghreb-observateur.com\/wp-content\/uploads\/2023\/11\/daccord-1024x620.png 1024w, https:\/\/maghreb-observateur.com\/wp-content\/uploads\/2023\/11\/daccord-300x182.png 300w, https:\/\/maghreb-observateur.com\/wp-content\/uploads\/2023\/11\/daccord-768x465.png 768w, https:\/\/maghreb-observateur.com\/wp-content\/uploads\/2023\/11\/daccord.png 1200w\" sizes=\"(max-width: 1024px) 100vw, 1024px\" \/><\/a><\/figure>\n\n\n\n<p>Le sommet conjoint de la Ligue arabe et de l&#8217;Organisation de la coop\u00e9ration islamique a soulign\u00e9 les divisions r\u00e9gionales sur la mani\u00e8re de r\u00e9agir au conflit.<\/p>\n\n\n\n<p>Les dirigeants de pays arabes et musulmans ont condamn\u00e9 samedi les actions &#8220;barbares&#8221; des forces isra\u00e9liennes \u00e0 Gaza, mais se sont abstenus d&#8217;\u00e9noncer des mesures \u00e9conomiques et politiques punitives \u00e0 l&#8217;encontre d&#8217;Isra\u00ebl, en guerre contre le Hamas dans la bande de Gaza.<\/p>\n\n\n\n<p>&nbsp;Les r\u00e9sultats du sommet conjoint de la Ligue arabe et de l&#8217;Organisation de la coop\u00e9ration islamique (OCI) \u00e0 Ryad&nbsp;<strong>ont mis en \u00e9vidence les divisions r\u00e9gionales quant \u00e0 la mani\u00e8re de r\u00e9agir au conflit<\/strong>, sur fond de craintes d&#8217;un embrasement dans la r\u00e9gion.<\/p>\n\n\n\n<p>&nbsp;Le sommet s&#8217;est d\u00e9roul\u00e9 dans un contexte de col\u00e8re au Moyen-Orient et au-del\u00e0, contre les bombardements d&#8217;Isra\u00ebl dans la bande de Gaza, men\u00e9s en repr\u00e9sailles \u00e0 l&#8217;attaque sans pr\u00e9c\u00e9dent perp\u00e9tr\u00e9e par le Hamas sur le sol isra\u00e9lien le 7 octobre.<\/p>\n\n\n\n<p>&nbsp;Cette attaque a fait&nbsp;<strong>environ 1.200 morts c\u00f4t\u00e9 isra\u00e9lien<\/strong>, en majorit\u00e9 des civils, selon des chiffres officiels isra\u00e9liens, alors que les bombardements sur Gaza ont tu\u00e9&nbsp;<strong>plus de 11.000 personnes, dont une majorit\u00e9 de civils palestiniens<\/strong>, selon le minist\u00e8re de la Sant\u00e9 dirig\u00e9 par le Hamas, dont les chiffres sont jug\u00e9s cr\u00e9dibles par les agences des nations unies.<\/p>\n\n\n\n<p>&nbsp;Le communiqu\u00e9 final du sommet&nbsp;<strong>a rejet\u00e9 les arguments d&#8217;Isra\u00ebl selon lesquels ce pays agit en \u00e9tat de &#8220;l\u00e9gitime d\u00e9fense&#8221;<\/strong>&nbsp;et a exig\u00e9 que le Conseil de s\u00e9curit\u00e9 de l&#8217;ONU adopte une r\u00e9solution &#8220;contraignante&#8221; pour mettre fin \u00e0 &#8220;l&#8217;agression&#8221; isra\u00e9lienne.<\/p>\n\n\n\n<p>&nbsp;Il a \u00e9galement rejet\u00e9 toute solution politique future du conflit qui maintiendrait la bande de Gaza s\u00e9par\u00e9e de la Cisjordanie occup\u00e9e par Isra\u00ebl.<q>&#8220;Le seul moyen de garantir la s\u00e9curit\u00e9, la paix et la stabilit\u00e9 dans la r\u00e9gion est de mettre fin \u00e0 l&#8217;occupation, au si\u00e8ge et \u00e0 la colonisation.&#8221;<\/q>Partager surTwitter<\/p>\n\n\n\n<p><strong>MOHAMMED BEN SALMANE<\/strong><\/p>\n\n\n\n<p>PRINCE H\u00c9RITIER D&#8217;ARABIE SAOUDITE<\/p>\n\n\n\n<p>L&#8217;Arabie saoudite &#8220;tient les autorit\u00e9s d&#8217;occupation (isra\u00e9liennes) pour responsables des crimes commis contre le peuple palestinien&#8221;, a en outre d\u00e9clar\u00e9 le prince h\u00e9ritier&nbsp;<strong>Mohammed ben Salmane<\/strong>, \u00e0 l&#8217;ouverture du sommet. &#8220;Nous sommes certains que le seul moyen de garantir la s\u00e9curit\u00e9, la paix et la stabilit\u00e9 dans la r\u00e9gion est de mettre fin \u00e0 l&#8217;occupation, au si\u00e8ge et \u00e0 la colonisation&#8221;, a-t-il ajout\u00e9.<\/p>\n\n\n\n<p>&nbsp;Le pr\u00e9sident iranien,&nbsp;<strong>Ebrahim Ra\u00efssi<\/strong>, en visite pour la premi\u00e8re fois en Arabie saoudite depuis le rapprochement des deux pays, a demand\u00e9 aux pays islamiques de d\u00e9signer l&#8217;arm\u00e9e isra\u00e9lienne comme une &#8220;organisation terroriste&#8221;. Il a en outre rencontr\u00e9 le prince saoudien, le premier contact \u00e0 ce niveau depuis le r\u00e9tablissement en mars des relations diplomatiques entre les deux pays \u00e0 la faveur d&#8217;une m\u00e9diation chinoise.<\/p>\n\n\n\n<p>L&#8217;Alg\u00e9rie et le Liban notamment&nbsp;<strong>ont propos\u00e9 \u00e0 certains pays de rompre les liens \u00e9conomiques et diplomatiques avec Isra\u00ebl et de cesser d&#8217;approvisionner en p\u00e9trole ce pays et ses alli\u00e9s<\/strong>, selon des diplomates arabes. Toutefois, au moins trois pays parmi lesquels les \u00c9mirats arabes unis et Bahre\u00efn, qui ont normalis\u00e9 leurs relations avec Isra\u00ebl en 2020, ont rejet\u00e9 cette proposition.<q>&#8220;Il est honteux que les pays occidentaux, qui parlent toujours des droits de l&#8217;homme et des libert\u00e9s, restent silencieux face aux massacres en cours en Palestine.&#8221;<\/q>Partager surTwitter<\/p>\n\n\n\n<p><strong>RECEP TAYYIP ERDOGAN<\/strong><\/p>\n\n\n\n<p>PR\u00c9SIDENT TURC<\/p>\n\n\n\n<p>Les organisations humanitaires internationales ont redoubl\u00e9 d&#8217;appels en faveur d&#8217;un cessez-le-feu \u00e0 Gaza, o\u00f9 l&#8217;eau potable et les m\u00e9dicaments manquent cruellement. Isra\u00ebl et son principal alli\u00e9, les \u00c9tats-Unis, ont jusqu&#8217;\u00e0 pr\u00e9sent rejet\u00e9 les demandes de cessez-le-feu. &#8220;Il est honteux que les pays occidentaux, qui parlent toujours des droits de l&#8217;homme et des libert\u00e9s, restent silencieux face aux massacres en cours en Palestine&#8221;, a d\u00e9clar\u00e9 pour sa part le pr\u00e9sident turc, Recep Tayyip Erdogan.<\/p>\n\n\n\n<p>&nbsp;Le ministre saoudien des Affaires \u00e9trang\u00e8res, Fay\u00e7al ben Farhane, a qualifi\u00e9 de &#8220;deux poids, deux mesures&#8221; les r\u00e9actions internationales \u00e0 la guerre entre Isra\u00ebl et le Hamas.&nbsp;<strong>&#8220;Je parle des pays qui (&#8230;) ferment les yeux sur le non-respect par Isra\u00ebl des bases du droit international&#8221;<\/strong>, a-t-il d\u00e9clar\u00e9 lors d&#8217;une conf\u00e9rence de presse.<\/p>\n\n\n\n<p>Le pr\u00e9sident de l&#8217;Autorit\u00e9 palestinienne,&nbsp;<strong>Mahmoud Abbas<\/strong>, a quant \u00e0 lui soulign\u00e9 que Washington avait &#8220;la plus grande influence sur Isra\u00ebl&#8221; et &#8220;portait (en cons\u00e9quence) la responsabilit\u00e9 de l&#8217;absence de solution politique&#8221; au conflit.<\/p>\n\n\n\n<p>&nbsp;S&#8217;adressant au sommet,&nbsp;<strong>le Hamas&nbsp;<\/strong>a lui demand\u00e9, dans un communiqu\u00e9, &#8220;l&#8217;expulsion&#8221; de tous les ambassadeurs isra\u00e9liens &#8220;des pays arabes et musulmans et le rappel de tous les ambassadeurs de ces pays&#8221;.<\/p>\n\n\n\n<p>&nbsp;Dans une intervention t\u00e9l\u00e9vis\u00e9e samedi soir, le Premier ministre isra\u00e9lien&nbsp;<strong>Benjamin Netanyahu<\/strong>&nbsp;a estim\u00e9 que les dirigeants arabes devaient &#8220;s&#8217;\u00e9lever contre le Hamas&#8221;, qu&#8217;il a d\u00e9crit comme &#8220;une partie int\u00e9grante de l&#8217;axe du terrorisme men\u00e9 par l&#8217;Iran&#8221;.<\/p>\n\n\n\n<p>L&#8217;Iran soutient le Hamas mais aussi le mouvement islamiste libanais Hezbollah et les rebelles Houthis du Y\u00e9men. \u00a0Les \u00e9changes de tirs entre Isra\u00ebl et le Hezbollah sont quotidiens \u00e0 la fronti\u00e8re isra\u00e9lo-libanaise, tandis que les Houthis ont revendiqu\u00e9 plusieurs attaques de drones et de missiles contre le sud d&#8217;Isra\u00ebl.<\/p>\n\n\n\n<p>Source : Le Point <\/p>\n","protected":false},"excerpt":{"rendered":"<p>Le sommet conjoint de la Ligue arabe et de l&#8217;Organisation de la coop\u00e9ration islamique a soulign\u00e9 les divisions r\u00e9gionales sur la mani\u00e8re de r\u00e9agir au conflit. Les dirigeants de pays&hellip; <\/p>\n","protected":false},"author":86,"featured_media":22740,"comment_status":"open","ping_status":"closed","sticky":false,"template":"","format":"standard","meta":{"_bbp_topic_count":0,"_bbp_reply_count":0,"_bbp_total_topic_count":0,"_bbp_total_reply_count":0,"_bbp_voice_count":0,"_bbp_anonymous_reply_count":0,"_bbp_topic_count_hidden":0,"_bbp_reply_count_hidden":0,"_bbp_forum_subforum_count":0,"ngg_post_thumbnail":0},"categories":[103,104,204],"tags":[],"_links":{"self":[{"href":"https:\/\/maghreb-observateur.com\/index.php?rest_route=\/wp\/v2\/posts\/22739"}],"collection":[{"href":"https:\/\/maghreb-observateur.com\/index.php?rest_route=\/wp\/v2\/posts"}],"about":[{"href":"https:\/\/maghreb-observateur.com\/index.php?rest_route=\/wp\/v2\/types\/post"}],"author":[{"embeddable":true,"href":"https:\/\/maghreb-observateur.com\/index.php?rest_route=\/wp\/v2\/users\/86"}],"replies":[{"embeddable":true,"href":"https:\/\/maghreb-observateur.com\/index.php?rest_route=%2Fwp%2Fv2%2Fcomments&post=22739"}],"version-history":[{"count":4,"href":"https:\/\/maghreb-observateur.com\/index.php?rest_route=\/wp\/v2\/posts\/22739\/revisions"}],"predecessor-version":[{"id":22753,"href":"https:\/\/maghreb-observateur.com\/index.php?rest_route=\/wp\/v2\/posts\/22739\/revisions\/22753"}],"wp:featuredmedia":[{"embeddable":true,"href":"https:\/\/maghreb-observateur.com\/index.php?rest_route=\/wp\/v2\/media\/22740"}],"wp:attachment":[{"href":"https:\/\/maghreb-observateur.com\/index.php?rest_route=%2Fwp%2Fv2%2Fmedia&parent=22739"}],"wp:term":[{"taxonomy":"category","embeddable":true,"href":"https:\/\/maghreb-observateur.com\/index.php?rest_route=%2Fwp%2Fv2%2Fcategories&post=22739"},{"taxonomy":"post_tag","embeddable":true,"href":"https:\/\/maghreb-observateur.com\/index.php?rest_route=%2Fwp%2Fv2%2Ftags&post=22739"}],"curies":[{"name":"wp","href":"https:\/\/api.w.org\/{rel}","templated":true}]}}