{"id":22631,"date":"2023-11-11T09:32:55","date_gmt":"2023-11-11T14:32:55","guid":{"rendered":"https:\/\/maghreb-observateur.com\/?p=22631"},"modified":"2023-11-11T23:49:13","modified_gmt":"2023-11-12T04:49:13","slug":"maroc-sante-programme-de-developpement-des-competences-psycho-sociales-programme-probant-dispense-par-amina-rafa","status":"publish","type":"post","link":"https:\/\/maghreb-observateur.com\/?p=22631","title":{"rendered":"Maroc\/Sant\u00e9\u00a0: Programme de D\u00e9veloppement des Comp\u00e9tences Psycho-Sociales, un programme\u00a0prometteur\u00a0"},"content":{"rendered":"\n<p><strong>Par : Amina Rafa<\/strong><\/p>\n\n\n\n<figure class=\"wp-block-video\"><video controls src=\"https:\/\/maghreb-observateur.com\/wp-content\/uploads\/2023\/11\/WhatsApp-Video-2023-11-10-a-06.19.11_c8c4394f.mp4\"><\/video><\/figure>\n\n\n\n<p>Travailler les comp\u00e9tences psychosociales des \u00e9l\u00e8ves dans les \u00e9tablissements scolaires, c\u2019est une action qui n\u00e9cessite la combinaison d\u2019efforts d\u2019une part de l\u2019\u00e9tablissement lui-m\u00eame avec tous ses acteurs : direction g\u00e9n\u00e9rale, administration et enseignants et d\u2019autre part les parents d\u2019\u00e9l\u00e8ves. <\/p>\n\n\n\n<p>C\u2019est aussi un dispositif holistique o\u00f9 toutes ses parties prenantes travaillent ensemble avec comme ligne de mire le profil cibl\u00e9 de l\u2019enfant-\u00e9l\u00e8ve \u00e0 sa sortie de l\u2019\u00e9tablissement dot\u00e9 d\u2019un savoir mais aussi d\u2019un savoir \u00eatre qui l\u2019accompagnera sa vie durant tant il lui donne des cl\u00e9s de positionnement dans le monde.<br><\/p>\n\n\n\n<p>Outre un travail sp\u00e9cifique d\u2019accompagnement des enseignants pour les aider \u00e0 adopter des r\u00e9flexes \u00e9ducatifs dans leurs classes, ils pourraient b\u00e9n\u00e9ficier de cycles sur mesure articul\u00e9 autour des comp\u00e9tences techniques comme la p\u00e9dagogie active, la p\u00e9dagogie par projets, etc.<\/p>\n\n\n\n<figure class=\"wp-block-image size-full\"><a href=\"https:\/\/maghreb-observateur.com\/wp-content\/uploads\/2023\/11\/WhatsApp-Image-2023-11-09-a-08.24.18_aec930e9.jpg\" rel=\"shadowbox[sbpost-22631];player=img;\"><img decoding=\"async\" loading=\"lazy\" width=\"1024\" height=\"768\" src=\"https:\/\/maghreb-observateur.com\/wp-content\/uploads\/2023\/11\/WhatsApp-Image-2023-11-09-a-08.24.18_aec930e9.jpg\" alt=\"\" class=\"wp-image-22633\" srcset=\"https:\/\/maghreb-observateur.com\/wp-content\/uploads\/2023\/11\/WhatsApp-Image-2023-11-09-a-08.24.18_aec930e9.jpg 1024w, https:\/\/maghreb-observateur.com\/wp-content\/uploads\/2023\/11\/WhatsApp-Image-2023-11-09-a-08.24.18_aec930e9-300x225.jpg 300w, https:\/\/maghreb-observateur.com\/wp-content\/uploads\/2023\/11\/WhatsApp-Image-2023-11-09-a-08.24.18_aec930e9-768x576.jpg 768w\" sizes=\"(max-width: 1024px) 100vw, 1024px\" \/><\/a><\/figure>\n\n\n\n<p><br>A titre d\u2019exemple, du 11 au 13 juillet 2023, les \u00e9coles Al Maarij \u00e9tablissement scolaire situ\u00e9 \u00e0 Beni Mellal a permis \u00e0 une quarantaine d\u2019enseignants toutes disciplines confondus de suivre les journ\u00e9es consacr\u00e9es \u00e0 la Communication p\u00e9dagogique afin de favoriser la posture de l\u2019enseignant coach, les enseignants participent activement dans&nbsp;les&nbsp;projets, comme en entreprise, une nette demande s\u2019exprime aujourd\u2019hui pour le manager coach.<br><\/p>\n\n\n\n<p>Port\u00e9s directement par les \u00e9tablissements scolaires de mani\u00e8re autonome ou sponsoris\u00e9 par des Fondations impliqu\u00e9es dans le d\u00e9veloppement humain comme la Fondation Kadir\u00ee, ce programme se d\u00e9ploie sur tout le territoire marocain, dans les villes comme dans les campagnes ou dans les hauteurs&nbsp;montagneuses.<\/p>\n\n\n\n<h2 class=\"wp-block-heading\">Amina Rafa, accompagne aussi les soci\u00e9t\u00e9s pour des s\u00e9ances&nbsp;de&nbsp;coaching.<\/h2>\n\n\n\n<figure class=\"wp-block-image size-large\"><a href=\"https:\/\/maghreb-observateur.com\/wp-content\/uploads\/2023\/11\/amina-rafa.jpg\" rel=\"shadowbox[sbpost-22631];player=img;\"><img decoding=\"async\" loading=\"lazy\" width=\"1024\" height=\"461\" src=\"https:\/\/maghreb-observateur.com\/wp-content\/uploads\/2023\/11\/amina-rafa-1024x461.jpg\" alt=\"\" class=\"wp-image-22659\" srcset=\"https:\/\/maghreb-observateur.com\/wp-content\/uploads\/2023\/11\/amina-rafa-1024x461.jpg 1024w, https:\/\/maghreb-observateur.com\/wp-content\/uploads\/2023\/11\/amina-rafa-300x135.jpg 300w, https:\/\/maghreb-observateur.com\/wp-content\/uploads\/2023\/11\/amina-rafa-768x346.jpg 768w, https:\/\/maghreb-observateur.com\/wp-content\/uploads\/2023\/11\/amina-rafa.jpg 1280w\" sizes=\"(max-width: 1024px) 100vw, 1024px\" \/><\/a><\/figure>\n\n\n\n<p><\/p>\n","protected":false},"excerpt":{"rendered":"<p>Par : Amina Rafa Travailler les comp\u00e9tences psychosociales des \u00e9l\u00e8ves dans les \u00e9tablissements scolaires, c\u2019est une action qui n\u00e9cessite la combinaison d\u2019efforts d\u2019une part de l\u2019\u00e9tablissement lui-m\u00eame avec tous ses&hellip; <\/p>\n","protected":false},"author":86,"featured_media":22659,"comment_status":"open","ping_status":"closed","sticky":false,"template":"","format":"standard","meta":{"_bbp_topic_count":0,"_bbp_reply_count":0,"_bbp_total_topic_count":0,"_bbp_total_reply_count":0,"_bbp_voice_count":0,"_bbp_anonymous_reply_count":0,"_bbp_topic_count_hidden":0,"_bbp_reply_count_hidden":0,"_bbp_forum_subforum_count":0,"ngg_post_thumbnail":0},"categories":[99,193,255],"tags":[],"_links":{"self":[{"href":"https:\/\/maghreb-observateur.com\/index.php?rest_route=\/wp\/v2\/posts\/22631"}],"collection":[{"href":"https:\/\/maghreb-observateur.com\/index.php?rest_route=\/wp\/v2\/posts"}],"about":[{"href":"https:\/\/maghreb-observateur.com\/index.php?rest_route=\/wp\/v2\/types\/post"}],"author":[{"embeddable":true,"href":"https:\/\/maghreb-observateur.com\/index.php?rest_route=\/wp\/v2\/users\/86"}],"replies":[{"embeddable":true,"href":"https:\/\/maghreb-observateur.com\/index.php?rest_route=%2Fwp%2Fv2%2Fcomments&post=22631"}],"version-history":[{"count":7,"href":"https:\/\/maghreb-observateur.com\/index.php?rest_route=\/wp\/v2\/posts\/22631\/revisions"}],"predecessor-version":[{"id":22707,"href":"https:\/\/maghreb-observateur.com\/index.php?rest_route=\/wp\/v2\/posts\/22631\/revisions\/22707"}],"wp:featuredmedia":[{"embeddable":true,"href":"https:\/\/maghreb-observateur.com\/index.php?rest_route=\/wp\/v2\/media\/22659"}],"wp:attachment":[{"href":"https:\/\/maghreb-observateur.com\/index.php?rest_route=%2Fwp%2Fv2%2Fmedia&parent=22631"}],"wp:term":[{"taxonomy":"category","embeddable":true,"href":"https:\/\/maghreb-observateur.com\/index.php?rest_route=%2Fwp%2Fv2%2Fcategories&post=22631"},{"taxonomy":"post_tag","embeddable":true,"href":"https:\/\/maghreb-observateur.com\/index.php?rest_route=%2Fwp%2Fv2%2Ftags&post=22631"}],"curies":[{"name":"wp","href":"https:\/\/api.w.org\/{rel}","templated":true}]}}