{"id":22601,"date":"2023-11-08T05:40:48","date_gmt":"2023-11-08T10:40:48","guid":{"rendered":"https:\/\/maghreb-observateur.com\/?p=22601"},"modified":"2023-11-08T13:50:47","modified_gmt":"2023-11-08T18:50:47","slug":"le-maroc-accelere-sa-strategie-dintegration-des-chaines-de-valeur","status":"publish","type":"post","link":"https:\/\/maghreb-observateur.com\/?p=22601","title":{"rendered":"Le Maroc acc\u00e9l\u00e8re sa strat\u00e9gie d\u2019int\u00e9gration des cha\u00eenes de valeur"},"content":{"rendered":"\n<figure class=\"wp-block-image size-full\"><a href=\"https:\/\/maghreb-observateur.com\/wp-content\/uploads\/2023\/11\/valeur-maroc.jpeg\" rel=\"shadowbox[sbpost-22601];player=img;\"><img decoding=\"async\" loading=\"lazy\" width=\"768\" height=\"512\" src=\"https:\/\/maghreb-observateur.com\/wp-content\/uploads\/2023\/11\/valeur-maroc.jpeg\" alt=\"\" class=\"wp-image-22605\" srcset=\"https:\/\/maghreb-observateur.com\/wp-content\/uploads\/2023\/11\/valeur-maroc.jpeg 768w, https:\/\/maghreb-observateur.com\/wp-content\/uploads\/2023\/11\/valeur-maroc-300x200.jpeg 300w\" sizes=\"(max-width: 768px) 100vw, 768px\" \/><\/a><\/figure>\n\n\n\n<p>Malgr\u00e9 le malheureux coup du sort du tremblement de terre&nbsp;d&#8217;Al Haouz en septembre, le Maroc&nbsp;a tenu son pari d&#8217;accueillir en octobre dernier les Assembl\u00e9es annuelles de la Banque mondiale et du Fonds mon\u00e9taire international. En octobre dernier, qui plus est \u00e0 Marrakech, principale ville parmi les agglom\u00e9rations les plus touch\u00e9es par le s\u00e9isme. En cette semaine de novembre (les 8,&nbsp;9&nbsp;et 10), la ville rouge re\u00e7oit l&#8217;Africa Investment Forum, la premi\u00e8re plateforme multipartite et d&#8217;investissement du continent africain. Emmen\u00e9 par un attelage d&#8217;institutions financi\u00e8res avec \u00e0 sa t\u00eate, entre autres, la Banque africaine de d\u00e9veloppement, la Banque europ\u00e9enne de d\u00e9veloppement, la Banque islamique de d\u00e9veloppement, l&#8217;Afreximbank, il a d\u00e9j\u00e0 mobilis\u00e9 la bagatelle de 142&nbsp;milliards de dollars d&#8217;int\u00e9r\u00eats en investissement depuis sa fondation en 2018.<\/p>\n\n\n\n<p><a target=\"_blank\" rel=\"noreferrer noopener\"><\/a><\/p>\n\n\n\n<p>En continuant \u00e0 tracer sa route comme pays h\u00f4te de manifestations de ce niveau, et en attendant la Coupe du monde de 2030, le royaume ch\u00e9rifien&nbsp;poursuit son chemin \u00e0 la fois de r\u00e9sistance et de r\u00e9silience \u00e9conomique. Mais o\u00f9 en est-il aujourd&#8217;hui&nbsp;? Au lendemain du discours prononc\u00e9 par le roi Mohammed VI \u00e0 l&#8217;occasion du 48<sup>e<\/sup>&nbsp;anniversaire de la Marche verte de retour du Sahara occidental dans l&#8217;entit\u00e9 marocaine, discours qu&#8217;on pourrait qualifier de \u00ab&nbsp;discours de l&#8217;Atlantique sud&nbsp;et du Sahel&nbsp;\u00bb par son ambition g\u00e9opolitique et g\u00e9o-\u00e9conomique, il est tentant de voir comment le royaume ch\u00e9rifien s&#8217;y prend pour faire face aux d\u00e9fis qui se pr\u00e9sentent \u00e0 lui dans le contexte g\u00e9opolitique actuel, hyper\u00e9clat\u00e9 et marqu\u00e9 par une concurrence \u00e9conomique internationale exacerb\u00e9e. Directeur g\u00e9n\u00e9ral de l&#8217;Agence de d\u00e9veloppement des investissements et des exportations (AMDIE), Ali Seddiki a r\u00e9pondu aux questions du&nbsp;<em>Point Afrique<\/em>.<\/p>\n\n\n\n<p><a href=\"https:\/\/popup.taboola.com\/en\/\" target=\"_blank\" rel=\"noreferrer noopener\"><\/a><\/p>\n\n\n\n<p><strong>Le Point Afrique&nbsp;:&nbsp;Alors que le Covid, la guerre en Ukraine et le tremblement de terre sont pass\u00e9s par l\u00e0, o\u00f9 en est le Maroc quant aux investissements, autant ceux re\u00e7us que ceux r\u00e9alis\u00e9s \u00e0 l&#8217;ext\u00e9rieur, notamment en Afrique subsaharienne&nbsp;?<\/strong><\/p>\n\n\n\n<p><strong>Ali Seddiki&nbsp;:<\/strong>&nbsp;La gestion de la crise Covid et des op\u00e9rations de sauvetage \u00e0 la suite du tremblement de terre du 8&nbsp;septembre dernier ont soulign\u00e9 la r\u00e9silience dont fait preuve le Maroc, et sa capacit\u00e9 \u00e0 s&#8217;organiser face aux chocs qu&#8217;il subit. Les donneurs d&#8217;ordres internationaux y ont vu le gage d&#8217;un pays dont la gouvernance et la sophistication des op\u00e9rations conduites rassurent.<\/p>\n\n\n\n<p>Le Maroc offre de la certitude aux investisseurs dans un contexte marqu\u00e9 par l&#8217;incertitude. La guerre en Ukraine, la hausse de l&#8217;inflation et les tensions g\u00e9ostrat\u00e9giques entre les grandes \u00e9conomies du Monde nourrissent cette incertitude. La stabilit\u00e9 du Maroc, et la confiance qu&#8217;il suscite, sont des actifs particuli\u00e8rement appr\u00e9ci\u00e9s des investisseurs dans ce contexte.<\/p>\n\n\n\n<p>Le Maroc a \u00e9t\u00e9 class\u00e9 3<sup>e<\/sup>&nbsp;parmi les&nbsp;50&nbsp;\u00e9conomies les plus attractives pour les investisseurs \u00e9trangers par FDI (<em>Financial Times<\/em>) en 2023. Le dernier rapport&nbsp;<em>Africa Attractiveness<\/em>&nbsp;publi\u00e9 par&nbsp;<em>Ernst &amp; Young<\/em>&nbsp;l&#8217;a par ailleurs plac\u00e9 dans le trio de t\u00eate du continent avec pr\u00e8s de&nbsp;54&nbsp;investissements d&#8217;une valeur de 2,4&nbsp;milliards de dollars.<\/p>\n\n\n\n<p>Les chiffres&nbsp;2022&nbsp;des Investissements directs \u00e9trangers (IDE) affichent quant \u00e0 eux une hausse de 37&nbsp;% par rapport \u00e0 2019, ann\u00e9e pr\u00e9-Covid, avec pr\u00e8s d&#8217;un milliard de dollars dans le secteur manufacturier, soit une hausse de 50&nbsp;%. Ces indicateurs confirment l&#8217;int\u00e9r\u00eat des investisseurs pour la destination Maroc malgr\u00e9 un environnement international marqu\u00e9 par l&#8217;instabilit\u00e9.<\/p>\n\n\n\n<p>Nous observons une tendance similaire au niveau de l&#8217;investissement marocain \u00e0 l&#8217;\u00e9tranger et particuli\u00e8rement \u00e0 destination de l&#8217;Afrique subsaharienne. Les investissements directs marocains \u00e0 l&#8217;\u00e9tranger ont atteint 610&nbsp;millions de dollars en 2022, en hausse de 8&nbsp;% par rapport \u00e0 2021, et le Royaume est le 2e pays africain \u00e9metteur d&#8217;investissements en Afrique selon le dernier classement.<\/p>\n\n\n\n<p><strong>O\u00f9 en est le Maroc dans les cha\u00eenes de valeur africaines et mondiales&nbsp;?<\/strong><\/p>\n\n\n\n<p>Les exportations marocaines d\u00e9passent les 42&nbsp;milliards de dollars en 2022, soit pr\u00e8s de 2,5 fois le montant de nos exportations en 2012. Cette forte croissance illustre l&#8217;am\u00e9lioration de notre position dans les cha\u00eenes de valeur internationales.<\/p>\n\n\n\n<p>Sous l&#8217;impulsion de Sa Majest\u00e9 le Roi Mohammed VI, en un peu plus de 20&nbsp;ans, le Maroc s&#8217;est dot\u00e9 d&#8217;une infrastructure de classe mondiale et d&#8217;\u00e9cosyst\u00e8mes industriels de pointe. Le port de Tanger Med, premier port de M\u00e9diterran\u00e9e et d&#8217;Afrique, connecte les exportateurs industriels du Maroc avec&nbsp;78&nbsp;pays et&nbsp;186&nbsp;ports. Il a permis au Royaume de devenir le premier producteur automobile et a\u00e9ronautique de son continent. Le contenu local des v\u00e9hicules \u00ab&nbsp;made in Morocco&nbsp;\u00bb d\u00e9passe 65&nbsp;% et les exportations du secteur automobile ont \u00e9t\u00e9 multipli\u00e9es par&nbsp;4&nbsp;depuis&nbsp;2012&nbsp;en passant le seuil des 10&nbsp;milliards de dollars en 2022.<\/p>\n\n\n\n<figure class=\"wp-block-image size-full\"><a href=\"https:\/\/maghreb-observateur.com\/wp-content\/uploads\/2023\/11\/image-6.png\" rel=\"shadowbox[sbpost-22601];player=img;\"><img decoding=\"async\" loading=\"lazy\" width=\"768\" height=\"415\" src=\"https:\/\/maghreb-observateur.com\/wp-content\/uploads\/2023\/11\/image-6.png\" alt=\"\" class=\"wp-image-22602\" srcset=\"https:\/\/maghreb-observateur.com\/wp-content\/uploads\/2023\/11\/image-6.png 768w, https:\/\/maghreb-observateur.com\/wp-content\/uploads\/2023\/11\/image-6-300x162.png 300w\" sizes=\"(max-width: 768px) 100vw, 768px\" \/><\/a><\/figure>\n\n\n\n<p><a href=\"https:\/\/www.msn.com\/fr-xl\/actualite\/other\/le-maroc-acc%C3%A9l%C3%A8re-sa-strat%C3%A9gie-d-int%C3%A9gration-des-cha%C3%AEnes-de-valeur\/ar-AA1jA790?ocid=msedgntp&amp;pc=HCTS&amp;cvid=16632a7d471e4639872d2750f6cb4e52&amp;ei=11&amp;fullscreen=true#image=2\"><\/a><a href=\"https:\/\/www.msn.com\/fr-xl\/actualite\/other\/le-maroc-acc%C3%A9l%C3%A8re-sa-strat%C3%A9gie-d-int%C3%A9gration-des-cha%C3%AEnes-de-valeur\/ar-AA1jA790?ocid=msedgntp&amp;pc=HCTS&amp;cvid=16632a7d471e4639872d2750f6cb4e52&amp;ei=11&amp;fullscreen=true#image=2\"><\/a><a href=\"https:\/\/www.msn.com\/fr-xl\/actualite\/other\/le-maroc-acc%C3%A9l%C3%A8re-sa-strat%C3%A9gie-d-int%C3%A9gration-des-cha%C3%AEnes-de-valeur\/ar-AA1jA790?ocid=msedgntp&amp;pc=HCTS&amp;cvid=16632a7d471e4639872d2750f6cb4e52&amp;ei=11&amp;fullscreen=true#image=2\"><\/a><\/p>\n\n\n\n<p>En moins de 25 ans, le Maroc est&nbsp;devenu&nbsp;le premier producteur automobile et a\u00e9ronautique du continent africain. \u00a9 Fadel Senna\u00a9&nbsp;Fournis par Le Point<\/p>\n\n\n\n<p>En moins de 25 ans, le Maroc est&nbsp;devenu&nbsp;le premier producteur automobile et a\u00e9ronautique du continent africain.&nbsp;<\/p>\n\n\n\n<p>La position du secteur a\u00e9ronautique marocain se consolide \u00e9galement avec une progression nette sur la cha\u00eene de valeur et l&#8217;installation de m\u00e9tiers complexes comme l&#8217;usinage de pi\u00e8ces de moteurs a\u00e9ronautiques ou l&#8217;installation de la premi\u00e8re ligne d&#8217;assemblage d&#8217;un a\u00e9ronef complet (le PC12 de l&#8217;avionneur suisse Pilatus par exemple). Le Royaume acc\u00e9l\u00e8re ainsi sa strat\u00e9gie d&#8217;int\u00e9gration des cha\u00eenes de valeur internationales complexes.<\/p>\n\n\n\n<p>La strat\u00e9gie de d\u00e9veloppement sud-sud impuls\u00e9e par notre souverain a \u00e9galement permis d&#8217;augmenter les \u00e9changes avec nos partenaires africains. Si les \u00e9changes avec l&#8217;Afrique ont \u00e9t\u00e9 multipli\u00e9s par&nbsp;6&nbsp;en 20&nbsp;ans, le potentiel d&#8217;int\u00e9gration accrue des cha\u00eenes de valeur en Afrique demeure important, particuli\u00e8rement avec l&#8217;entr\u00e9e en vigueur de la ZLECAF. La position de hub et les opportunit\u00e9s industrielles offertes par le Maroc sont des opportunit\u00e9s pour le cod\u00e9veloppement de fili\u00e8res. Nous pensons \u00e0 titre d&#8217;exemple au secteur textile o\u00f9 le Maroc reste en t\u00eate des exportations vers l&#8217;Europe ou encore \u00e0 celui de la mobilit\u00e9 \u00e9lectrique o\u00f9 la valorisation locale des ressources permettrait un taux d&#8217;int\u00e9gration africain \u00e9lev\u00e9.<\/p>\n\n\n\n<p><strong>Industrialisation, d\u00e9carbonation, hydrog\u00e8ne, ma\u00eetrise de l&#8217;eau, \u00e9nergies renouvelables apparaissent comme des chantiers d\u00e9terminants pour l&#8217;avenir. Quelle trajectoire pour le Maroc dans la dynamique d&#8217;une gouvernance vertueuse&nbsp;?<\/strong><\/p>\n\n\n\n<p>Pour le Maroc, le cap est donn\u00e9. Des objectifs concrets \u00e0 l&#8217;horizon de&nbsp;2030&nbsp;ont \u00e9t\u00e9 d\u00e9finis dans le nouveau mod\u00e8le de d\u00e9veloppement du Royaume. L&#8217;\u00e9dification du Maroc en plateforme de production aux meilleurs standards mondiaux, g\u00e9n\u00e9rant des investissements et un commerce durables, doit permettre l&#8217;atteinte des objectifs&nbsp;de ce mod\u00e8le de d\u00e9veloppement voulu \u00e9quitable, respectueux de l&#8217;environnement, cr\u00e9ateur d&#8217;emplois p\u00e9rennes et de valeur ajout\u00e9e.<\/p>\n\n\n\n<p>Pour s&#8217;assurer d&#8217;encourager les projets qui contribuent \u00e0 nos objectifs de d\u00e9veloppement, un minist\u00e8re d\u00e9l\u00e9gu\u00e9 aupr\u00e8s du chef du gouvernement a \u00e9t\u00e9 d\u00e9di\u00e9 \u00e0 l&#8217;investissement, \u00e0 l&#8217;\u00e9valuation, et \u00e0 la convergence des politiques publiques. Le d\u00e9partement a \u00e9labor\u00e9 une nouvelle charte de l&#8217;investissement promulgu\u00e9e en d\u00e9cembre&nbsp;2022, qui cr\u00e9e un nouveau cadre d&#8217;incitation comp\u00e9titif des investissements, et permet d&#8217;op\u00e9rer des am\u00e9liorations substantielles de l&#8217;environnement des affaires, notamment la simplification du parcours et des proc\u00e9dures en lien avec les projets<\/p>\n\n\n\n<figure class=\"wp-block-image size-full\"><a href=\"https:\/\/maghreb-observateur.com\/wp-content\/uploads\/2023\/11\/image-7.png\" rel=\"shadowbox[sbpost-22601];player=img;\"><img decoding=\"async\" loading=\"lazy\" width=\"768\" height=\"415\" src=\"https:\/\/maghreb-observateur.com\/wp-content\/uploads\/2023\/11\/image-7.png\" alt=\"\" class=\"wp-image-22603\" srcset=\"https:\/\/maghreb-observateur.com\/wp-content\/uploads\/2023\/11\/image-7.png 768w, https:\/\/maghreb-observateur.com\/wp-content\/uploads\/2023\/11\/image-7-300x162.png 300w\" sizes=\"(max-width: 768px) 100vw, 768px\" \/><\/a><\/figure>\n\n\n\n<p><a href=\"https:\/\/www.msn.com\/fr-xl\/actualite\/other\/le-maroc-acc%C3%A9l%C3%A8re-sa-strat%C3%A9gie-d-int%C3%A9gration-des-cha%C3%AEnes-de-valeur\/ar-AA1jA790?ocid=msedgntp&amp;pc=HCTS&amp;cvid=16632a7d471e4639872d2750f6cb4e52&amp;ei=11&amp;fullscreen=true#image=2\"><\/a><\/p>\n\n\n\n<p>Sur le terrain de l&#8217;automobile \u00e9lectrique, le Maroc est partenaire du chinois BYD et Al Mada vient de s&#8217;allier \u00e0 un autre groupe chinois, CNGR, pour la production au Maroc de composants de batteries \u00e9lectriques.&nbsp; \u00a9 DR\u00a9&nbsp;Fournis par Le Point<\/p>\n\n\n\n<p>Sur le terrain de l&#8217;automobile \u00e9lectrique, le Maroc est partenaire du chinois BYD et Al Mada vient de s&#8217;allier \u00e0 un autre groupe chinois, CNGR, pour la production au Maroc de composants de batteries \u00e9lectriques.&nbsp;<\/p>\n\n\n\n<p>L&#8217;Agence marocaine du d\u00e9veloppement des investissements et des exportations (AMDIE) a la responsabilit\u00e9 de d\u00e9ployer la charte et ses dispositifs aupr\u00e8s des investisseurs nationaux et internationaux. Elle b\u00e9n\u00e9ficie pour cela de l&#8217;appui du r\u00e9seau des centres r\u00e9gionaux d&#8217;investissement, pilot\u00e9s par le minist\u00e8re et actifs au niveau des territoires. Il s&#8217;agit d&#8217;une gouvernance unifi\u00e9e, d\u00e9di\u00e9e et engag\u00e9e au service des porteurs de projets.<\/p>\n\n\n\n<p>Le contexte mondial actuel appelle par ailleurs au d\u00e9veloppement d&#8217;une offre industrielle alternative et s\u00fbre. Les donneurs d&#8217;ordres internationaux sont \u00e0 la recherche de nouvelles localisations pour mieux g\u00e9rer leurs risques industriels et leur d\u00e9pendance, tout en satisfaisant leur besoin en \u00e9nergie comp\u00e9titive et d\u00e9carbon\u00e9e.<\/p>\n\n\n\n<p>Le Maroc se pr\u00e9sente comme l&#8217;une des rares destinations qui r\u00e9pondent \u00e0 l&#8217;ensemble de ces crit\u00e8res. Il jouit d&#8217;une stabilit\u00e9 politique et macro\u00e9conomique remarquable et reconnue. Il est pleinement impliqu\u00e9 dans des cha\u00eenes de production mondiales exigeantes et dispose des ressources solaires et \u00e9oliennes parmi les plus comp\u00e9titives au monde, sans compter un savoir-faire \u00e9prouv\u00e9 dans leur exploitation.<\/p>\n\n\n\n<p>Le Royaume travaille \u00e0 anticiper son besoin en eau avec le d\u00e9ploiement d&#8217;un vaste programme de dessalement \u00e0 travers le pays. Il dispose d&#8217;un capital humain jeune, enthousiaste et comp\u00e9tent dans une p\u00e9riode o\u00f9 de nombreuses p\u00e9nuries s&#8217;observent dans les \u00e9conomies d\u00e9velopp\u00e9es.<\/p>\n\n\n\n<p>Le Maroc est donc bien positionn\u00e9 pour b\u00e9n\u00e9ficier des opportunit\u00e9s g\u00e9n\u00e9r\u00e9es par ce contexte global. D&#8217;importants projets d&#8217;investissements sont \u00e0 l&#8217;\u00e9tude dans l&#8217;industrie de la mobilit\u00e9 \u00e9lectrique et de la production de mol\u00e9cules vertes pr\u00e9cis\u00e9ment parce que l&#8217;opportunit\u00e9&nbsp;Maroc fonctionne.<\/p>\n\n\n\n<figure class=\"wp-block-image size-full\"><a href=\"https:\/\/maghreb-observateur.com\/wp-content\/uploads\/2023\/11\/image-8.png\" rel=\"shadowbox[sbpost-22601];player=img;\"><img decoding=\"async\" loading=\"lazy\" width=\"768\" height=\"457\" src=\"https:\/\/maghreb-observateur.com\/wp-content\/uploads\/2023\/11\/image-8.png\" alt=\"\" class=\"wp-image-22604\" srcset=\"https:\/\/maghreb-observateur.com\/wp-content\/uploads\/2023\/11\/image-8.png 768w, https:\/\/maghreb-observateur.com\/wp-content\/uploads\/2023\/11\/image-8-300x179.png 300w\" sizes=\"(max-width: 768px) 100vw, 768px\" \/><\/a><\/figure>\n\n\n\n<p><a href=\"https:\/\/www.msn.com\/fr-xl\/actualite\/other\/le-maroc-acc%C3%A9l%C3%A8re-sa-strat%C3%A9gie-d-int%C3%A9gration-des-cha%C3%AEnes-de-valeur\/ar-AA1jA790?ocid=msedgntp&amp;pc=HCTS&amp;cvid=16632a7d471e4639872d2750f6cb4e52&amp;ei=11&amp;fullscreen=true#image=2\"><\/a><a href=\"https:\/\/www.msn.com\/fr-xl\/actualite\/other\/le-maroc-acc%C3%A9l%C3%A8re-sa-strat%C3%A9gie-d-int%C3%A9gration-des-cha%C3%AEnes-de-valeur\/ar-AA1jA790?ocid=msedgntp&amp;pc=HCTS&amp;cvid=16632a7d471e4639872d2750f6cb4e52&amp;ei=11&amp;fullscreen=true#image=2\"><\/a><a href=\"https:\/\/www.msn.com\/fr-xl\/actualite\/other\/le-maroc-acc%C3%A9l%C3%A8re-sa-strat%C3%A9gie-d-int%C3%A9gration-des-cha%C3%AEnes-de-valeur\/ar-AA1jA790?ocid=msedgntp&amp;pc=HCTS&amp;cvid=16632a7d471e4639872d2750f6cb4e52&amp;ei=11&amp;fullscreen=true#image=2\"><\/a><\/p>\n\n\n\n<p>Derri\u00e8re la marque&nbsp;de promotion \u00e9conomique \u00ab&nbsp;Morocco Now&nbsp;\u00bb se tisse&nbsp;la strat\u00e9gie de mise en avant des atouts du royaume pour attirer les investissements et les touristes, pour mettre en valeur les savoir-faire marocains \u00e0 travers des produits et des services comme dans le secteur financier. \u00a9 DR\u00a9&nbsp;Fournis par Le Point<\/p>\n\n\n\n<p>Derri\u00e8re la marque&nbsp;de promotion \u00e9conomique \u00ab&nbsp;Morocco Now&nbsp;\u00bb se tisse&nbsp;la strat\u00e9gie de mise en avant des atouts du royaume pour attirer les investissements et les touristes, pour mettre en valeur les savoir-faire marocains \u00e0 travers des produits et des services comme dans le secteur financier.&nbsp;\u00a9 DR<\/p>\n\n\n\n<p>Ce momentum que nous constatons est aujourd&#8217;hui \u00e9galement confort\u00e9 par des perspectives positives, comme le chantier royal de la g\u00e9n\u00e9ralisation de la protection sociale ou l&#8217;organisation de la Coupe du monde de football&nbsp;2030&nbsp;avec nos voisins espagnols et portugais. Un important effet d&#8217;entra\u00eenement est attendu sur l&#8217;\u00e9conomie avec le d\u00e9ploiement de nouvelles infrastructures et la conclusion de nombreux projets sous la forme de Partenariat Public-Priv\u00e9 (PPP).<\/p>\n\n\n\n<p>Fort de ces perspectives, le temps de l&#8217;investissement priv\u00e9 au Maroc se conjugue au pr\u00e9sent, comme le souligne d&#8217;ailleurs notre marque de promotion \u00e9conomique \u00ab&nbsp;Morocco Now.&nbsp;\u00bb Les op\u00e9rateurs sont invit\u00e9s \u00e0 pleinement profiter de cette dynamique et \u00e0 co-construire des projets au Maroc, en Afrique, pour un monde aujourd&#8217;hui en recherche de relais de croissance et de nouveaux partenaires \u00e9conomiques.<\/p>\n\n\n\n<p>Source : &nbsp;Agence marocaine du d\u00e9veloppement des investissements et des exportations<\/p>\n","protected":false},"excerpt":{"rendered":"<p>Malgr\u00e9 le malheureux coup du sort du tremblement de terre&nbsp;d&#8217;Al Haouz en septembre, le Maroc&nbsp;a tenu son pari d&#8217;accueillir en octobre dernier les Assembl\u00e9es annuelles de la Banque mondiale et&hellip; <\/p>\n","protected":false},"author":83,"featured_media":22605,"comment_status":"closed","ping_status":"open","sticky":false,"template":"","format":"standard","meta":{"_bbp_topic_count":0,"_bbp_reply_count":0,"_bbp_total_topic_count":0,"_bbp_total_reply_count":0,"_bbp_voice_count":0,"_bbp_anonymous_reply_count":0,"_bbp_topic_count_hidden":0,"_bbp_reply_count_hidden":0,"_bbp_forum_subforum_count":0,"ngg_post_thumbnail":0},"categories":[99,112,114],"tags":[],"_links":{"self":[{"href":"https:\/\/maghreb-observateur.com\/index.php?rest_route=\/wp\/v2\/posts\/22601"}],"collection":[{"href":"https:\/\/maghreb-observateur.com\/index.php?rest_route=\/wp\/v2\/posts"}],"about":[{"href":"https:\/\/maghreb-observateur.com\/index.php?rest_route=\/wp\/v2\/types\/post"}],"author":[{"embeddable":true,"href":"https:\/\/maghreb-observateur.com\/index.php?rest_route=\/wp\/v2\/users\/83"}],"replies":[{"embeddable":true,"href":"https:\/\/maghreb-observateur.com\/index.php?rest_route=%2Fwp%2Fv2%2Fcomments&post=22601"}],"version-history":[{"count":2,"href":"https:\/\/maghreb-observateur.com\/index.php?rest_route=\/wp\/v2\/posts\/22601\/revisions"}],"predecessor-version":[{"id":22615,"href":"https:\/\/maghreb-observateur.com\/index.php?rest_route=\/wp\/v2\/posts\/22601\/revisions\/22615"}],"wp:featuredmedia":[{"embeddable":true,"href":"https:\/\/maghreb-observateur.com\/index.php?rest_route=\/wp\/v2\/media\/22605"}],"wp:attachment":[{"href":"https:\/\/maghreb-observateur.com\/index.php?rest_route=%2Fwp%2Fv2%2Fmedia&parent=22601"}],"wp:term":[{"taxonomy":"category","embeddable":true,"href":"https:\/\/maghreb-observateur.com\/index.php?rest_route=%2Fwp%2Fv2%2Fcategories&post=22601"},{"taxonomy":"post_tag","embeddable":true,"href":"https:\/\/maghreb-observateur.com\/index.php?rest_route=%2Fwp%2Fv2%2Ftags&post=22601"}],"curies":[{"name":"wp","href":"https:\/\/api.w.org\/{rel}","templated":true}]}}