{"id":22599,"date":"2023-11-08T04:20:22","date_gmt":"2023-11-08T09:20:22","guid":{"rendered":"https:\/\/maghreb-observateur.com\/?p=22599"},"modified":"2023-11-08T13:51:55","modified_gmt":"2023-11-08T18:51:55","slug":"apres-un-mois-de-conflit-entre-israel-et-le-hamas-lonu-reclame-toujours-un-acces-a-gaza-assiegee","status":"publish","type":"post","link":"https:\/\/maghreb-observateur.com\/?p=22599","title":{"rendered":"Apr\u00e8s un mois de conflit entre Isra\u00ebl et le Hamas, l\u2019ONU r\u00e9clame toujours un acc\u00e8s \u00e0 Gaza assi\u00e9g\u00e9e"},"content":{"rendered":"\n<figure class=\"wp-block-image size-full\"><a href=\"https:\/\/maghreb-observateur.com\/wp-content\/uploads\/2023\/11\/gaza-7.jpg\" rel=\"shadowbox[sbpost-22599];player=img;\"><img decoding=\"async\" loading=\"lazy\" width=\"740\" height=\"555\" src=\"https:\/\/maghreb-observateur.com\/wp-content\/uploads\/2023\/11\/gaza-7.jpg\" alt=\"\" class=\"wp-image-22517\" srcset=\"https:\/\/maghreb-observateur.com\/wp-content\/uploads\/2023\/11\/gaza-7.jpg 740w, https:\/\/maghreb-observateur.com\/wp-content\/uploads\/2023\/11\/gaza-7-300x225.jpg 300w\" sizes=\"(max-width: 740px) 100vw, 740px\" \/><\/a><\/figure>\n\n\n\n<p><br>Un mois apr\u00e8s que le Hamas a tu\u00e9 1.400 personnes en Isra\u00ebl et pris plus de 240 en otage, et alors que les repr\u00e9sailles meurtri\u00e8res de l&#8217;arm\u00e9e isra\u00e9lienne se poursuivent, les agences humanitaires de l&#8217;ONU ont lanc\u00e9 mardi un nouvel appel pour acc\u00e9der \u00e0 la bande de Gaza assi\u00e9g\u00e9e.<\/p>\n\n\n\n<p>\u00ab&nbsp;Chaque jour, vous pensez que c&#8217;est le pire jour mais le lendemain est pire&nbsp;\u00bb, a d\u00e9clar\u00e9 le porte-parole de l\u2019Organisation mondiale de la Sant\u00e9 (OMS), Christian Lindmeier, citant un de ses coll\u00e8gues \u00e0 Gaza, toujours sous blocus quasiment total. \u00ab L&#8217;acc\u00e8s, l&#8217;acc\u00e8s, l&#8217;acc\u00e8s, c&#8217;est ce qu&#8217;il nous faut \u00bb.<\/p>\n\n\n\n<p>De son c\u00f4t\u00e9, le Secr\u00e9taire g\u00e9n\u00e9ral de l&#8217;ONU,&nbsp;Ant\u00f3nio Guterres, a r\u00e9it\u00e9r\u00e9 mardi sa condamnation totale des actes de terreur commis par le Hamas en Isra\u00ebl et \u00ab pour lesquels il ne peut y avoir aucune justification \u00bb. \u00ab Il n\u2019oubliera jamais les images horribles de civils tu\u00e9s et mutil\u00e9s et d\u2019autres emmen\u00e9s en captivit\u00e9. Il r\u00e9it\u00e8re son appel \u00e0 leur lib\u00e9ration imm\u00e9diate et inconditionnelle \u00bb, a dit son porte-parole dans une d\u00e9claration \u00e0 la presse.<br><br>\u00ab Le Secr\u00e9taire g\u00e9n\u00e9ral reste extr\u00eamement afflig\u00e9 par les meurtres de civils \u00e0 Gaza et par la catastrophe humanitaire qui continue de se produire \u00e0 Gaza, avec un bilan inimaginable pour les civils. Il r\u00e9it\u00e8re \u00e9galement son appel \u00e0 un cessez-le-feu humanitaire imm\u00e9diat \u00bb, a-t-il ajout\u00e9.<\/p>\n\n\n\n<h3 class=\"wp-block-heading\">160 enfants tu\u00e9s chaque jour<\/h3>\n\n\n\n<p>Le niveau de morts et de souffrances est \u00ab&nbsp;difficile \u00e0 imaginer&nbsp;\u00bb, a soulign\u00e9 le porte-parole de l&#8217;OMS, Christian Lindmeier aux journalistes \u00e0 Gen\u00e8ve. En moyenne, 160 enfants sont tu\u00e9s chaque jour dans l&#8217;enclave palestinienne et le nombre total de morts a d\u00e9pass\u00e9 les 10.000, selon les chiffres du minist\u00e8re de la Sant\u00e9 de Gaza.<\/p>\n\n\n\n<p>Les bombardements isra\u00e9liens se sont intensifi\u00e9s et les op\u00e9rations militaires sur le terrain se poursuivent contre les militants du Hamas responsables des attaques sanglantes du 7 octobre en Isra\u00ebl.<\/p>\n\n\n\n<p>En Isra\u00ebl, les gens sont \u00ab effray\u00e9s, traumatis\u00e9s et angoiss\u00e9s pour leurs proches \u00bb, a dit le porte-parole de l\u2019OMS, avant de r\u00e9it\u00e9rer les appels de son agence au Hamas pour qu&#8217;il lib\u00e8re les otages.&nbsp;<\/p>\n\n\n\n<p>Beaucoup de ceux qui sont retenus captifs ont besoin de soins m\u00e9dicaux urgents, a-t-il soulign\u00e9.<\/p>\n\n\n\n<h3 class=\"wp-block-heading\">Efforts diplomatiques<\/h3>\n\n\n\n<p>Faisant \u00e9cho \u00e0 de pr\u00e9c\u00e9dents appels de l&#8217;ONU, M. Lindmeier a insist\u00e9 sur le fait que ce qu&#8217;il faut maintenant, c&#8217;est \u00ab la volont\u00e9 politique d&#8217;accorder au moins une pause humanitaire et un acc\u00e8s pour all\u00e9ger les souffrances de la population civile ainsi que des otages \u00e0 Gaza \u00bb.<\/p>\n\n\n\n<p>Les efforts diplomatiques en vue d&#8217;atteindre cet objectif se sont poursuivis. Le Haut-Commissaire des Nations Unies aux droits de l&#8217;homme, Volker T\u00fcrk, a entam\u00e9 mardi une visite de cinq jours dans la r\u00e9gion, notamment au Caire, pour s&#8217;entretenir avec des responsables gouvernementaux, la soci\u00e9t\u00e9 civile, des victimes et des coll\u00e8gues de l&#8217;ONU, soulignant que \u00ab les violations des droits de l&#8217;homme sont \u00e0 l&#8217;origine de cette escalade et que les droits de l&#8217;homme jouent un r\u00f4le central dans la recherche d&#8217;un moyen de sortir de cette spirale de douleur \u00bb.<\/p>\n\n\n\n<p>M. T\u00fcrk doit se rendre \u00e0 Rafah, \u00e0 la fronti\u00e8re entre l&#8217;\u00c9gypte et Gaza, avant d\u2019aller \u00e0 Amman, la capitale jordanienne.<\/p>\n\n\n\n<p>Le porte-parole du Bureau de coordination des affaires humanitaires de l\u2019ONU (<a href=\"https:\/\/www.unocha.org\/\" target=\"_blank\" rel=\"noreferrer noopener\">OCHA<\/a>), Jens Laerke, a confirm\u00e9 aux journalistes \u00e0 Gen\u00e8ve que l&#8217;ONU avait \u00e9t\u00e9 invit\u00e9e \u00e0 la conf\u00e9rence internationale sur l&#8217;aide humanitaire aux civils de Gaza organis\u00e9e par le gouvernement fran\u00e7ais \u00e0 Paris jeudi, et qu&#8217;il serait annonc\u00e9 en temps voulu qui y participerait au nom de l&#8217;Organisation.<\/p>\n\n\n\n<h3 class=\"wp-block-heading\">\u00ab Des conditions de vie inhumaines \u00bb<\/h3>\n\n\n\n<p>Pendant ce temps, l&#8217;agence des Nations Unies pour les r\u00e9fugi\u00e9s de Palestine (<a href=\"https:\/\/eur02.safelinks.protection.outlook.com\/?url=https%3A%2F%2Fwww.unrwa.org%2F&amp;data=05%7C01%7Calexandre.carette%40un.org%7C12bbcb9552334799494608dbdf8cb003%7C0f9e35db544f4f60bdcc5ea416e6dc70%7C0%7C0%7C638349567559931789%7CUnknown%7CTWFpbGZsb3d8eyJWIjoiMC4wLjAwMDAiLCJQIjoiV2luMzIiLCJBTiI6Ik1haWwiLCJXVCI6Mn0%3D%7C3000%7C%7C%7C&amp;sdata=ZuL%2BxfeT9%2BaZNWEtPl1zJAxN%2BMK9BUU%2BstWRuvHf4dk%3D&amp;reserved=0\" target=\"_blank\" rel=\"noreferrer noopener\">UNRWA<\/a>) a d\u00e9clar\u00e9 mardi que plus de deux Gazaouis sur trois ont \u00e9t\u00e9 d\u00e9plac\u00e9s en un mois. \u00ab Cela s&#8217;accompagne d&#8217;une peur constante et de conditions de vie inhumaines pour pr\u00e8s de 1,5 million de personnes \u00bb, a dit l&#8217;<a href=\"https:\/\/www.unrwa.org\/\" target=\"_blank\" rel=\"noreferrer noopener\">UNRWA<\/a>, y compris des luttes quotidiennes pour trouver du pain et de l&#8217;eau ainsi que des fermetures r\u00e9guli\u00e8res des t\u00e9l\u00e9communications coupant les gens de leurs proches et du reste du monde.<\/p>\n\n\n\n<p>Plus de 717.000 personnes ont trouv\u00e9 refuge dans 149 installations de l&#8217;UNRWA \u00e0 travers l&#8217;enclave, y compris dans le nord, qui a \u00e9t\u00e9 coup\u00e9 du reste de la bande de Gaza par les op\u00e9rations militaires isra\u00e9liennes.&nbsp;<\/p>\n\n\n\n<h3 class=\"wp-block-heading\">Des centaines de camions en attente<\/h3>\n\n\n\n<p>\u00ab Rien ne justifie l&#8217;horreur endur\u00e9e par les civils \u00e0 Gaza \u00bb, a insist\u00e9 M. Lindmeier, soulignant leur besoin d\u00e9sesp\u00e9r\u00e9 d&#8217;eau, de carburant, de nourriture et d&#8217;un acc\u00e8s s\u00fbr aux soins de sant\u00e9 pour survivre.<\/p>\n\n\n\n<p>Il a r\u00e9it\u00e9r\u00e9 les appels de l&#8217;ONU en faveur d&#8217;un \u00ab acc\u00e8s sans entrave, s\u00fbr et s\u00e9curis\u00e9 \u00bb pour quelque 500 camions d&#8217;aide par jour, non seulement de l&#8217;autre c\u00f4t\u00e9 de la fronti\u00e8re, mais aussi \u00ab jusqu&#8217;aux patients dans les h\u00f4pitaux \u00bb, o\u00f9 des op\u00e9rations chirurgicales, y compris des amputations, sont effectu\u00e9es sans anesth\u00e9sie.<\/p>\n\n\n\n<p>Des centaines de camions remplis d&#8217;aide attendent d&#8217;\u00eatre achemin\u00e9s \u00e0 la fronti\u00e8re entre l&#8217;\u00c9gypte et Gaza et les humanitaires sur le terrain \u00e0 Gaza sont pr\u00eats \u00e0 faciliter la distribution de mat\u00e9riels de secours, a-t-il ajout\u00e9.<\/p>\n\n\n\n<p>M. Lindmeier a \u00e9galement d\u00e9clar\u00e9 qu&#8217;il \u00e9tait fier des travailleurs qui maintiennent le syst\u00e8me de sant\u00e9 \u00e0 Gaza en \u00e9tat de marche contre vents et mar\u00e9es. \u00ab&nbsp;De vrais h\u00e9ros&nbsp;\u00bb qui \u00ab&nbsp;travaillent dans un stress constant sans r\u00e9pit&nbsp;\u00bb.&nbsp;<\/p>\n\n\n\n<p>L&#8217;OMS pleure les 16 agents de sant\u00e9 qui ont \u00e9t\u00e9 tu\u00e9s dans l&#8217;exercice de leurs fonctions, a-t-il dit, soulignant que toute attaque contre les soins de sant\u00e9 est interdite par le droit international humanitaire.&nbsp;<\/p>\n\n\n\n<p>Source : ONU <\/p>\n","protected":false},"excerpt":{"rendered":"<p>Un mois apr\u00e8s que le Hamas a tu\u00e9 1.400 personnes en Isra\u00ebl et pris plus de 240 en otage, et alors que les repr\u00e9sailles meurtri\u00e8res de l&#8217;arm\u00e9e isra\u00e9lienne se poursuivent,&hellip; <\/p>\n","protected":false},"author":83,"featured_media":22517,"comment_status":"open","ping_status":"closed","sticky":false,"template":"","format":"standard","meta":{"_bbp_topic_count":0,"_bbp_reply_count":0,"_bbp_total_topic_count":0,"_bbp_total_reply_count":0,"_bbp_voice_count":0,"_bbp_anonymous_reply_count":0,"_bbp_topic_count_hidden":0,"_bbp_reply_count_hidden":0,"_bbp_forum_subforum_count":0,"ngg_post_thumbnail":0},"categories":[193,103,204],"tags":[],"_links":{"self":[{"href":"https:\/\/maghreb-observateur.com\/index.php?rest_route=\/wp\/v2\/posts\/22599"}],"collection":[{"href":"https:\/\/maghreb-observateur.com\/index.php?rest_route=\/wp\/v2\/posts"}],"about":[{"href":"https:\/\/maghreb-observateur.com\/index.php?rest_route=\/wp\/v2\/types\/post"}],"author":[{"embeddable":true,"href":"https:\/\/maghreb-observateur.com\/index.php?rest_route=\/wp\/v2\/users\/83"}],"replies":[{"embeddable":true,"href":"https:\/\/maghreb-observateur.com\/index.php?rest_route=%2Fwp%2Fv2%2Fcomments&post=22599"}],"version-history":[{"count":2,"href":"https:\/\/maghreb-observateur.com\/index.php?rest_route=\/wp\/v2\/posts\/22599\/revisions"}],"predecessor-version":[{"id":22616,"href":"https:\/\/maghreb-observateur.com\/index.php?rest_route=\/wp\/v2\/posts\/22599\/revisions\/22616"}],"wp:featuredmedia":[{"embeddable":true,"href":"https:\/\/maghreb-observateur.com\/index.php?rest_route=\/wp\/v2\/media\/22517"}],"wp:attachment":[{"href":"https:\/\/maghreb-observateur.com\/index.php?rest_route=%2Fwp%2Fv2%2Fmedia&parent=22599"}],"wp:term":[{"taxonomy":"category","embeddable":true,"href":"https:\/\/maghreb-observateur.com\/index.php?rest_route=%2Fwp%2Fv2%2Fcategories&post=22599"},{"taxonomy":"post_tag","embeddable":true,"href":"https:\/\/maghreb-observateur.com\/index.php?rest_route=%2Fwp%2Fv2%2Ftags&post=22599"}],"curies":[{"name":"wp","href":"https:\/\/api.w.org\/{rel}","templated":true}]}}