{"id":22559,"date":"2023-11-07T03:47:11","date_gmt":"2023-11-07T08:47:11","guid":{"rendered":"https:\/\/maghreb-observateur.com\/?p=22559"},"modified":"2023-11-07T14:37:34","modified_gmt":"2023-11-07T19:37:34","slug":"gaza-trop-cest-trop-declarent-des-agences-humanitaires-de-lonu","status":"publish","type":"post","link":"https:\/\/maghreb-observateur.com\/?p=22559","title":{"rendered":"Gaza : \u00ab Trop c\u2019est trop \u00bb, d\u00e9clarent des agences humanitaires de l\u2019ONU"},"content":{"rendered":"\n<figure class=\"wp-block-image\"><img decoding=\"async\" src=\"https:\/\/global.unitednations.entermediadb.net\/assets\/mediadb\/services\/module\/asset\/downloads\/preset\/Collections\/Embargoed\/03-11-2023-UNICEF-Gaza-01.jpg\/image1170x530cropped.jpg\" alt=\"Des enfants vont chercher de l'eau dans la ville de Khan Younis, dans le sud de la bande de Gaza.\" title=\"Des enfants vont chercher de l'eau dans la ville de Khan Younis, dans le sud de la bande de Gaza.\"\/><\/figure>\n\n\n\n<p>\u00a9 UNICEF\/Eyad El Baba<\/p>\n\n\n\n<p>Des enfants vont chercher de l&#8217;eau dans la ville de Khan Younis, dans le sud de la bande de Gaza.<\/p>\n\n\n\n<p>\u00ab&nbsp;Nous avons besoin d&#8217;un cessez-le-feu humanitaire imm\u00e9diat. Cela fait 30 jours. Trop c\u2019est trop. Cela doit cesser maintenant&nbsp;\u00bb, ont dit dans une d\u00e9claration commune les chefs des principales agences de l\u2019ONU \u00e0 propos du conflit qui oppose Isra\u00ebl au Hamas \u00e0 Gaza.<\/p>\n\n\n\n<p>\u00ab&nbsp;Depuis pr\u00e8s d&#8217;un mois, le monde observe l&#8217;\u00e9volution de la situation en Isra\u00ebl et dans les territoires palestiniens occup\u00e9s, choqu\u00e9 et horrifi\u00e9 par le nombre croissant de vies perdues et ruin\u00e9es&nbsp;\u00bb, soulignent ces hauts responsables, dont le chef de l\u2019humanitaire de l\u2019ONU, Martin Griffiths, la cheffe du Programme alimentaire mondial, Cindy McCain, le chef de l\u2019Organisation mondiale de la Sant\u00e9 (<a href=\"https:\/\/www.who.int\/fr\" target=\"_blank\" rel=\"noreferrer noopener\">OMS<\/a>), Dr Tedros, et le Haut-Commissaire aux droits de l\u2019homme, Volker T\u00fcrk.&nbsp;<\/p>\n\n\n\n<p>Les signataires de la d\u00e9claration, qui incluent \u00e9galement les chefs d&#8217;organisations partenaires des Nations Unies, d\u00e9noncent le scandale des \u00ab&nbsp;meurtres horribles des civils \u00e0 Gaza&nbsp;\u00bb, \u00ab&nbsp;tout comme le fait de couper 2,2 millions de Palestiniens de nourriture, d&#8217;eau, de m\u00e9dicaments, d&#8217;\u00e9lectricit\u00e9 et de carburant&nbsp;\u00bb.&nbsp;<\/p>\n\n\n\n<p>\u00ab&nbsp;Toute une population est assi\u00e9g\u00e9e et attaqu\u00e9e, priv\u00e9e de l&#8217;acc\u00e8s \u00e0 l&#8217;essentiel pour survivre, bombard\u00e9e dans ses maisons, ses abris, ses h\u00f4pitaux et ses lieux de culte. C&#8217;est inacceptable&nbsp;\u00bb, poursuit la d\u00e9claration.<\/p>\n\n\n\n<h3 class=\"wp-block-heading\">Des dizaines de travailleurs humanitaires tu\u00e9s<\/h3>\n\n\n\n<p>Les chefs d\u2019agence d\u00e9plorent \u00e9galement les \u00ab&nbsp;plus de 100 attaques signal\u00e9es contre les infrastructures de soins de sant\u00e9&nbsp;\u00bb. &nbsp;<\/p>\n\n\n\n<p>Des dizaines de travailleurs humanitaires ont \u00e9t\u00e9 tu\u00e9s depuis le 7 octobre, dont 89 employ\u00e9s de l&#8217;agence des Nations Unies charg\u00e9e des r\u00e9fugi\u00e9s palestiniens, l&#8217;<a href=\"https:\/\/www.unrwa.org\/\" target=\"_blank\" rel=\"noreferrer noopener\">UNRWA<\/a>, \u00ab&nbsp;le plus grand nombre de d\u00e9c\u00e8s jamais enregistr\u00e9s par les Nations Unies dans un seul conflit&nbsp;\u00bb, d\u00e9noncent les signataires.&nbsp;<\/p>\n\n\n\n<p>Les chefs d&#8217;agences onusiennes renouvellent leur appel \u00ab aux parties pour qu&#8217;elles respectent toutes les obligations qui leur incombent en vertu du droit international humanitaire et des droits de l&#8217;homme&nbsp;\u00bb.<\/p>\n\n\n\n<p>Ils renouvellent \u00e9galement leur appel \u00ab&nbsp;\u00e0 la lib\u00e9ration imm\u00e9diate et inconditionnelle de tous les civils retenus en otage&nbsp;\u00bb.<\/p>\n\n\n\n<p>Les civils et les infrastructures dont ils d\u00e9pendent, notamment les h\u00f4pitaux, les abris et les \u00e9coles, doivent \u00eatre prot\u00e9g\u00e9s, rappellent les 18 signataires.<\/p>\n\n\n\n<p>Enfin, ils demandent que \u00ab&nbsp;davantage d&#8217;aide \u2013 nourriture, eau, m\u00e9dicaments et, carburant \u2013 entre \u00e0 Gaza en toute s\u00e9curit\u00e9, rapidement et \u00e0 l&#8217;\u00e9chelle n\u00e9cessaire, et qu\u2019elle parvienne aux personnes dans le besoin, en particulier les femmes et les enfants, o\u00f9 qu&#8217;elles se trouvent&nbsp;\u00bb.<\/p>\n\n\n\n<p>\u00c0 Gaza, selon le minist\u00e8re de la Sant\u00e9, pr\u00e8s de 9.500 personnes ont \u00e9t\u00e9 tu\u00e9es, dont 3.900 enfants et plus de 2.400 femmes depuis le 7 octobre. En Isra\u00ebl, quelque 1.400 personnes ont p\u00e9ri, des milliers ont \u00e9t\u00e9 bless\u00e9es, et plus de 200 sont retenues en otage, dont des enfants, selon les autorit\u00e9s isra\u00e9liennes.&nbsp;<\/p>\n\n\n\n<p>Source : ONU<\/p>\n","protected":false},"excerpt":{"rendered":"<p>\u00a9 UNICEF\/Eyad El Baba Des enfants vont chercher de l&#8217;eau dans la ville de Khan Younis, dans le sud de la bande de Gaza. \u00ab&nbsp;Nous avons besoin d&#8217;un cessez-le-feu humanitaire&hellip; <\/p>\n","protected":false},"author":86,"featured_media":22415,"comment_status":"open","ping_status":"closed","sticky":false,"template":"","format":"standard","meta":{"_bbp_topic_count":0,"_bbp_reply_count":0,"_bbp_total_topic_count":0,"_bbp_total_reply_count":0,"_bbp_voice_count":0,"_bbp_anonymous_reply_count":0,"_bbp_topic_count_hidden":0,"_bbp_reply_count_hidden":0,"_bbp_forum_subforum_count":0,"ngg_post_thumbnail":0},"categories":[106,204],"tags":[],"_links":{"self":[{"href":"https:\/\/maghreb-observateur.com\/index.php?rest_route=\/wp\/v2\/posts\/22559"}],"collection":[{"href":"https:\/\/maghreb-observateur.com\/index.php?rest_route=\/wp\/v2\/posts"}],"about":[{"href":"https:\/\/maghreb-observateur.com\/index.php?rest_route=\/wp\/v2\/types\/post"}],"author":[{"embeddable":true,"href":"https:\/\/maghreb-observateur.com\/index.php?rest_route=\/wp\/v2\/users\/86"}],"replies":[{"embeddable":true,"href":"https:\/\/maghreb-observateur.com\/index.php?rest_route=%2Fwp%2Fv2%2Fcomments&post=22559"}],"version-history":[{"count":2,"href":"https:\/\/maghreb-observateur.com\/index.php?rest_route=\/wp\/v2\/posts\/22559\/revisions"}],"predecessor-version":[{"id":22592,"href":"https:\/\/maghreb-observateur.com\/index.php?rest_route=\/wp\/v2\/posts\/22559\/revisions\/22592"}],"wp:featuredmedia":[{"embeddable":true,"href":"https:\/\/maghreb-observateur.com\/index.php?rest_route=\/wp\/v2\/media\/22415"}],"wp:attachment":[{"href":"https:\/\/maghreb-observateur.com\/index.php?rest_route=%2Fwp%2Fv2%2Fmedia&parent=22559"}],"wp:term":[{"taxonomy":"category","embeddable":true,"href":"https:\/\/maghreb-observateur.com\/index.php?rest_route=%2Fwp%2Fv2%2Fcategories&post=22559"},{"taxonomy":"post_tag","embeddable":true,"href":"https:\/\/maghreb-observateur.com\/index.php?rest_route=%2Fwp%2Fv2%2Ftags&post=22559"}],"curies":[{"name":"wp","href":"https:\/\/api.w.org\/{rel}","templated":true}]}}