{"id":22360,"date":"2023-10-27T05:12:50","date_gmt":"2023-10-27T10:12:50","guid":{"rendered":"https:\/\/maghreb-observateur.com\/?p=22360"},"modified":"2023-10-28T11:33:14","modified_gmt":"2023-10-28T16:33:14","slug":"declaration-du-ministre-miller-sur-le-rapport-du-bureau-du-verificateur-general-sur-le-traitement-des-demandes-de-residence-permanente","status":"publish","type":"post","link":"https:\/\/maghreb-observateur.com\/?p=22360","title":{"rendered":"Canada\/Immigration : D\u00e9claration du ministre Miller sur le rapport du Bureau du v\u00e9rificateur g\u00e9n\u00e9ral sur le traitement des demandes de r\u00e9sidence permanente"},"content":{"rendered":"\n<figure class=\"wp-block-image size-full\"><a href=\"https:\/\/maghreb-observateur.com\/wp-content\/uploads\/2023\/10\/image-5.png\" rel=\"shadowbox[sbpost-22360];player=img;\"><img decoding=\"async\" loading=\"lazy\" width=\"532\" height=\"47\" src=\"https:\/\/maghreb-observateur.com\/wp-content\/uploads\/2023\/10\/image-5.png\" alt=\"\" class=\"wp-image-22361\" srcset=\"https:\/\/maghreb-observateur.com\/wp-content\/uploads\/2023\/10\/image-5.png 532w, https:\/\/maghreb-observateur.com\/wp-content\/uploads\/2023\/10\/image-5-300x27.png 300w\" sizes=\"(max-width: 532px) 100vw, 532px\" \/><\/a><\/figure>\n\n\n\n<p><strong>Ottawa, le 19&nbsp;octobre&nbsp;2023<\/strong> \u2013 L\u2019honorable Marc Miller, ministre de l\u2019Immigration, des R\u00e9fugi\u00e9s et de la Citoyennet\u00e9, a fait la d\u00e9claration suivante&nbsp;:<\/p>\n\n\n\n<p>\u00ab&nbsp;Au nom d\u2019Immigration, R\u00e9fugi\u00e9s et Citoyennet\u00e9 Canada, je reconnais la publication du rapport du Bureau du v\u00e9rificateur g\u00e9n\u00e9ral sur le traitement des demandes de r\u00e9sidence permanente. Cette v\u00e9rification, men\u00e9e en 2022, portait sur la fa\u00e7on dont IRCC traite les demandes ainsi que les mesures adopt\u00e9es pour r\u00e9duire les arri\u00e9r\u00e9s. Ce travail met en lumi\u00e8re des aspects critiques de nos politiques et proc\u00e9dures en mati\u00e8re d\u2019immigration.<\/p>\n\n\n\n<p>L\u2019immigration est essentielle au succ\u00e8s \u00e0 long terme du Canada, et nous reconnaissons l\u2019importance de veiller \u00e0 ce que nos syst\u00e8mes fonctionnent efficacement. Au cours des derni\u00e8res ann\u00e9es, IRCC a accord\u00e9 la priorit\u00e9 \u00e0 l\u2019am\u00e9lioration des d\u00e9lais de traitement et du service \u00e0 la client\u00e8le afin de renforcer le syst\u00e8me d\u2019immigration. Notre objectif est de traiter 80&nbsp;% de toutes les demandes conform\u00e9ment aux normes de service, et nous faisons des progr\u00e8s constants vers l\u2019atteinte de cette cible. En ao\u00fbt&nbsp;2022, IRCC a \u00e9galement commenc\u00e9 \u00e0 <a href=\"https:\/\/emea01.safelinks.protection.outlook.com\/?url=https%3A%2F%2Fwww.canada.ca%2Ffr%2Fimmigration-refugies-citoyennete%2Forganisation%2Fmandat%2Fsysteme-immigration-plus-fort.html&amp;data=05%7C01%7C%7C9987cea1b64743485a4408dbd2b636c2%7C84df9e7fe9f640afb435aaaaaaaaaaaa%7C1%7C0%7C638335452268410662%7CUnknown%7CTWFpbGZsb3d8eyJWIjoiMC4wLjAwMDAiLCJQIjoiV2luMzIiLCJBTiI6Ik1haWwiLCJXVCI6Mn0%3D%7C3000%7C%7C%7C&amp;sdata=rYsgQqg%2BiBITsQOSk8BpVxHs2EZ4LRrUa8mDiW5nd9M%3D&amp;reserved=0\">publier des donn\u00e9es mensuelles<\/a> dans le but d\u2019informer le public concernant les efforts continus d\u00e9ploy\u00e9s pour r\u00e9duire les arri\u00e9r\u00e9s de demandes.<\/p>\n\n\n\n<p>Cette ann\u00e9e, le Canada avait d\u00e9j\u00e0 accueilli 339&nbsp;000 r\u00e9sidents permanents au 31&nbsp;ao\u00fbt, contre 310&nbsp;000 au cours de la m\u00eame p\u00e9riode en 2022. Depuis la r\u00e9alisation de la v\u00e9rification, IRCC a&nbsp;continu\u00e9 de r\u00e9duire ses arri\u00e9r\u00e9s en num\u00e9risant les demandes, en embauchant et en formant du nouveau personnel et en exploitant l\u2019automatisation des technologies pour augmenter la capacit\u00e9 et l\u2019efficacit\u00e9 de traitement.<\/p>\n\n\n\n<p>De nombreux secteurs d\u2019activit\u00e9 sont d\u00e9sormais de retour ou sur le point de revenir aux normes de service. En septembre&nbsp;2023, le minist\u00e8re avait trait\u00e9 plus de 80&nbsp;% des demandes f\u00e9d\u00e9rales hautement qualifi\u00e9es conform\u00e9ment aux normes de service depuis juillet&nbsp;2022. En outre, plus de 80&nbsp;% des demandes des \u00e9poux, conjoints de fait et enfants (sauf pour le Qu\u00e9bec) re\u00e7ues depuis avril&nbsp;2022 ont \u00e9t\u00e9 trait\u00e9es conform\u00e9ment aux normes de service. Nous nous sommes \u00e9galement engag\u00e9s \u00e0 surveiller et \u00e0 \u00e9valuer notre utilisation de la technologie pour faciliter le traitement des demandes.<\/p>\n\n\n\n<p>Plus tard cet automne, IRCC offrira l\u2019acc\u00e8s au <a href=\"https:\/\/emea01.safelinks.protection.outlook.com\/?url=https%3A%2F%2Fwww.canada.ca%2Ffr%2Fimmigration-refugies-citoyennete%2Fservices%2Fimmigrer-canada%2Fcomment-presenter-une-demande-en-ligne.html&amp;data=05%7C01%7C%7C9987cea1b64743485a4408dbd2b636c2%7C84df9e7fe9f640afb435aaaaaaaaaaaa%7C1%7C0%7C638335452268410662%7CUnknown%7CTWFpbGZsb3d8eyJWIjoiMC4wLjAwMDAiLCJQIjoiV2luMzIiLCJBTiI6Ik1haWwiLCJXVCI6Mn0%3D%7C3000%7C%7C%7C&amp;sdata=ClSYltZoCfvs1q9rybT4lnHFQQ2iLoaNRy%2FX%2BP0g5nY%3D&amp;reserved=0\">Portail de r\u00e9sidence permanente<\/a> en ligne aux groupes de parrainage priv\u00e9s et \u00e0 certains de nos partenaires de recommandation de r\u00e9fugi\u00e9s parrain\u00e9s par le gouvernement. Le portail offrira \u00e0 ces groupes un moyen s\u00fbr et pratique de pr\u00e9senter leurs demandes et recommandations. Ces mesures r\u00e9pondent directement \u00e0 certaines des pr\u00e9occupations soulev\u00e9es dans le rapport.<\/p>\n\n\n\n<p>Je suis optimiste suivant les progr\u00e8s accomplis par IRCC en d\u00e9pit des nombreux d\u00e9fis auxquels il a \u00e9t\u00e9 confront\u00e9 au cours des derni\u00e8res ann\u00e9es. Je tiens d\u2019ailleurs \u00e0 souligner le d\u00e9vouement des employ\u00e9s d\u2019IRCC, qui jouent un r\u00f4le d\u00e9terminant dans le traitement des demandes. Le rapport du Bureau du v\u00e9rificateur g\u00e9n\u00e9ral nous rappelle que nous devons honorer nos promesses et faire en sorte que le Canada continue d\u2019\u00eatre une destination accueillante et inclusive pour les gens qui cherchent \u00e0 se b\u00e2tir une nouvelle vie.&nbsp;\u00bb<\/p>\n","protected":false},"excerpt":{"rendered":"<p>Ottawa, le 19&nbsp;octobre&nbsp;2023 \u2013 L\u2019honorable Marc Miller, ministre de l\u2019Immigration, des R\u00e9fugi\u00e9s et de la Citoyennet\u00e9, a fait la d\u00e9claration suivante&nbsp;: \u00ab&nbsp;Au nom d\u2019Immigration, R\u00e9fugi\u00e9s et Citoyennet\u00e9 Canada, je reconnais&hellip; <\/p>\n","protected":false},"author":83,"featured_media":7677,"comment_status":"open","ping_status":"closed","sticky":false,"template":"","format":"standard","meta":{"_bbp_topic_count":0,"_bbp_reply_count":0,"_bbp_total_topic_count":0,"_bbp_total_reply_count":0,"_bbp_voice_count":0,"_bbp_anonymous_reply_count":0,"_bbp_topic_count_hidden":0,"_bbp_reply_count_hidden":0,"_bbp_forum_subforum_count":0,"ngg_post_thumbnail":0},"categories":[99,193,113],"tags":[],"_links":{"self":[{"href":"https:\/\/maghreb-observateur.com\/index.php?rest_route=\/wp\/v2\/posts\/22360"}],"collection":[{"href":"https:\/\/maghreb-observateur.com\/index.php?rest_route=\/wp\/v2\/posts"}],"about":[{"href":"https:\/\/maghreb-observateur.com\/index.php?rest_route=\/wp\/v2\/types\/post"}],"author":[{"embeddable":true,"href":"https:\/\/maghreb-observateur.com\/index.php?rest_route=\/wp\/v2\/users\/83"}],"replies":[{"embeddable":true,"href":"https:\/\/maghreb-observateur.com\/index.php?rest_route=%2Fwp%2Fv2%2Fcomments&post=22360"}],"version-history":[{"count":2,"href":"https:\/\/maghreb-observateur.com\/index.php?rest_route=\/wp\/v2\/posts\/22360\/revisions"}],"predecessor-version":[{"id":22364,"href":"https:\/\/maghreb-observateur.com\/index.php?rest_route=\/wp\/v2\/posts\/22360\/revisions\/22364"}],"wp:featuredmedia":[{"embeddable":true,"href":"https:\/\/maghreb-observateur.com\/index.php?rest_route=\/wp\/v2\/media\/7677"}],"wp:attachment":[{"href":"https:\/\/maghreb-observateur.com\/index.php?rest_route=%2Fwp%2Fv2%2Fmedia&parent=22360"}],"wp:term":[{"taxonomy":"category","embeddable":true,"href":"https:\/\/maghreb-observateur.com\/index.php?rest_route=%2Fwp%2Fv2%2Fcategories&post=22360"},{"taxonomy":"post_tag","embeddable":true,"href":"https:\/\/maghreb-observateur.com\/index.php?rest_route=%2Fwp%2Fv2%2Ftags&post=22360"}],"curies":[{"name":"wp","href":"https:\/\/api.w.org\/{rel}","templated":true}]}}