{"id":22329,"date":"2023-10-24T07:36:14","date_gmt":"2023-10-24T12:36:14","guid":{"rendered":"https:\/\/maghreb-observateur.com\/?p=22329"},"modified":"2023-10-24T11:37:16","modified_gmt":"2023-10-24T16:37:16","slug":"a-immigration-canada-cest-premier-arrive-dernier-servi","status":"publish","type":"post","link":"https:\/\/maghreb-observateur.com\/?p=22329","title":{"rendered":"\u00c0 Immigration Canada, c\u2019est premier arriv\u00e9, dernier servi"},"content":{"rendered":"\n<figure class=\"wp-block-image size-full\"><a href=\"https:\/\/maghreb-observateur.com\/wp-content\/uploads\/2021\/04\/immigrerAuCanada.jpg\" rel=\"shadowbox[sbpost-22329];player=img;\"><img decoding=\"async\" loading=\"lazy\" width=\"474\" height=\"361\" src=\"https:\/\/maghreb-observateur.com\/wp-content\/uploads\/2021\/04\/immigrerAuCanada.jpg\" alt=\"Immigrer au Canada\" class=\"wp-image-8159\" srcset=\"https:\/\/maghreb-observateur.com\/wp-content\/uploads\/2021\/04\/immigrerAuCanada.jpg 474w, https:\/\/maghreb-observateur.com\/wp-content\/uploads\/2021\/04\/immigrerAuCanada-300x228.jpg 300w\" sizes=\"(max-width: 474px) 100vw, 474px\" \/><\/a><figcaption class=\"wp-element-caption\">Immigrer au Canada<\/figcaption><\/figure>\n\n\n\n<p>Les politiques compl\u00e8tement d\u00e9faillantes de traitement des demandes d\u2019asile d\u2019Immigration Canada ne sont dues ni \u00e0 un manque de ressources ni \u00e0 un sous-financement chronique. Ce sont bel et bien des manquements importants dans la gestion et des dysfonctionnements internes qui font en sorte que des personnes parmi les plus vuln\u00e9rables au nombre de celles qui esp\u00e8rent trouver asile au Canada se retrouvent \u00e0 attendre en moyenne trois ans avant d\u2019avoir une r\u00e9ponse, une attente aussi inacceptable qu\u2019inhumaine.<\/p>\n\n\n\n<p>La v\u00e9rificatrice g\u00e9n\u00e9rale du Canada, Karen Hogan, s\u2019explique mal comment, sept ans apr\u00e8s s\u2019\u00eatre engag\u00e9 \u00e0 mettre en place un m\u00e9canisme de traitement des demandes d\u2019immigration ax\u00e9 sur la capacit\u00e9 de r\u00e9ponse des bureaux et le flux de demandes, Immigration, R\u00e9fugi\u00e9s et Citoyennet\u00e9 Canada (IRCC) n\u2019a pas r\u00e9ussi \u00e0 r\u00e9aliser sa promesse.<\/p>\n\n\n\n<p>Le&nbsp;portrait d\u00e9voil\u00e9 par la v\u00e9rificatrice la semaine derni\u00e8re&nbsp;n\u2019est pas reluisant. Il pointe un syst\u00e8me paralys\u00e9 par ses vices de fonctionnement, incapable d\u2019analyser les r\u00e9sultats des changements mis en place, et peu port\u00e9 sur la transparence et l\u2019honn\u00eatet\u00e9 bien que des gens remplis d\u2019espoir croupissent des ann\u00e9es avant d\u2019obtenir un retour.<\/p>\n\n\n\n<p>\u00ab&nbsp;Je me gratte un peu la t\u00eate avec ce minist\u00e8re&nbsp;\u00bb, a confi\u00e9 Karen Hogan, dont l\u2019organisme de v\u00e9rification ausculte entre autres les pratiques d\u2019efficacit\u00e9 du gouvernement. \u00ab&nbsp;Il y a beaucoup d\u2019enjeux dont ils sont au courant.&nbsp;\u00bb<\/p>\n\n\n\n<p>Son bureau s\u2019est pench\u00e9 sur huit programmes d\u2019immigration au sein de l\u2019appareil f\u00e9d\u00e9ral. M\u00eame si elle note certaines am\u00e9liorations, notamment dans le champ de la r\u00e9unification familiale et celui de l\u2019immigration \u00e9conomique, les retards les plus lamentablement longs \u00e9chouent dans la cat\u00e9gorie des plus fragiles&nbsp;: ceux qui cherchent une terre o\u00f9 ils seront en s\u00e9curit\u00e9. M\u00eame si le minist\u00e8re s\u2019est dot\u00e9 de \u00ab&nbsp;normes de service&nbsp;\u00bb, c\u2019est-\u00e0-dire des d\u00e9lais moyens de 6 \u00e0 12 mois qu\u2019il devrait respecter, il les d\u00e9passe de mani\u00e8re g\u00e9n\u00e9rale dans nombre de cat\u00e9gories. Il bafoue lui-m\u00eame ses propres r\u00e8gles \u2014 notamment celle du \u00ab&nbsp;premier arriv\u00e9, premier servi&nbsp;\u00bb, car certaines demandes plus r\u00e9centes sont pass\u00e9es sur le dessus de la pile, alors que d\u2019autres s\u2019empoussi\u00e9raient en dessous depuis des ann\u00e9es, a constat\u00e9 la v\u00e9rificatrice.<\/p>\n\n\n\n<p>L\u2019un des \u00ab&nbsp;enjeux&nbsp;\u00bb majeurs auxquels se sont attard\u00e9s les v\u00e9rificateurs concerne la capacit\u00e9 des 87 bureaux d\u2019IRCC, r\u00e9partis au Canada et \u00e0 travers le monde (et de leurs 2600 employ\u00e9s), \u00e0 traiter leur flux de demandes respectif. Ainsi, est-il normal que les bureaux de Rome et de Dar es-Salaam, en Tanzanie, aient exactement le m\u00eame effectif, mais que le bureau africain re\u00e7oive cinq fois plus de demandes&nbsp;? Non, r\u00e9pond Karen Hogan, qui s\u2019en remet non seulement au gros bon sens, mais aussi \u00e0 l\u2019intention exprim\u00e9e par le minist\u00e8re lui-m\u00eame de pratiquer l\u2019\u00e9quit\u00e9.<\/p>\n\n\n\n<p>Cet immobilisme rend perplexe.<\/p>\n\n\n\n<p>Les dysfonctionnements m\u00e8nent d\u2019ailleurs \u00e0 des pratiques discriminatoires, note la v\u00e9rificatrice, qui constate que des r\u00e9sultats dans le traitement sont diff\u00e9rents en fonction de la race et du pays d\u2019origine. Alors qu\u2019une m\u00e9thode automatique de traitement d\u2019une portion de la demande est offerte \u00e0 certains \u2014 et acc\u00e9l\u00e8re le processus \u2014, on remarque, par exemple, que les demandeurs ha\u00eftiens sont p\u00e9nalis\u00e9s, car seule la bonne vieille m\u00e9thode manuelle leur est offerte.<\/p>\n\n\n\n<p>Le ministre f\u00e9d\u00e9ral de l\u2019Immigration, Marc Miller, a r\u00e9agi \u00e0 cette avalanche de critiques en reconnaissant que son minist\u00e8re pouvait faire mieux. De cette complainte \u00e9ternelle sur les d\u00e9lais indus de traitement des demandes en immigration, il faut retenir le paradoxe apparent entre ce que la machine administrative r\u00e9ussit \u00e0 faire et ce que l\u2019appareil politique promet de faire. Le premier ministre&nbsp;<a href=\"https:\/\/www.ledevoir.com\/justin-trudeau?utm_source=recirculation&amp;utm_medium=hyperlien&amp;utm_campaign=corps_texte\">Justin Trudeau<\/a>&nbsp;continue ainsi de promettre mer et monde, et d\u00e9fend toujours avec euphorie son intention de recevoir 500&nbsp;000 immigrants par ann\u00e9e d\u2019ici 2025. Mais combien de milliers d\u2019entre eux resteront coinc\u00e9s dans les d\u00e9dales bureaucratiques du minist\u00e8re responsable&nbsp;?<\/p>\n\n\n\n<p>\u00c0 la fin de 2022, rapporte la v\u00e9rificatrice, 99&nbsp;000 demandeurs d\u2019asile \u00e9taient toujours en attente d\u2019une d\u00e9cision dans leur dossier. Sans changement radical dans les mani\u00e8res de faire, plusieurs ann\u00e9es seront n\u00e9cessaires pour qu\u2019IRCC passe \u00e0 travers les demandes qui sont d\u00e9j\u00e0 dans le syst\u00e8me. Et c\u2019est sans compter celles qui continuent d\u2019arriver. En 2022, le nombre de demandes pr\u00e9sent\u00e9es dans le cadre du programme destin\u00e9 aux r\u00e9fugi\u00e9s \u00e9tait trois fois plus \u00e9lev\u00e9 que la capacit\u00e9 d\u2019accueil dans cette cat\u00e9gorie.<\/p>\n\n\n\n<p>Les rapports et analyses pr\u00e9sentent des colonnes de chiffres et font d\u00e9filer les statistiques. Mais les personnes r\u00e9fugi\u00e9es et prot\u00e9g\u00e9es \u00e0 titre humanitaire font partie du groupe le plus vuln\u00e9rable de demandeurs en attente d\u2019une r\u00e9ponse du Canada. Pour certains, un oui ou un non pourrait signifier la vie ou la mort.<\/p>\n\n\n\n<p>S\u2019il ne peut pas traiter leur demande dans un d\u00e9lai raisonnable, le Canada leur doit au moins l\u2019honn\u00eatet\u00e9 et la transparence, plut\u00f4t que le jovialisme et la poudre aux yeux.<\/p>\n\n\n\n<p>Ce texte fait partie de notre section Opinion. Il s\u2019agit d\u2019un \u00e9ditorial et, \u00e0 ce titre, il refl\u00e8te les valeurs et la position du&nbsp;<em>Devoir<\/em>&nbsp;telles que d\u00e9finies par son directeur en coll\u00e9gialit\u00e9 avec l\u2019\u00e9quipe \u00e9ditoriale.<\/p>\n","protected":false},"excerpt":{"rendered":"<p>Les politiques compl\u00e8tement d\u00e9faillantes de traitement des demandes d\u2019asile d\u2019Immigration Canada ne sont dues ni \u00e0 un manque de ressources ni \u00e0 un sous-financement chronique. Ce sont bel et bien&hellip; <\/p>\n","protected":false},"author":86,"featured_media":8159,"comment_status":"open","ping_status":"closed","sticky":false,"template":"","format":"standard","meta":{"_bbp_topic_count":0,"_bbp_reply_count":0,"_bbp_total_topic_count":0,"_bbp_total_reply_count":0,"_bbp_voice_count":0,"_bbp_anonymous_reply_count":0,"_bbp_topic_count_hidden":0,"_bbp_reply_count_hidden":0,"_bbp_forum_subforum_count":0,"ngg_post_thumbnail":0},"categories":[99,113],"tags":[],"_links":{"self":[{"href":"https:\/\/maghreb-observateur.com\/index.php?rest_route=\/wp\/v2\/posts\/22329"}],"collection":[{"href":"https:\/\/maghreb-observateur.com\/index.php?rest_route=\/wp\/v2\/posts"}],"about":[{"href":"https:\/\/maghreb-observateur.com\/index.php?rest_route=\/wp\/v2\/types\/post"}],"author":[{"embeddable":true,"href":"https:\/\/maghreb-observateur.com\/index.php?rest_route=\/wp\/v2\/users\/86"}],"replies":[{"embeddable":true,"href":"https:\/\/maghreb-observateur.com\/index.php?rest_route=%2Fwp%2Fv2%2Fcomments&post=22329"}],"version-history":[{"count":2,"href":"https:\/\/maghreb-observateur.com\/index.php?rest_route=\/wp\/v2\/posts\/22329\/revisions"}],"predecessor-version":[{"id":22334,"href":"https:\/\/maghreb-observateur.com\/index.php?rest_route=\/wp\/v2\/posts\/22329\/revisions\/22334"}],"wp:featuredmedia":[{"embeddable":true,"href":"https:\/\/maghreb-observateur.com\/index.php?rest_route=\/wp\/v2\/media\/8159"}],"wp:attachment":[{"href":"https:\/\/maghreb-observateur.com\/index.php?rest_route=%2Fwp%2Fv2%2Fmedia&parent=22329"}],"wp:term":[{"taxonomy":"category","embeddable":true,"href":"https:\/\/maghreb-observateur.com\/index.php?rest_route=%2Fwp%2Fv2%2Fcategories&post=22329"},{"taxonomy":"post_tag","embeddable":true,"href":"https:\/\/maghreb-observateur.com\/index.php?rest_route=%2Fwp%2Fv2%2Ftags&post=22329"}],"curies":[{"name":"wp","href":"https:\/\/api.w.org\/{rel}","templated":true}]}}