{"id":22280,"date":"2023-10-20T03:12:51","date_gmt":"2023-10-20T08:12:51","guid":{"rendered":"https:\/\/maghreb-observateur.com\/?p=22280"},"modified":"2023-10-20T14:22:48","modified_gmt":"2023-10-20T19:22:48","slug":"la-magie-de-ma-langue","status":"publish","type":"post","link":"https:\/\/maghreb-observateur.com\/?p=22280","title":{"rendered":"La magie de ma langue."},"content":{"rendered":"\n<figure class=\"wp-block-image size-full\"><a href=\"https:\/\/maghreb-observateur.com\/wp-content\/uploads\/2023\/05\/image-47.png\" rel=\"shadowbox[sbpost-22280];player=img;\"><img decoding=\"async\" loading=\"lazy\" width=\"470\" height=\"329\" src=\"https:\/\/maghreb-observateur.com\/wp-content\/uploads\/2023\/05\/image-47.png\" alt=\"\" class=\"wp-image-20015\" srcset=\"https:\/\/maghreb-observateur.com\/wp-content\/uploads\/2023\/05\/image-47.png 470w, https:\/\/maghreb-observateur.com\/wp-content\/uploads\/2023\/05\/image-47-300x210.png 300w\" sizes=\"(max-width: 470px) 100vw, 470px\" \/><\/a><\/figure>\n\n\n\n<p>Ma langue n&#8217;est ni vanit\u00e9, ni chose banale! Je l&#8217;ai t\u00e9t\u00e9e au sein de nombre de montagnes, cha\u00eenes du Rif, de l&#8217;Altas et j&#8217;en passe, Je l&#8217;ai t\u00e9t\u00e9e \u00e0 de nombreux oc\u00e9ans : la M\u00e9diterran\u00e9e, l&#8217;Atlantique, et d&#8217;autres mers et espaces, Je l&#8217;ai t\u00e9t\u00e9e \u00e0 des d\u00e9serts immenses, lointains et proches, Je l&#8217;ai t\u00e9t\u00e9e \u00e0 une m\u00e8re qui brodait des motifs, en fil d&#8217;or, cousus sur de la soie, du velours et d&#8217;autres tissus chatoyants et nobles.<br>Ma langue n&#8217;est pas une arme de guerre, elle est une brise qui rafra\u00eechit, un soleil qui r\u00e9chauffe, elle est une lune qui illumine, des \u00e9toiles qui brillent, orientent et \u00e9clairent. Je la chanterai, ma langue avec une fl\u00fbte, avec un luth, avec un rebec.<br>Je la danserai avec les po\u00e8tes les plus avertis, avec les troubadours, avec les griots. Je la fredonnerai sous les arbres, au bord des fleuves, entre les vagues et sur les cr\u00eates. Elle bercera les oiseaux, les fleurs et les abeilles.<br>Ma langue est une chant qui enchante, elle est un rythme qui enj\u00f4le et apaise, un papillon qui danse, un parfum qui \u00e9nivre. Elle m&#8217;a appris \u00e0 dire non \u00e0 ceux qui trichent, qui \u00e9crivent et faussent contes et l\u00e9gendes de toute une race. Elle m&#8217;a appris \u00e0 tenir t\u00eate \u00e0 tous ceux qui ne lui sont pas fid\u00e8les et ne pr\u00e9servent ni sa valeur ni sa gr\u00e2ce ! Elle m&#8217;a appris \u00e0 crier fort la v\u00e9rit\u00e9, l&#8217;\u00e9quit\u00e9 et la justice, dans la fl\u00fbte de David, sans regret et sans crainte!<br>Partout o\u00f9 je vais, sous la pluie, sous le soleil, qu&#8217;il tonne, qu&#8217;il vente ou qu&#8217;il pleuve! sous l&#8217;olivier, sous le noyer ou sous le figuier, Partout o\u00f9 que je sois, m\u00eame entre l&#8217;enclume et le marteau et tout le temps, jusqu&#8217;au souffle dernier! Peu importe.<br>Elle m&#8217;a appris \u00e0 dire non aux tra\u00eetres aux ren\u00e9gats et \u00e0 tous ceux qui l&#8217;ont reni\u00e9e !<br>Elle m&#8217;a appris \u00e0 dire non \u00e0 l&#8217;alt\u00e9rit\u00e9, aux discordances et aux disharmonies, elle m&#8217;a appris \u00e0 dire non aux ordres, aux violences et aux injustices. Ma langue me poss\u00e8de et elle est, elle m\u00eame poss\u00e9d\u00e9e, elle tombe telle une ros\u00e9e sur courtisanes et princesses.<br>Approche, tiens, apprivoise-la, ma langue, je t&#8217;y invite.<br>Offre lui, \u00e0 ton tour, ton attention, ton amour et ton affection,<br>Habille-la de soie, couvre-la de mousseline et d\u00e9pose-la sur du taffetas,<br>Coiffe-la de bijoux fins, pr\u00e9cieux et d\u00e9licats, arrose-la de senteurs pures et douces et de fragrances p\u00e9tillantes et fra\u00eeches.<br>Je te la pr\u00e9sente, ma langue, fais-lui de ton c\u0153ur une demeure et cherche ses \u00e9chos dans tes oreilles.<br>Elle est \u00e0 toi et \u00e0 tous les autres,<br>Elle est aux fleurs, aux arbres, aux oiseaux et aux poissons, elle appartient \u00e0 l&#8217;ensemble de l&#8217;univers.<br>Oui, elle, car elle contient et exprime le plus beau mot et sentiment : l&#8217;AMOUR, qui ouvre toutes les portes des tr\u00e9sors les plus pr\u00e9cieux du monde.<\/p>\n\n\n\n<p>Assia Bouayad.<\/p>\n","protected":false},"excerpt":{"rendered":"<p>Ma langue n&#8217;est ni vanit\u00e9, ni chose banale! Je l&#8217;ai t\u00e9t\u00e9e au sein de nombre de montagnes, cha\u00eenes du Rif, de l&#8217;Altas et j&#8217;en passe, Je l&#8217;ai t\u00e9t\u00e9e \u00e0 de&hellip; <\/p>\n","protected":false},"author":86,"featured_media":20018,"comment_status":"closed","ping_status":"closed","sticky":false,"template":"","format":"standard","meta":{"_bbp_topic_count":0,"_bbp_reply_count":0,"_bbp_total_topic_count":0,"_bbp_total_reply_count":0,"_bbp_voice_count":0,"_bbp_anonymous_reply_count":0,"_bbp_topic_count_hidden":0,"_bbp_reply_count_hidden":0,"_bbp_forum_subforum_count":0,"ngg_post_thumbnail":0},"categories":[193,116,256],"tags":[],"_links":{"self":[{"href":"https:\/\/maghreb-observateur.com\/index.php?rest_route=\/wp\/v2\/posts\/22280"}],"collection":[{"href":"https:\/\/maghreb-observateur.com\/index.php?rest_route=\/wp\/v2\/posts"}],"about":[{"href":"https:\/\/maghreb-observateur.com\/index.php?rest_route=\/wp\/v2\/types\/post"}],"author":[{"embeddable":true,"href":"https:\/\/maghreb-observateur.com\/index.php?rest_route=\/wp\/v2\/users\/86"}],"replies":[{"embeddable":true,"href":"https:\/\/maghreb-observateur.com\/index.php?rest_route=%2Fwp%2Fv2%2Fcomments&post=22280"}],"version-history":[{"count":2,"href":"https:\/\/maghreb-observateur.com\/index.php?rest_route=\/wp\/v2\/posts\/22280\/revisions"}],"predecessor-version":[{"id":22286,"href":"https:\/\/maghreb-observateur.com\/index.php?rest_route=\/wp\/v2\/posts\/22280\/revisions\/22286"}],"wp:featuredmedia":[{"embeddable":true,"href":"https:\/\/maghreb-observateur.com\/index.php?rest_route=\/wp\/v2\/media\/20018"}],"wp:attachment":[{"href":"https:\/\/maghreb-observateur.com\/index.php?rest_route=%2Fwp%2Fv2%2Fmedia&parent=22280"}],"wp:term":[{"taxonomy":"category","embeddable":true,"href":"https:\/\/maghreb-observateur.com\/index.php?rest_route=%2Fwp%2Fv2%2Fcategories&post=22280"},{"taxonomy":"post_tag","embeddable":true,"href":"https:\/\/maghreb-observateur.com\/index.php?rest_route=%2Fwp%2Fv2%2Ftags&post=22280"}],"curies":[{"name":"wp","href":"https:\/\/api.w.org\/{rel}","templated":true}]}}