{"id":22247,"date":"2023-09-29T05:41:03","date_gmt":"2023-09-29T10:41:03","guid":{"rendered":"https:\/\/maghreb-observateur.com\/?p=22247"},"modified":"2023-09-29T05:54:37","modified_gmt":"2023-09-29T10:54:37","slug":"le-langage-et-le-message-de-limage","status":"publish","type":"post","link":"https:\/\/maghreb-observateur.com\/?p=22247","title":{"rendered":"Le langage et le message de l\u2019image"},"content":{"rendered":"\n<p>Par : Docteur Belkassem Amanzou&nbsp;<\/p>\n\n\n\n<figure class=\"wp-block-image size-large\"><a href=\"https:\/\/maghreb-observateur.com\/wp-content\/uploads\/2023\/09\/WhatsApp-Image-2023-09-29-a-05.06.10_6b569e83.jpg\" rel=\"shadowbox[sbpost-22247];player=img;\"><img decoding=\"async\" loading=\"lazy\" width=\"1024\" height=\"482\" src=\"https:\/\/maghreb-observateur.com\/wp-content\/uploads\/2023\/09\/WhatsApp-Image-2023-09-29-a-05.06.10_6b569e83-1024x482.jpg\" alt=\"\" class=\"wp-image-22248\" srcset=\"https:\/\/maghreb-observateur.com\/wp-content\/uploads\/2023\/09\/WhatsApp-Image-2023-09-29-a-05.06.10_6b569e83-1024x482.jpg 1024w, https:\/\/maghreb-observateur.com\/wp-content\/uploads\/2023\/09\/WhatsApp-Image-2023-09-29-a-05.06.10_6b569e83-300x141.jpg 300w, https:\/\/maghreb-observateur.com\/wp-content\/uploads\/2023\/09\/WhatsApp-Image-2023-09-29-a-05.06.10_6b569e83-768x362.jpg 768w, https:\/\/maghreb-observateur.com\/wp-content\/uploads\/2023\/09\/WhatsApp-Image-2023-09-29-a-05.06.10_6b569e83.jpg 1040w\" sizes=\"(max-width: 1024px) 100vw, 1024px\" \/><\/a><\/figure>\n\n\n\n<p>Le message visuel de cette image muette laisse entendre dans son contexte politique et communicationnel que le chef du gouvernement, Aziz Akhannouch \u00abpr\u00e9side\u00bb cette r\u00e9union consacr\u00e9e \u00e0 la mise en \u0153uvre de la Lettre Royale relative \u00e0 la r\u00e9vision du Code de la famille.<\/p>\n\n\n\n<p>La table de r\u00e9union carr\u00e9e, le portrait du roi \u00e0 l\u2019arri\u00e8re plan, le drapeau national \u00e0 sa droite et le plan de table, pla\u00e7ant le chef du gouvernement face \u00e0 la porte, en plus du lieu de la prise de vue, montrent l\u2019attribut du pouvoir et convoquent un sens qui d\u00e9note et connote le pouvoir.<\/p>\n\n\n\n<p>Autrement dit, l\u2019image muette rendue publique apr\u00e8s cette r\u00e9union v\u00e9hiculait le message suivant : \u00abil a pr\u00e9sid\u00e9 la r\u00e9union\u00bb. Or, dans la lettre royale relative \u00e0 la r\u00e9vision du Code de la famille, rien n\u2019indique cette \u00abmission\u00bb.<\/p>\n\n\n\n<p>De m\u00eame, d\u2019apr\u00e8s le plan de table, \u00abla personne la plus importance\u00bb, selon cette configuration communicationnelle, serait M. Moulay El Hassan Daki, Procureur g\u00e9n\u00e9ral du Roi pr\u00e8s la Cour de Cassation, pr\u00e9sident du Minist\u00e8re Public, puisque le personnage a \u00e9t\u00e9 install\u00e9 \u00e0 la droite du \u00abpr\u00e9sident\u00bb de la r\u00e9union.<\/p>\n\n\n\n<p>Et en face de lui, \u00e0 gauche du \u00abpr\u00e9sident\u00bb de la r\u00e9union, l\u2019image montre Mohamed Abdennabaoui, Premier pr\u00e9sident de la Cour de Cassation, et Pr\u00e9sident d\u00e9l\u00e9gu\u00e9 du Conseil Sup\u00e9rieur du Pouvoir Judiciaire. Enfin, le plan de table a plac\u00e9 le ministre de la justice, Abdellatif Ouahbi \u00e0 la droite de M. Moulay El Hassan Daki.<\/p>\n\n\n\n<p>Ce dispositif protocolaire ne refl\u00e8te pas le contenu de la lettre royale qui souligne pourtant dans un ordre bien pr\u00e9cis que \u00able Souverain a confi\u00e9 le pilotage de la pr\u00e9paration de cette importante r\u00e9forme, de mani\u00e8re collective et coll\u00e9giale, au minist\u00e8re de la Justice, au Conseil Sup\u00e9rieur du Pouvoir Judiciaire et \u00e0 la Pr\u00e9sidence du Minist\u00e8re public et ce, au vu de la centralit\u00e9 des dimensions juridiques et judiciaires de cette question\u00bb.<\/p>\n\n\n\n<p>Autant dire que le chef du gouvernement n\u2019aurait pas \u00e9t\u00e9 bien conseill\u00e9 pour mettre en place un plan de table qui cadre avec la teneur de la lettre royale. Il aurait opt\u00e9 pour une table ronde et cadrer le message visuel afin d\u2019\u00e9viter les interpr\u00e9tations qui ruinent son image.<\/p>\n\n\n\n<p>Le message de l\u2019image a \u00e9t\u00e9 att\u00e9nu\u00e9 par l\u2019agence officielle (MAP) qui a titr\u00e9 par \u00abLe Chef du gouvernement tient une r\u00e9union\u00bb et non pas \u00abpr\u00e9side une r\u00e9union\u00bb comme le laisse entendre l\u2019image.<br>Il faut dire que la politique a toujours besoin de communication politique pour se r\u00e9aliser pleinement, mais le chef du gouvernement ne l\u2019entend pas de cette&nbsp;oreille-l\u00e0.<\/p>\n\n\n\n<p><strong>Cet article refl\u00e8te l\u2019opinion personnelle de son auteur, et ne repr\u00e9sente d\u2019aucune mani\u00e8re ni l\u2019avis, ni l\u2019opinion de Maghreb Observateur.<\/strong><\/p>\n","protected":false},"excerpt":{"rendered":"<p>Par : Docteur Belkassem Amanzou&nbsp; Le message visuel de cette image muette laisse entendre dans son contexte politique et communicationnel que le chef du gouvernement, Aziz Akhannouch \u00abpr\u00e9side\u00bb cette r\u00e9union&hellip; <\/p>\n","protected":false},"author":87,"featured_media":22248,"comment_status":"open","ping_status":"closed","sticky":false,"template":"","format":"standard","meta":{"_bbp_topic_count":0,"_bbp_reply_count":0,"_bbp_total_topic_count":0,"_bbp_total_reply_count":0,"_bbp_voice_count":0,"_bbp_anonymous_reply_count":0,"_bbp_topic_count_hidden":0,"_bbp_reply_count_hidden":0,"_bbp_forum_subforum_count":0,"ngg_post_thumbnail":0},"categories":[193,103,256],"tags":[],"_links":{"self":[{"href":"https:\/\/maghreb-observateur.com\/index.php?rest_route=\/wp\/v2\/posts\/22247"}],"collection":[{"href":"https:\/\/maghreb-observateur.com\/index.php?rest_route=\/wp\/v2\/posts"}],"about":[{"href":"https:\/\/maghreb-observateur.com\/index.php?rest_route=\/wp\/v2\/types\/post"}],"author":[{"embeddable":true,"href":"https:\/\/maghreb-observateur.com\/index.php?rest_route=\/wp\/v2\/users\/87"}],"replies":[{"embeddable":true,"href":"https:\/\/maghreb-observateur.com\/index.php?rest_route=%2Fwp%2Fv2%2Fcomments&post=22247"}],"version-history":[{"count":2,"href":"https:\/\/maghreb-observateur.com\/index.php?rest_route=\/wp\/v2\/posts\/22247\/revisions"}],"predecessor-version":[{"id":22250,"href":"https:\/\/maghreb-observateur.com\/index.php?rest_route=\/wp\/v2\/posts\/22247\/revisions\/22250"}],"wp:featuredmedia":[{"embeddable":true,"href":"https:\/\/maghreb-observateur.com\/index.php?rest_route=\/wp\/v2\/media\/22248"}],"wp:attachment":[{"href":"https:\/\/maghreb-observateur.com\/index.php?rest_route=%2Fwp%2Fv2%2Fmedia&parent=22247"}],"wp:term":[{"taxonomy":"category","embeddable":true,"href":"https:\/\/maghreb-observateur.com\/index.php?rest_route=%2Fwp%2Fv2%2Fcategories&post=22247"},{"taxonomy":"post_tag","embeddable":true,"href":"https:\/\/maghreb-observateur.com\/index.php?rest_route=%2Fwp%2Fv2%2Ftags&post=22247"}],"curies":[{"name":"wp","href":"https:\/\/api.w.org\/{rel}","templated":true}]}}