{"id":21997,"date":"2023-09-18T06:35:58","date_gmt":"2023-09-18T11:35:58","guid":{"rendered":"https:\/\/maghreb-observateur.com\/?p=21997"},"modified":"2023-09-18T10:39:30","modified_gmt":"2023-09-18T15:39:30","slug":"seisme-au-maroc-autorites-et-ong-sorganisent-face-aux-predateurs-sexuels-qui-ciblent-les-plus-jeunes-victimes","status":"publish","type":"post","link":"https:\/\/maghreb-observateur.com\/?p=21997","title":{"rendered":"S\u00e9isme au Maroc: autorit\u00e9s et ONG s\u2019organisent face aux pr\u00e9dateurs sexuels qui ciblent les plus jeunes victimes"},"content":{"rendered":"\n<figure class=\"wp-block-image size-full\"><a href=\"https:\/\/maghreb-observateur.com\/wp-content\/uploads\/2023\/09\/image-26.png\" rel=\"shadowbox[sbpost-21997];player=img;\"><img decoding=\"async\" loading=\"lazy\" width=\"768\" height=\"432\" src=\"https:\/\/maghreb-observateur.com\/wp-content\/uploads\/2023\/09\/image-26.png\" alt=\"\" class=\"wp-image-21998\" srcset=\"https:\/\/maghreb-observateur.com\/wp-content\/uploads\/2023\/09\/image-26.png 768w, https:\/\/maghreb-observateur.com\/wp-content\/uploads\/2023\/09\/image-26-300x169.png 300w\" sizes=\"(max-width: 768px) 100vw, 768px\" \/><\/a><\/figure>\n\n\n\n<p>Au Maroc, les autorit\u00e9s et des ONG s\u2019organisent pour contrer des pr\u00e9dateur sexuels qui tentent,&nbsp;dans les camps de sinistr\u00e9s, de profiter de la vuln\u00e9rabilit\u00e9 des plus jeunes victimes du s\u00e9isme survenu dans la nuit du 8 au 9 septembre 2023. Explications.<\/p>\n\n\n\n<p><strong><em>Correspondant de Radio France, pour RFI,&nbsp;<\/em>Seddik Khalfi<\/strong><\/p>\n\n\n\n<p>Au&nbsp;<strong>Maroc<\/strong>, des pr\u00e9dateurs sexuels ont \u00e9t\u00e9 identifi\u00e9s dans les camps de sinistr\u00e9s, suite au tremblement de terre survenu dans la nuit du 8 au 9 septembre 2023. Un jeune homme de vingt ans a ainsi \u00e9t\u00e9 arr\u00eat\u00e9 \u00e0 Er-Rachidia. Il incitait \u00e0 aller profiter sexuellement des enfants victimes du s\u00e9isme. D\u2019autres proposent aux enfants mineures le mariage, ou de les embaucher comme petites bonnes.<\/p>\n\n\n\n<p>Les associations marocaines de d\u00e9fense des enfants sont mont\u00e9es au cr\u00e9neau. Elles esp\u00e8rent stopper imm\u00e9diatement ce carnage.<\/p>\n\n\n\n<p><a href=\"https:\/\/popup.taboola.com\/en\/\" target=\"_blank\" rel=\"noreferrer noopener\"><\/a><\/p>\n\n\n\n<h2 class=\"wp-block-heading\">\u00ab&nbsp;<em>C\u2019est de la traite d\u2019\u00eatres humains&nbsp;<\/em>\u00bb<\/h2>\n\n\n\n<p>Dina Anouar est porte-parole de Touche pas \u00e0 mon enfant. \u00ab&nbsp;<em>Notre ONG a mis en place une cellule de suivi des r\u00e9seaux sociaux afin de rep\u00e9rer les opportunistes qui cherchent le buzz sur le dos de nos enfants, ainsi que tout autre individu malveillant qui, sous pr\u00e9texte de vouloir aider les familles sinistr\u00e9es, pourrait chercher \u00e0 donner ces enfants \u00e0 d\u2019autres familles pour les exploiter<\/em>, explique-t-elle.<em>&nbsp;Et \u00e7a, c\u2019est de la traite d\u2019\u00eatres humains. Et \u00e7a va de soit \u00e9videmment pour les p\u00e9dophiles qui se sont aussi infiltr\u00e9s dans ces r\u00e9seaux. Donc tout auteur d\u2019ind\u00e9cence rep\u00e9r\u00e9e sera imm\u00e9diatement d\u00e9nonc\u00e9 au procureur du roi. Et notre ONG va les poursuivre sans rel\u00e2che gr\u00e2ce \u00e0 notre statut d\u2019utilit\u00e9 publique au Maroc<\/em>&nbsp;\u00bb.<\/p>\n\n\n\n<p>Un homme a d\u2019ores et d\u00e9j\u00e0 \u00e9tait interpell\u00e9. Le gouvernement a mis en place un num\u00e9ro vert contre la traite d\u2019\u00eatres humains. L\u2019association se f\u00e9licite de la c\u00e9l\u00e9rit\u00e9 de la r\u00e9action. \u00ab&nbsp;<em>\u00catre pupille de la Nation nous rassure un peu sur le devenir de cet enfant<\/em>, ajoute Dina Anouar, au sujet du sort des victimes.&nbsp;<em>En esp\u00e9rant bien \u00e9videmment que l\u2019\u00c9tat accompagne son acte mat\u00e9riel par une prise en charge morale. Malgr\u00e9 tout, on a encore tellement de chemin \u00e0 faire pour lui faire oublier ce drame<\/em>&nbsp;\u00bb.<\/p>\n\n\n\n<p>Le minist\u00e8re public a de son c\u00f4t\u00e9 mis en place un formulaire de signalement en ligne, et appelle tout le monde \u00e0 \u00eatre vigilant.<\/p>\n","protected":false},"excerpt":{"rendered":"<p>Au Maroc, les autorit\u00e9s et des ONG s\u2019organisent pour contrer des pr\u00e9dateur sexuels qui tentent,&nbsp;dans les camps de sinistr\u00e9s, de profiter de la vuln\u00e9rabilit\u00e9 des plus jeunes victimes du s\u00e9isme&hellip; <\/p>\n","protected":false},"author":87,"featured_media":21998,"comment_status":"open","ping_status":"closed","sticky":false,"template":"","format":"standard","meta":{"_bbp_topic_count":0,"_bbp_reply_count":0,"_bbp_total_topic_count":0,"_bbp_total_reply_count":0,"_bbp_voice_count":0,"_bbp_anonymous_reply_count":0,"_bbp_topic_count_hidden":0,"_bbp_reply_count_hidden":0,"_bbp_forum_subforum_count":0,"ngg_post_thumbnail":0},"categories":[99,114],"tags":[],"_links":{"self":[{"href":"https:\/\/maghreb-observateur.com\/index.php?rest_route=\/wp\/v2\/posts\/21997"}],"collection":[{"href":"https:\/\/maghreb-observateur.com\/index.php?rest_route=\/wp\/v2\/posts"}],"about":[{"href":"https:\/\/maghreb-observateur.com\/index.php?rest_route=\/wp\/v2\/types\/post"}],"author":[{"embeddable":true,"href":"https:\/\/maghreb-observateur.com\/index.php?rest_route=\/wp\/v2\/users\/87"}],"replies":[{"embeddable":true,"href":"https:\/\/maghreb-observateur.com\/index.php?rest_route=%2Fwp%2Fv2%2Fcomments&post=21997"}],"version-history":[{"count":2,"href":"https:\/\/maghreb-observateur.com\/index.php?rest_route=\/wp\/v2\/posts\/21997\/revisions"}],"predecessor-version":[{"id":22009,"href":"https:\/\/maghreb-observateur.com\/index.php?rest_route=\/wp\/v2\/posts\/21997\/revisions\/22009"}],"wp:featuredmedia":[{"embeddable":true,"href":"https:\/\/maghreb-observateur.com\/index.php?rest_route=\/wp\/v2\/media\/21998"}],"wp:attachment":[{"href":"https:\/\/maghreb-observateur.com\/index.php?rest_route=%2Fwp%2Fv2%2Fmedia&parent=21997"}],"wp:term":[{"taxonomy":"category","embeddable":true,"href":"https:\/\/maghreb-observateur.com\/index.php?rest_route=%2Fwp%2Fv2%2Fcategories&post=21997"},{"taxonomy":"post_tag","embeddable":true,"href":"https:\/\/maghreb-observateur.com\/index.php?rest_route=%2Fwp%2Fv2%2Ftags&post=21997"}],"curies":[{"name":"wp","href":"https:\/\/api.w.org\/{rel}","templated":true}]}}