{"id":21322,"date":"2023-07-17T12:53:14","date_gmt":"2023-07-17T17:53:14","guid":{"rendered":"https:\/\/maghreb-observateur.com\/?p=21322"},"modified":"2023-07-17T12:53:14","modified_gmt":"2023-07-17T17:53:14","slug":"maroc-sahara-marocain-letat-disrael-reconnait-la-souverainete-du-maroc-sur-le-territoire-du-sahara-occidental","status":"publish","type":"post","link":"https:\/\/maghreb-observateur.com\/?p=21322","title":{"rendered":"Maroc\/Sahara Marocain : l\u2019\u00c9tat d\u2019Isra\u00ebl &#8220;reconna\u00eet la souverainet\u00e9 du Maroc sur le territoire du Sahara occidental&#8221;."},"content":{"rendered":"\n<p>Communiqu\u00e9 du Cabinet Royal<\/p>\n\n\n\n<figure class=\"wp-block-image size-full\"><a href=\"https:\/\/maghreb-observateur.com\/wp-content\/uploads\/2023\/07\/image-28.png\" rel=\"shadowbox[sbpost-21322];player=img;\"><img decoding=\"async\" loading=\"lazy\" width=\"780\" height=\"468\" src=\"https:\/\/maghreb-observateur.com\/wp-content\/uploads\/2023\/07\/image-28.png\" alt=\"\" class=\"wp-image-21323\" srcset=\"https:\/\/maghreb-observateur.com\/wp-content\/uploads\/2023\/07\/image-28.png 780w, https:\/\/maghreb-observateur.com\/wp-content\/uploads\/2023\/07\/image-28-300x180.png 300w, https:\/\/maghreb-observateur.com\/wp-content\/uploads\/2023\/07\/image-28-768x461.png 768w\" sizes=\"(max-width: 780px) 100vw, 780px\" \/><\/a><\/figure>\n\n\n\n<p>Sa Majest\u00e9 le Roi Mohammed VI, que Dieu L\u2019assiste, a re\u00e7u une lettre du Premier Ministre de l\u2019\u00c9tat d\u2019Isra\u00ebl, Son Excellence Monsieur Benyamin Netanyahu.<br>Par cette lettre, le Premier Ministre isra\u00e9lien a port\u00e9 \u00e0 la Tr\u00e8s Haute Attention de Sa Majest\u00e9 le Roi, que Dieu L\u2019assiste, la d\u00e9cision de l\u2019\u00c9tat d\u2019Isra\u00ebl de &#8220;reconna\u00eetre la souverainet\u00e9 du Maroc sur le territoire du Sahara occidental&#8221;.<br>A cet \u00e9gard, le Premier Ministre isra\u00e9lien a indiqu\u00e9 que cette position de son pays sera &#8220;refl\u00e9t\u00e9e dans tous les actes et les documents pertinents du Gouvernement isra\u00e9lien&#8221;.<br>Il a soulign\u00e9, en outre, que ladite d\u00e9cision sera &#8220;transmise aux Nations Unies, aux organisations r\u00e9gionales et internationales dont Isra\u00ebl est membre, ainsi qu\u2019\u00e0 tous les pays avec lesquels Isra\u00ebl entretient des relations diplomatiques&#8221;.<br>Dans Sa lettre au Souverain, le Premier Ministre isra\u00e9lien a inform\u00e9 qu\u2019Isra\u00ebl examine positivement &#8220;l\u2019ouverture d\u2019un Consulat dans la ville de Dakhla&#8221;, et ce dans le cadre de la concr\u00e9tisation de cette d\u00e9cision\u00a0d\u2019\u00c9tat.<\/p>\n\n\n\n<p><\/p>\n","protected":false},"excerpt":{"rendered":"<p>Communiqu\u00e9 du Cabinet Royal Sa Majest\u00e9 le Roi Mohammed VI, que Dieu L\u2019assiste, a re\u00e7u une lettre du Premier Ministre de l\u2019\u00c9tat d\u2019Isra\u00ebl, Son Excellence Monsieur Benyamin Netanyahu.Par cette lettre,&hellip; <\/p>\n","protected":false},"author":87,"featured_media":7933,"comment_status":"open","ping_status":"closed","sticky":false,"template":"","format":"standard","meta":{"_bbp_topic_count":0,"_bbp_reply_count":0,"_bbp_total_topic_count":0,"_bbp_total_reply_count":0,"_bbp_voice_count":0,"_bbp_anonymous_reply_count":0,"_bbp_topic_count_hidden":0,"_bbp_reply_count_hidden":0,"_bbp_forum_subforum_count":0,"ngg_post_thumbnail":0},"categories":[99,193,204],"tags":[],"_links":{"self":[{"href":"https:\/\/maghreb-observateur.com\/index.php?rest_route=\/wp\/v2\/posts\/21322"}],"collection":[{"href":"https:\/\/maghreb-observateur.com\/index.php?rest_route=\/wp\/v2\/posts"}],"about":[{"href":"https:\/\/maghreb-observateur.com\/index.php?rest_route=\/wp\/v2\/types\/post"}],"author":[{"embeddable":true,"href":"https:\/\/maghreb-observateur.com\/index.php?rest_route=\/wp\/v2\/users\/87"}],"replies":[{"embeddable":true,"href":"https:\/\/maghreb-observateur.com\/index.php?rest_route=%2Fwp%2Fv2%2Fcomments&post=21322"}],"version-history":[{"count":1,"href":"https:\/\/maghreb-observateur.com\/index.php?rest_route=\/wp\/v2\/posts\/21322\/revisions"}],"predecessor-version":[{"id":21324,"href":"https:\/\/maghreb-observateur.com\/index.php?rest_route=\/wp\/v2\/posts\/21322\/revisions\/21324"}],"wp:featuredmedia":[{"embeddable":true,"href":"https:\/\/maghreb-observateur.com\/index.php?rest_route=\/wp\/v2\/media\/7933"}],"wp:attachment":[{"href":"https:\/\/maghreb-observateur.com\/index.php?rest_route=%2Fwp%2Fv2%2Fmedia&parent=21322"}],"wp:term":[{"taxonomy":"category","embeddable":true,"href":"https:\/\/maghreb-observateur.com\/index.php?rest_route=%2Fwp%2Fv2%2Fcategories&post=21322"},{"taxonomy":"post_tag","embeddable":true,"href":"https:\/\/maghreb-observateur.com\/index.php?rest_route=%2Fwp%2Fv2%2Ftags&post=21322"}],"curies":[{"name":"wp","href":"https:\/\/api.w.org\/{rel}","templated":true}]}}