{"id":21319,"date":"2023-07-17T10:13:34","date_gmt":"2023-07-17T15:13:34","guid":{"rendered":"https:\/\/maghreb-observateur.com\/?p=21319"},"modified":"2023-07-17T10:13:34","modified_gmt":"2023-07-17T15:13:34","slug":"le-celebre-journaliste-omar-salim-sest-eteint-a-lage-de-69-ans","status":"publish","type":"post","link":"https:\/\/maghreb-observateur.com\/?p=21319","title":{"rendered":"Le c\u00e9l\u00e8bre journaliste Omar Salim s\u2019est \u00e9teint \u00e0 l\u2019\u00e2ge de 69 ans"},"content":{"rendered":"\n<figure class=\"wp-block-image\"><img decoding=\"async\" src=\"https:\/\/www.h24info.ma\/wp-content\/uploads\/2023\/07\/Omar_Salim_celebre_journaliste_2M_plus.jpg\" alt=\"omar salim celebre journaliste 2m plus\"\/><\/figure>\n\n\n\n<p><strong>Le journaliste embl\u00e9matique de 2M, Omar Salim, est mort ce lundi \u00e0 l\u2019\u00e2ge de 69 ans. Il avait \u00e9t\u00e9 hospitalis\u00e9 depuis le 11 juillet dans une clinique de Casablanca.&nbsp;<\/strong><\/p>\n\n\n\n<p>Omar Salim, figure de la t\u00e9l\u00e9vision marocaine, est mort ce samedi \u00e0 l\u2019\u00e2ge de 69 ans, dans une clinique de Casablanca. Le journaliste y avait \u00e9t\u00e9 admis le 11 juillet au service de r\u00e9animation. La cha\u00eene\u00a0<a rel=\"noreferrer noopener\" href=\"https:\/\/twitter.com\/2MInteractive\" target=\"_blank\">2M<\/a>, o\u00f9 il a \u00e9t\u00e9 Directeur des programmes et de l\u2019information, a annonc\u00e9 sa disparition sur son compte Twitter officiel:<\/p>\n\n\n\n<blockquote class=\"wp-block-quote\">\n<p>Une figure embl\u00e9matique des m\u00e9dias s\u2019\u00e9teint.<br>C\u2019est avec une immense tristesse que nous avons appris la disparition du grand journaliste Omar Salim, ancien directeur des programmes et de l\u2019antenne \u00e0 2M. Nos sinc\u00e8res condol\u00e9ances vont \u00e0 ses proches.\u00a0<\/p>\n<\/blockquote>\n\n\n\n<p>Omar Salim, de son vrai nom Salim Ben Amar, est n\u00e9 \u00e0 Casablanca en 1954. Apr\u00e8s des \u00e9tudes en France, il devient rapidement l\u2019un des grands noms de la radio\u00a0Medi1 radio.<\/p>\n\n\n\n<p>Il rejoindre ensuite 2M o\u00f9 il s\u2019impose comme le Monsieur Culture de cha\u00eene. Omar Salim y a pr\u00e9sent\u00e9 durant des ann\u00e9es les magazines culturels qu\u2019il animait avec passion comme l\u2019embl\u00e9matique \u00e9mission \u00abArts et Lettres\u00bb.<\/p>\n\n\n\n<p>Outre son talent d\u2019animateur, c\u2019est aussi son personnage qui lui a permis de s\u2019inscrire de mani\u00e8re ind\u00e9l\u00e9bile dans le quotidien des Marocains. Calme et attentif, il a toujours su captiver les spectateurs en posant les bonnes questions tout en encha\u00eenant les transitions. Il a aussi occup\u00e9 plusieurs fonctions de responsabilit\u00e9, dont celles du r\u00e9dacteur en chef et de directeur des programmes.<\/p>\n\n\n\n<p>Omar Salim laisse derni\u00e8re lui plusieurs ouvrages dont le livre \u00e0 succ\u00e8s \u00ab<strong>Le<\/strong>\u00a0<strong>Placard<\/strong>\u00bb ou encore de son autobiographie romanc\u00e9e \u00ab<strong>La Concubine<\/strong>\u00bb.<\/p>\n\n\n\n<p>Source : H24<\/p>\n","protected":false},"excerpt":{"rendered":"<p>Le journaliste embl\u00e9matique de 2M, Omar Salim, est mort ce lundi \u00e0 l\u2019\u00e2ge de 69 ans. Il avait \u00e9t\u00e9 hospitalis\u00e9 depuis le 11 juillet dans une clinique de Casablanca.&nbsp; Omar&hellip; <\/p>\n","protected":false},"author":87,"featured_media":21320,"comment_status":"open","ping_status":"closed","sticky":false,"template":"","format":"standard","meta":{"_bbp_topic_count":0,"_bbp_reply_count":0,"_bbp_total_topic_count":0,"_bbp_total_reply_count":0,"_bbp_voice_count":0,"_bbp_anonymous_reply_count":0,"_bbp_topic_count_hidden":0,"_bbp_reply_count_hidden":0,"_bbp_forum_subforum_count":0,"ngg_post_thumbnail":0},"categories":[99,116,114],"tags":[],"_links":{"self":[{"href":"https:\/\/maghreb-observateur.com\/index.php?rest_route=\/wp\/v2\/posts\/21319"}],"collection":[{"href":"https:\/\/maghreb-observateur.com\/index.php?rest_route=\/wp\/v2\/posts"}],"about":[{"href":"https:\/\/maghreb-observateur.com\/index.php?rest_route=\/wp\/v2\/types\/post"}],"author":[{"embeddable":true,"href":"https:\/\/maghreb-observateur.com\/index.php?rest_route=\/wp\/v2\/users\/87"}],"replies":[{"embeddable":true,"href":"https:\/\/maghreb-observateur.com\/index.php?rest_route=%2Fwp%2Fv2%2Fcomments&post=21319"}],"version-history":[{"count":1,"href":"https:\/\/maghreb-observateur.com\/index.php?rest_route=\/wp\/v2\/posts\/21319\/revisions"}],"predecessor-version":[{"id":21321,"href":"https:\/\/maghreb-observateur.com\/index.php?rest_route=\/wp\/v2\/posts\/21319\/revisions\/21321"}],"wp:featuredmedia":[{"embeddable":true,"href":"https:\/\/maghreb-observateur.com\/index.php?rest_route=\/wp\/v2\/media\/21320"}],"wp:attachment":[{"href":"https:\/\/maghreb-observateur.com\/index.php?rest_route=%2Fwp%2Fv2%2Fmedia&parent=21319"}],"wp:term":[{"taxonomy":"category","embeddable":true,"href":"https:\/\/maghreb-observateur.com\/index.php?rest_route=%2Fwp%2Fv2%2Fcategories&post=21319"},{"taxonomy":"post_tag","embeddable":true,"href":"https:\/\/maghreb-observateur.com\/index.php?rest_route=%2Fwp%2Fv2%2Ftags&post=21319"}],"curies":[{"name":"wp","href":"https:\/\/api.w.org\/{rel}","templated":true}]}}