{"id":21195,"date":"2023-07-10T02:23:46","date_gmt":"2023-07-10T07:23:46","guid":{"rendered":"https:\/\/maghreb-observateur.com\/?p=21195"},"modified":"2023-07-10T02:23:47","modified_gmt":"2023-07-10T07:23:47","slug":"un-lyceen-marocain-modele-dintegration-est-menace-dexpulsion-de-france","status":"publish","type":"post","link":"https:\/\/maghreb-observateur.com\/?p=21195","title":{"rendered":"Un lyc\u00e9en marocain, &#8220;mod\u00e8le d\u2019int\u00e9gration&#8221;, est menac\u00e9 d\u2019expulsion de France"},"content":{"rendered":"\n<figure class=\"wp-block-image\"><img decoding=\"async\" src=\"https:\/\/cdn1.img.sputniknews.africa\/img\/07e5\/09\/10\/1046143213_0:161:3071:1888_1920x0_80_0_0_38004834d22d6ec7e18a0a0cac297c48.jpg.webp\" alt=\"En classe, image d'illustration - Sputnik Afrique, 1920, 09.07.2023\" title=\"En classe, image d'illustration\"\/><\/figure>\n\n\n\n<p>\u00a9 Photo Pexels\/Katerina Holmes <\/p>\n\n\n\n<p>D\u00e9crit par ces professeurs comme &#8220;un \u00e9l\u00e8ve exceptionnel&#8221; et &#8220;un mod\u00e8le d\u2019int\u00e9gration&#8221;, un Marocain de 18 ans qui fait ses \u00e9tudes \u00e0 la ville fran\u00e7aise de Rouen, est menac\u00e9 d\u2019expulsion du pays. Alors que la p\u00e9tition contre cette mesure est en ligne depuis avril, un rassemblement en soutien \u00e0 eu lieu cette semaine pr\u00e8s de l\u2019\u00e9tablissement.<\/p>\n\n\n\n<p>Depuis plusieurs mois des enseignants du lyc\u00e9e Corneille, \u00e0 Rouan, r\u00e9clament l\u2019annulation d\u2019une OQTF (Obligation de quitter le territoire fran\u00e7ais) qui vise depuis septembre dernier leur \u00e9l\u00e8ve Anass Ajgou.<\/p>\n\n\n\n<p>Ce lyc\u00e9en marocain \u00e2g\u00e9 de 18 ans a viol\u00e9, selon les autorit\u00e9s, en 2018\u00a0des r\u00e8gles d\u2019immigration, \u00e9crit le Paris Normandie.<\/p>\n\n\n\n<p>Il lui est reproch\u00e9 d\u2019\u00eatre entr\u00e9 sur le territoire fran\u00e7ais apr\u00e8s l\u2019\u00e2ge de 13 ans. Le 23 f\u00e9vrier la Cour d\u2019appel a confirm\u00e9 son expulsion et d\u00e9sormais &#8220;il peut \u00eatre expuls\u00e9 \u00e0 tout moment&#8221;, regrette son avocate, ma\u00eetre Djehanne Elatrassi.<\/p>\n\n\n\n<p>En avril, son professeur principal a lanc\u00e9 une p\u00e9tition dans laquelle il pr\u00e9cisait que l&#8217;adolescent disposait quand m\u00eame d&#8217;un document de circulation pour \u00e9tranger mineur (DCEM) au moment de son arriv\u00e9e en France. Il \u00e9tait \u00e9galement accompagn\u00e9 par sa m\u00e8re.<\/p>\n\n\n\n<p>L\u2019enseignant a aussi estim\u00e9 que le jeune homme devait &#8220;rester en France&#8221; car il \u00e9tait &#8220;mineur lors de son arriv\u00e9e&#8221; et n\u2019\u00e9tait pas &#8220;responsable de la d\u00e9cision de ses parents&#8221;. Il l\u2019a d\u00e9crit comme un tr\u00e8s bon \u00e9l\u00e8ve qui a r\u00e9ussi &#8220;brillamment ses ann\u00e9es de lyc\u00e9e&#8221;.<\/p>\n\n\n\n<p>Selon ce professeur, cit\u00e9 par le Paris Normandie, Anass Ajgou est\u00a0&#8220;un mod\u00e8le d\u2019int\u00e9gration&#8221;<em>.<\/em><\/p>\n\n\n\n<h2 class=\"wp-block-heading\">Une mobilisation en soutien du jeune homme<\/h2>\n\n\n\n<p>Ce mardi 4 juillet, des \u00e9l\u00e8ves, des enseignants et des militants d\u2019associations en faveur d\u2019Anass se sont r\u00e9unis au lyc\u00e9e pour exprimer encore une fois leur soutien \u00e0 l\u2019\u00e9l\u00e8ve.<\/p>\n\n\n\n<p>Selon son avocat, le jeune homme &#8220;ne se voit plus vivre au Maroc&#8221; et a\u00a0&#8220;tous ses liens sociaux&#8221;\u00a0en France.<\/p>\n","protected":false},"excerpt":{"rendered":"<p>\u00a9 Photo Pexels\/Katerina Holmes D\u00e9crit par ces professeurs comme &#8220;un \u00e9l\u00e8ve exceptionnel&#8221; et &#8220;un mod\u00e8le d\u2019int\u00e9gration&#8221;, un Marocain de 18 ans qui fait ses \u00e9tudes \u00e0 la ville fran\u00e7aise de&hellip; <\/p>\n","protected":false},"author":87,"featured_media":10348,"comment_status":"open","ping_status":"closed","sticky":false,"template":"","format":"standard","meta":{"_bbp_topic_count":0,"_bbp_reply_count":0,"_bbp_total_topic_count":0,"_bbp_total_reply_count":0,"_bbp_voice_count":0,"_bbp_anonymous_reply_count":0,"_bbp_topic_count_hidden":0,"_bbp_reply_count_hidden":0,"_bbp_forum_subforum_count":0,"ngg_post_thumbnail":0},"categories":[193,113,103],"tags":[],"_links":{"self":[{"href":"https:\/\/maghreb-observateur.com\/index.php?rest_route=\/wp\/v2\/posts\/21195"}],"collection":[{"href":"https:\/\/maghreb-observateur.com\/index.php?rest_route=\/wp\/v2\/posts"}],"about":[{"href":"https:\/\/maghreb-observateur.com\/index.php?rest_route=\/wp\/v2\/types\/post"}],"author":[{"embeddable":true,"href":"https:\/\/maghreb-observateur.com\/index.php?rest_route=\/wp\/v2\/users\/87"}],"replies":[{"embeddable":true,"href":"https:\/\/maghreb-observateur.com\/index.php?rest_route=%2Fwp%2Fv2%2Fcomments&post=21195"}],"version-history":[{"count":1,"href":"https:\/\/maghreb-observateur.com\/index.php?rest_route=\/wp\/v2\/posts\/21195\/revisions"}],"predecessor-version":[{"id":21196,"href":"https:\/\/maghreb-observateur.com\/index.php?rest_route=\/wp\/v2\/posts\/21195\/revisions\/21196"}],"wp:featuredmedia":[{"embeddable":true,"href":"https:\/\/maghreb-observateur.com\/index.php?rest_route=\/wp\/v2\/media\/10348"}],"wp:attachment":[{"href":"https:\/\/maghreb-observateur.com\/index.php?rest_route=%2Fwp%2Fv2%2Fmedia&parent=21195"}],"wp:term":[{"taxonomy":"category","embeddable":true,"href":"https:\/\/maghreb-observateur.com\/index.php?rest_route=%2Fwp%2Fv2%2Fcategories&post=21195"},{"taxonomy":"post_tag","embeddable":true,"href":"https:\/\/maghreb-observateur.com\/index.php?rest_route=%2Fwp%2Fv2%2Ftags&post=21195"}],"curies":[{"name":"wp","href":"https:\/\/api.w.org\/{rel}","templated":true}]}}