{"id":21181,"date":"2023-07-09T14:43:39","date_gmt":"2023-07-09T19:43:39","guid":{"rendered":"https:\/\/maghreb-observateur.com\/?p=21181"},"modified":"2023-07-09T23:32:46","modified_gmt":"2023-07-10T04:32:46","slug":"maroc-eau-fes","status":"publish","type":"post","link":"https:\/\/maghreb-observateur.com\/?p=21181","title":{"rendered":"Maroc\/Eau c\u00e9r\u00e9monie de cl\u00f4ture"},"content":{"rendered":"\n<p><strong> 3<sup>\u00e8me<\/sup> conf\u00e9rence internationale sur l\u2019eau et le climat CEREMONIE DE CLOTURE<\/strong><\/p>\n\n\n\n<figure class=\"wp-block-image size-large\"><a href=\"https:\/\/maghreb-observateur.com\/wp-content\/uploads\/2023\/07\/image-13.png\" rel=\"shadowbox[sbpost-21181];player=img;\"><img decoding=\"async\" loading=\"lazy\" width=\"1024\" height=\"575\" src=\"https:\/\/maghreb-observateur.com\/wp-content\/uploads\/2023\/07\/image-13-1024x575.png\" alt=\"\" class=\"wp-image-21182\" srcset=\"https:\/\/maghreb-observateur.com\/wp-content\/uploads\/2023\/07\/image-13-1024x575.png 1024w, https:\/\/maghreb-observateur.com\/wp-content\/uploads\/2023\/07\/image-13-300x169.png 300w, https:\/\/maghreb-observateur.com\/wp-content\/uploads\/2023\/07\/image-13-768x432.png 768w, https:\/\/maghreb-observateur.com\/wp-content\/uploads\/2023\/07\/image-13-1536x863.png 1536w, https:\/\/maghreb-observateur.com\/wp-content\/uploads\/2023\/07\/image-13.png 1600w\" sizes=\"(max-width: 1024px) 100vw, 1024px\" \/><\/a><\/figure>\n\n\n\n<p>En cette c\u00e9r\u00e9monie de cl\u00f4ture de la 3<sup>\u00e8me<\/sup> conf\u00e9rence internationale sur l\u2019eau et le climat, qui a b\u00e9n\u00e9fici\u00e9 du Haut patronage de SA MAJESTE LE ROI MOHAMMED VI, que Dieu l\u2019assiste, et qui marque la fin de deux jours d&#8217;intenses travaux que cela soit au niveau du Panel Minist\u00e9riel ou des 5 sessions de cette conf\u00e9rence,<\/p>\n\n\n\n<h4 class=\"wp-block-heading\">Nizar Baraka ministre de l\u2019\u00c9quipement et de l\u2019Eau \u00e0 souligner que Le panel des ministres et les s\u00e9ances de cette conf\u00e9rence ont permis un \u00e9change fructueux autour des effets des changements climatiques sur les ressources en eau et sur toutes ses utilisations. Non seulement, mais aussi sur la mise en \u0153uvre de la gestion int\u00e9gr\u00e9e des ressources en eau \u00e0 l\u2019\u00e9chelle des bassins pour une meilleure adaptation aux changements climatiques et pour l\u2019atteinte des objectifs de d\u00e9veloppent durable en relation avec l\u2019eau et le climat.<\/h4>\n\n\n\n<p>Le partage des cas concrets dans le domaine de la planification des eaux \u00e0 l\u2019\u00e9chelle des bassins &nbsp;par les divers experts intervenants, et en ce qui concerne l\u2019inclusion de l\u2019innovation et des nouvelles technologies en faveur de l\u2019\u00e9conomie de l\u2019eau, et de la gestion efficace des ressources en eau souterraines et de la gouvernance en g\u00e9n\u00e9ral de l\u2019eau y compris la tarification, ont permis un \u00e9change fructueux des bonnes pratiques \u00e0 capitaliser et \u00e0 valoriser. Ceci a d\u00e9montr\u00e9 qu\u2019il y a une certaine convergence sur la n\u00e9cessit\u00e9 de r\u00e9aliser une planification dynamique pour des solutions durables de l\u2019approvisionnement en eau des diff\u00e9rents usages selon les priorit\u00e9s fix\u00e9es et sur la n\u00e9cessit\u00e9 de la sensibilisation sur l\u2019\u00e9conomie de l\u2019eau comme l\u2019un des axes de l\u2019adaptation au changement climatique.<\/p>\n\n\n\n<h4 class=\"wp-block-heading\">Le ministre de l\u2019\u00c9quipement et de l\u2019Eau rajoute, Cette conf\u00e9rence nous a rassur\u00e9 que nos m\u00e9thodologies sont en faveur de l\u2019approche bassin en tant qu\u2019espace g\u00e9ographique d\u2019application de la gestion int\u00e9gr\u00e9e des ressources en eau (GIRE).<\/h4>\n\n\n\n<p>A travers les interventions et discussions qui ont eu lieu lors de cette conf\u00e9rence, il s\u2019est av\u00e9r\u00e9 aussi, l\u2019existence d\u2019un bon nombre d\u2019informations et de donn\u00e9es \u00e0 partager pour mettre en \u0153uvre et adapter les meilleures approches au niveau de nos bassins.&nbsp;<\/p>\n\n\n\n<p>En effet, le RIOB constitue une plateforme d\u2019\u00e9changes et de concertation de ces informations et donn\u00e9es entre les intervenants de l\u2019eau aux niveaux des bassins.<\/p>\n\n\n\n<p>Dans le m\u00eame contexte, l\u2019une des priorit\u00e9s a \u00e9t\u00e9 soulign\u00e9e largement, et constitue l\u2019\u00e9pine dorsale du d\u00e9veloppement durable pour les g\u00e9n\u00e9rations actuelles et futures et qui n\u2019est autre que l\u2019interd\u00e9pendance du triptyque eau, alimentation et \u00e9nergie renouvelable tenant compte des changements climatiques.<\/p>\n\n\n\n<p>La d\u00e9claration de FES, r\u00e9sultante des travaux et recommandations de cette conf\u00e9rence internationale, constituera notre engagement commun \u00e0 relever \u00e0 la communaut\u00e9 internationale lors de la COP 28 \u00e0 Emirates Arabes Unis en fin 2023 et du Forum Mondiale de l\u2019eau \u00e0 l\u2019Indon\u00e9sie en mai 2024.<\/p>\n\n\n\n<p>Finalement de r\u00e9it\u00e8re mes remerciements pour votre engagements et contributions pour le plein succ\u00e8s de cette conf\u00e9rence, et je d\u00e9clare la cl\u00f4ture de cette conf\u00e9rence.<\/p>\n\n\n\n<figure class=\"wp-block-image size-large\"><a href=\"https:\/\/maghreb-observateur.com\/wp-content\/uploads\/2023\/07\/image-14.png\" rel=\"shadowbox[sbpost-21181];player=img;\"><img decoding=\"async\" loading=\"lazy\" width=\"1024\" height=\"575\" src=\"https:\/\/maghreb-observateur.com\/wp-content\/uploads\/2023\/07\/image-14-1024x575.png\" alt=\"\" class=\"wp-image-21183\" srcset=\"https:\/\/maghreb-observateur.com\/wp-content\/uploads\/2023\/07\/image-14-1024x575.png 1024w, https:\/\/maghreb-observateur.com\/wp-content\/uploads\/2023\/07\/image-14-300x169.png 300w, https:\/\/maghreb-observateur.com\/wp-content\/uploads\/2023\/07\/image-14-768x432.png 768w, https:\/\/maghreb-observateur.com\/wp-content\/uploads\/2023\/07\/image-14-1536x863.png 1536w, https:\/\/maghreb-observateur.com\/wp-content\/uploads\/2023\/07\/image-14.png 1600w\" sizes=\"(max-width: 1024px) 100vw, 1024px\" \/><\/a><\/figure>\n","protected":false},"excerpt":{"rendered":"<p>3\u00e8me conf\u00e9rence internationale sur l\u2019eau et le climat CEREMONIE DE CLOTURE En cette c\u00e9r\u00e9monie de cl\u00f4ture de la 3\u00e8me conf\u00e9rence internationale sur l\u2019eau et le climat, qui a b\u00e9n\u00e9fici\u00e9 du&hellip; <\/p>\n","protected":false},"author":87,"featured_media":21182,"comment_status":"open","ping_status":"closed","sticky":false,"template":"","format":"standard","meta":{"_bbp_topic_count":0,"_bbp_reply_count":0,"_bbp_total_topic_count":0,"_bbp_total_reply_count":0,"_bbp_voice_count":0,"_bbp_anonymous_reply_count":0,"_bbp_topic_count_hidden":0,"_bbp_reply_count_hidden":0,"_bbp_forum_subforum_count":0,"ngg_post_thumbnail":0},"categories":[99,193],"tags":[],"_links":{"self":[{"href":"https:\/\/maghreb-observateur.com\/index.php?rest_route=\/wp\/v2\/posts\/21181"}],"collection":[{"href":"https:\/\/maghreb-observateur.com\/index.php?rest_route=\/wp\/v2\/posts"}],"about":[{"href":"https:\/\/maghreb-observateur.com\/index.php?rest_route=\/wp\/v2\/types\/post"}],"author":[{"embeddable":true,"href":"https:\/\/maghreb-observateur.com\/index.php?rest_route=\/wp\/v2\/users\/87"}],"replies":[{"embeddable":true,"href":"https:\/\/maghreb-observateur.com\/index.php?rest_route=%2Fwp%2Fv2%2Fcomments&post=21181"}],"version-history":[{"count":2,"href":"https:\/\/maghreb-observateur.com\/index.php?rest_route=\/wp\/v2\/posts\/21181\/revisions"}],"predecessor-version":[{"id":21186,"href":"https:\/\/maghreb-observateur.com\/index.php?rest_route=\/wp\/v2\/posts\/21181\/revisions\/21186"}],"wp:featuredmedia":[{"embeddable":true,"href":"https:\/\/maghreb-observateur.com\/index.php?rest_route=\/wp\/v2\/media\/21182"}],"wp:attachment":[{"href":"https:\/\/maghreb-observateur.com\/index.php?rest_route=%2Fwp%2Fv2%2Fmedia&parent=21181"}],"wp:term":[{"taxonomy":"category","embeddable":true,"href":"https:\/\/maghreb-observateur.com\/index.php?rest_route=%2Fwp%2Fv2%2Fcategories&post=21181"},{"taxonomy":"post_tag","embeddable":true,"href":"https:\/\/maghreb-observateur.com\/index.php?rest_route=%2Fwp%2Fv2%2Ftags&post=21181"}],"curies":[{"name":"wp","href":"https:\/\/api.w.org\/{rel}","templated":true}]}}