{"id":20550,"date":"2023-06-11T03:03:39","date_gmt":"2023-06-11T08:03:39","guid":{"rendered":"https:\/\/maghreb-observateur.com\/?p=20550"},"modified":"2023-06-11T03:03:39","modified_gmt":"2023-06-11T08:03:39","slug":"lalgerie-se-prepare-telle-a-la-guerre-contre-le-maroc-pourquoi-les-autres-organes-de-presse-nont-pas-rapporte-une-telle-information","status":"publish","type":"post","link":"https:\/\/maghreb-observateur.com\/?p=20550","title":{"rendered":"l\u2019Alg\u00e9rie se pr\u00e9pare t&#8217;elle \u00e0 la guerre contre le Maroc. Pourquoi les autres organes de presse n\u2019ont pas rapport\u00e9 une telle information ?"},"content":{"rendered":"\n<figure class=\"wp-block-image size-full\"><a href=\"https:\/\/maghreb-observateur.com\/wp-content\/uploads\/2021\/04\/Maroc-Algerie.jpg\" rel=\"shadowbox[sbpost-20550];player=img;\"><img decoding=\"async\" loading=\"lazy\" width=\"350\" height=\"200\" src=\"https:\/\/maghreb-observateur.com\/wp-content\/uploads\/2021\/04\/Maroc-Algerie.jpg\" alt=\"\" class=\"wp-image-7554\" srcset=\"https:\/\/maghreb-observateur.com\/wp-content\/uploads\/2021\/04\/Maroc-Algerie.jpg 350w, https:\/\/maghreb-observateur.com\/wp-content\/uploads\/2021\/04\/Maroc-Algerie-300x171.jpg 300w\" sizes=\"(max-width: 350px) 100vw, 350px\" \/><\/a><\/figure>\n\n\n\n<p>Lors du dernier conseil de s\u00e9curit\u00e9 tenu par les militaires Alg\u00e9riens et le chef d\u2019Etat, le premier juin dernier \u00e0 Alger, l\u2019arm\u00e9e alg\u00e9rienne a \u00e9voqu\u00e9 une guerre contre le Maroc qui se pr\u00e9pare s\u00e9rieusement pour le mois de septembre prochain. Un plan d\u2019action dans l\u2019optique d\u2019attaquer le Maroc militairement est d\u2019ores et d\u00e9j\u00e0 \u00e9labor\u00e9 par l\u2019arm\u00e9e alg\u00e9rienne et Tebboune a soit disant adopt\u00e9 ce plan.<\/p>\n\n\n\n<p>Selon le site d\u2019information Maghreb Intelligence, \u00ab l\u2019Alg\u00e9rie se pr\u00e9pare \u00e0 la guerre contre le Maroc. C\u2019est en substance ce qu\u2019a indiqu\u00e9, plan \u00e0 l\u2019appui, le chef d\u2019\u00c9tat-Major de l\u2019arm\u00e9e alg\u00e9rienne (ANP), Sa\u00efd Chengriha, au pr\u00e9sident Tebboune et aux hauts grad\u00e9s de l\u2019arm\u00e9e lors de la r\u00e9union du haut conseil de s\u00e9curit\u00e9, tenue le jeudi 1er juin \u00bb. Reste vraiment \u00e0 savoir si l\u2019information est cr\u00e9dible. Pourquoi les autres organes de presse n\u2019ont pas rapport\u00e9 une telle information ?<\/p>\n\n\n\n<p>Le m\u00eame journal affirme que \u00ab Chengriha a proc\u00e9d\u00e9 \u00e0 un d\u00e9ploiement massif et in\u00e9dit des forces arm\u00e9es pr\u00e8s des fronti\u00e8res avec le Royaume. Le patron de l\u2019ANP justifie ce d\u00e9ploiement par un risque \u00e9lev\u00e9 d\u2019une confrontation militaire avec le Maroc \u00e0 partir du mois de septembre \u00bb. Il para\u00eet que les services secrets Alg\u00e9riens signalent la pr\u00e9sence des drones du Moussad et du Maroc dans l\u2019espace a\u00e9rien alg\u00e9rien.<strong> Une information \u00e0 prendre avec des pincettes.<\/strong><\/p>\n\n\n\n<p>Un risque, selon l\u2019arm\u00e9e alg\u00e9rienne qui est d\u00fb \u00ab \u00e0 la multiplication des op\u00e9rations militaires marocaines men\u00e9es contre le Polisario au-del\u00e0 du mur des sables allant jusqu\u2019\u00e0 s\u2019approcher dangereusement des fronti\u00e8res alg\u00e9riennes \u00bb. Afin de renforcer sa th\u00e8se, le vrai patron de l\u2019Alg\u00e9rie a plac\u00e9 la barre du risque tr\u00e8s haut en affirmant que les drones marocains et les \u00e9quipements a\u00e9riens de haute technologie fournis par Isra\u00ebl violent r\u00e9guli\u00e8rement l\u2019espace de son pays pour espionner l\u2019arm\u00e9e alg\u00e9rienne. De ce fait, le sc\u00e9nario d\u2019un affrontement direct entre les forces anti-a\u00e9riennes alg\u00e9riennes et les drones marocains lui parait tout \u00e0 fait in\u00e9luctable \u00bb.<\/p>\n\n\n\n<p>L\u2019histoire r\u00e9cente a prouver que la Russie a l\u00e2ch\u00e9 Kadhafi, Saddam et ce n\u2019est pas en ces moments avec ses d\u00e9boires avec l\u2019Ukraine qu\u2019elle viendra \u00e0 la rescousse de l\u2019Alg\u00e9rie avec laquelle elle n\u2019a aucun int\u00e9r\u00eat vital d\u2019ailleurs. Enfin, en cas de guerre, ce qui est vraiment peu probable, l\u2019arm\u00e9e alg\u00e9rienne sera priv\u00e9 de Kabyles. Le temps o\u00f9 les militants envoyaient les jeunes Kabyles au front est r\u00e9volu.<\/p>\n\n\n\n<p>Les ambitions guerri\u00e8res de la junte militaire alg\u00e9rienne ne sont donc plus \u00e0 prouver. Face \u00e0 ces menaces alg\u00e9riennes, le Maroc ne reste pas indiff\u00e9rent. Les responsables marocains oeuvrent toutefois en silence pour consolider la s\u00e9curit\u00e9 du Maroc. Dans un discours prononc\u00e9 \u00e0 l\u2019occasion du 66e anniversaire de la cr\u00e9ation des FAR, le 20 aout 2019, SM le Roi Mohammed VI a annonc\u00e9 que \u00abNous continuerons \u00e0 donner la priorit\u00e9 au plan d\u2019\u00e9quipement et de d\u00e9veloppement des Forces arm\u00e9es royales, selon des programmes int\u00e9gr\u00e9s, bas\u00e9s notamment sur la cr\u00e9ation d\u2019industries militaires et le d\u00e9veloppement de la recherche scientifique dans le but de d\u00e9velopper l\u2019auto- \u00e9quipement de nos Forces arm\u00e9es dans divers domaines\u00bb.<\/p>\n","protected":false},"excerpt":{"rendered":"<p>Lors du dernier conseil de s\u00e9curit\u00e9 tenu par les militaires Alg\u00e9riens et le chef d\u2019Etat, le premier juin dernier \u00e0 Alger, l\u2019arm\u00e9e alg\u00e9rienne a \u00e9voqu\u00e9 une guerre contre le Maroc&hellip; <\/p>\n","protected":false},"author":83,"featured_media":9272,"comment_status":"open","ping_status":"closed","sticky":false,"template":"","format":"standard","meta":{"_bbp_topic_count":0,"_bbp_reply_count":0,"_bbp_total_topic_count":0,"_bbp_total_reply_count":0,"_bbp_voice_count":0,"_bbp_anonymous_reply_count":0,"_bbp_topic_count_hidden":0,"_bbp_reply_count_hidden":0,"_bbp_forum_subforum_count":0,"ngg_post_thumbnail":0},"categories":[193,103,204],"tags":[],"_links":{"self":[{"href":"https:\/\/maghreb-observateur.com\/index.php?rest_route=\/wp\/v2\/posts\/20550"}],"collection":[{"href":"https:\/\/maghreb-observateur.com\/index.php?rest_route=\/wp\/v2\/posts"}],"about":[{"href":"https:\/\/maghreb-observateur.com\/index.php?rest_route=\/wp\/v2\/types\/post"}],"author":[{"embeddable":true,"href":"https:\/\/maghreb-observateur.com\/index.php?rest_route=\/wp\/v2\/users\/83"}],"replies":[{"embeddable":true,"href":"https:\/\/maghreb-observateur.com\/index.php?rest_route=%2Fwp%2Fv2%2Fcomments&post=20550"}],"version-history":[{"count":1,"href":"https:\/\/maghreb-observateur.com\/index.php?rest_route=\/wp\/v2\/posts\/20550\/revisions"}],"predecessor-version":[{"id":20551,"href":"https:\/\/maghreb-observateur.com\/index.php?rest_route=\/wp\/v2\/posts\/20550\/revisions\/20551"}],"wp:featuredmedia":[{"embeddable":true,"href":"https:\/\/maghreb-observateur.com\/index.php?rest_route=\/wp\/v2\/media\/9272"}],"wp:attachment":[{"href":"https:\/\/maghreb-observateur.com\/index.php?rest_route=%2Fwp%2Fv2%2Fmedia&parent=20550"}],"wp:term":[{"taxonomy":"category","embeddable":true,"href":"https:\/\/maghreb-observateur.com\/index.php?rest_route=%2Fwp%2Fv2%2Fcategories&post=20550"},{"taxonomy":"post_tag","embeddable":true,"href":"https:\/\/maghreb-observateur.com\/index.php?rest_route=%2Fwp%2Fv2%2Ftags&post=20550"}],"curies":[{"name":"wp","href":"https:\/\/api.w.org\/{rel}","templated":true}]}}