{"id":20529,"date":"2023-06-10T09:07:53","date_gmt":"2023-06-10T14:07:53","guid":{"rendered":"https:\/\/maghreb-observateur.com\/?p=20529"},"modified":"2023-06-11T01:46:35","modified_gmt":"2023-06-11T06:46:35","slug":"lue-et-les-etats-unis-annoncent-un-prochain-code-de-conduite-sur-lia-au-plus-tot-fin-2025","status":"publish","type":"post","link":"https:\/\/maghreb-observateur.com\/?p=20529","title":{"rendered":"L\u2019UE et les \u00c9tats-Unis annoncent un prochain \u00abcode de conduite\u00bb sur l\u2019IA au plus t\u00f4t fin 2025"},"content":{"rendered":"\n<figure class=\"wp-block-image\"><img decoding=\"async\" src=\"https:\/\/media2.ledevoir.com\/images_galerie\/nwd_1499603_1155713\/image.jpg\" alt=\"Une version pr\u00e9liminaire serait pr\u00e9sent\u00e9e \u00ab\u00a0dans les prochaines semaines\u00a0\u00bb, a pr\u00e9cis\u00e9 la commissaire europ\u00e9enne \u00e0 la concurrence, Margrethe Vestager, qu\u2019on voit ici mercredi aux c\u00f4t\u00e9s du chef de la diplomatie am\u00e9ricaine, Antony Blinken.\"\/><figcaption class=\"wp-element-caption\">Une version pr\u00e9liminaire serait pr\u00e9sent\u00e9e \u00ab&nbsp;dans les prochaines semaines&nbsp;\u00bb, a pr\u00e9cis\u00e9 la commissaire europ\u00e9enne \u00e0 la concurrence, Margrethe Vestager, qu\u2019on voit ici mercredi aux c\u00f4t\u00e9s du chef de la diplomatie am\u00e9ricaine, Antony Blinken.<\/figcaption><\/figure>\n\n\n\n<h2 class=\"wp-block-heading\">L\u2019Union europ\u00e9enne pr\u00e9pare un cadre juridique complet et imp\u00e9ratif qui s\u2019appliquerait en mati\u00e8re d\u2019IA dans quelques ann\u00e9es \u2014 au plus t\u00f4t fin 2025 \u2014, mais le code de conduite con\u00e7u avec Washington sera, lui, d\u2019application volontaire, a indiqu\u00e9 M<sup>me<\/sup>&nbsp;Vestager.<\/h2>\n\n\n\n<p>L\u2019Union europ\u00e9enne et les \u00c9tats-Unis ont annonc\u00e9 mercredi un projet de \u00ab&nbsp;code de conduite&nbsp;\u00bb commun sur l\u2019intelligence artificielle&nbsp;(IA) \u00e0 l\u2019application volontaire pour les entreprises du secteur, face au risque de voir la Chine donner le ton pour r\u00e9guler un domaine en pleine explosion.<\/p>\n\n\n\n<p>Des responsables politiques aux concepteurs de la technologie eux-m\u00eames, un consensus mondial \u00e9merge sur le besoin d\u2019encadrer \u2014 plus ou moins librement \u2014 une technologie aux effets r\u00e9volutionnaires, mais aux risques \u00e9lev\u00e9s de d\u00e9rapage.<\/p>\n\n\n\n<p>Apr\u00e8s une r\u00e9union de haut niveau dans le nord de la Su\u00e8de, le chef de la diplomatie am\u00e9ricaine, Antony Blinken, a affirm\u00e9 que les Occidentaux ressentaient l\u2019\u00ab&nbsp;urgence f\u00e9roce&nbsp;\u00bb d\u2019agir en raison de l\u2019irruption sur le devant de la sc\u00e8ne de cette technologie, symbolis\u00e9e par des outils comme le robot conversationnel&nbsp;ChatGPT.<\/p>\n\n\n\n<p>Le code de conduite annonc\u00e9 mercredi \u00ab&nbsp;serait ouvert \u00e0 tous les pays partageant les m\u00eames id\u00e9es&nbsp;\u00bb, a-t-il dit lors d\u2019une conf\u00e9rence de presse commune avec des poids lourds de Bruxelles.<\/p>\n\n\n\n<p>La commissaire europ\u00e9enne \u00e0 la concurrence, Margrethe Vestager, connue pour ses bras de fer avec les g\u00e9ants am\u00e9ricains du Web, a indiqu\u00e9 qu\u2019une version pr\u00e9liminaire serait pr\u00e9sent\u00e9e \u00ab&nbsp;dans les prochaines semaines&nbsp;\u00bb. \u00ab&nbsp;Nous pensons que c\u2019est vraiment important que les citoyens puissent voir que les d\u00e9mocraties agissent&nbsp;\u00bb, a dit la Danoise aux c\u00f4t\u00e9s de M.&nbsp;Blinken.<\/p>\n\n\n\n<p>L\u2019id\u00e9e est d\u2019aboutir \u00ab&nbsp;tr\u00e8s, tr\u00e8s bient\u00f4t&nbsp;\u00bb \u00e0 une proposition finale, en esp\u00e9rant rallier \u00ab&nbsp;le cercle le plus large possible&nbsp;\u00bb, a-t-elle dit, citant \u00ab&nbsp;nos amis au Canada, au Royaume-Uni, au Japon, en Inde&nbsp;\u00bb.&nbsp;Am\u00e9ricains et Europ\u00e9ens craignent entre autres de voir des standards chinois s\u2019imposer si l\u2019Occident ne s\u2019unit pas.<\/p>\n\n\n\n<figure class=\"wp-block-image size-large\"><a href=\"https:\/\/maghreb-observateur.com\/wp-content\/uploads\/2023\/05\/IA-2.jpeg\" rel=\"shadowbox[sbpost-20529];player=img;\"><img decoding=\"async\" loading=\"lazy\" width=\"1024\" height=\"682\" src=\"https:\/\/maghreb-observateur.com\/wp-content\/uploads\/2023\/05\/IA-2-1024x682.jpeg\" alt=\"\" class=\"wp-image-20157\" srcset=\"https:\/\/maghreb-observateur.com\/wp-content\/uploads\/2023\/05\/IA-2-1024x682.jpeg 1024w, https:\/\/maghreb-observateur.com\/wp-content\/uploads\/2023\/05\/IA-2-300x200.jpeg 300w, https:\/\/maghreb-observateur.com\/wp-content\/uploads\/2023\/05\/IA-2-768x512.jpeg 768w, https:\/\/maghreb-observateur.com\/wp-content\/uploads\/2023\/05\/IA-2.jpeg 1280w\" sizes=\"(max-width: 1024px) 100vw, 1024px\" \/><\/a><\/figure>\n\n\n\n<h2 class=\"wp-block-heading\">Agir plus t\u00f4t que tard <\/h2>\n\n\n\n<p>L\u2019Union europ\u00e9enne pr\u00e9pare un cadre juridique complet et imp\u00e9ratif qui s\u2019appliquerait en mati\u00e8re d\u2019IA dans quelques ann\u00e9es \u2014 au plus t\u00f4t fin 2025 \u2014, mais le code de conduite con\u00e7u avec Washington sera, lui, d\u2019application volontaire, a indiqu\u00e9 M<sup>me<\/sup>&nbsp;Vestager.<\/p>\n\n\n\n<p>Le monde a d\u00e9couvert avec stup\u00e9faction, ces derniers mois, les capacit\u00e9s de cette technologie en phase de maturation, avec ses machines et logiciels capables d\u2019apprendre \u00e0 vitesse grand V pour am\u00e9liorer leurs performances.<\/p>\n\n\n\n<p>Le secteur est domin\u00e9 par des g\u00e9ants am\u00e9ricains comme Microsoft \u2014 actionnaire principal d\u2019OpenAI, la firme qui exploite ChatGPT \u2014 ou encore Meta et Google.&nbsp;Mais l\u2019\u00e9cosyst\u00e8me \u00e9volue tr\u00e8s vite, notamment avec les plateformes de source ouverte capables de rivaliser, voire de prendre, les devants technologiques tr\u00e8s rapidement.<\/p>\n\n\n\n<p>La Computer&amp;Communications Industry Association (CCIA), un lobby du secteur qui regroupe Amazon, Apple, Meta, Google ou encore Twitter, a salu\u00e9 \u00ab&nbsp;un engagement transatlantique accru et de pointe, en particulier \u00e0 un moment o\u00f9 l\u2019UE poursuit son ambitieux programme de r\u00e9glementation num\u00e9rique qui fa\u00e7onnera le march\u00e9 pour les ann\u00e9es \u00e0 venir&nbsp;\u00bb.<\/p>\n\n\n\n<h2 class=\"wp-block-heading\">Des r\u00e8glements \u00e0 l\u2019\u00e9tude<\/h2>\n\n\n\n<p>L\u2019Union europ\u00e9enne (UE) veut \u00eatre la premi\u00e8re au monde \u00e0 se doter d\u2019un cadre juridique complet et obligatoire pour limiter les d\u00e9rives de l\u2019intelligence artificielle, mais son entr\u00e9e en vigueur, port\u00e9e notamment par le commissaire Thierry Breton, prendra quelques ann\u00e9es.&nbsp;D\u2019ici l\u00e0, Bruxelles, avec le soutien de g\u00e9ants comme Google, pousse des r\u00e8gles volontaires.<\/p>\n\n\n\n<p>La Chine a \u00e9galement des projets de r\u00e9gulation, notamment d\u2019une \u00ab&nbsp;inspection de s\u00e9curit\u00e9&nbsp;\u00bb des outils d\u2019intelligence artificielle.<\/p>\n\n\n\n<p>C\u00f4t\u00e9 am\u00e9ricain, malgr\u00e9 de nombreuses discussions, aucun projet imp\u00e9ratif n\u2019est pour l\u2019instant sur la table.<\/p>\n\n\n\n<p>En pr\u00e9sence du fondateur de ChatGPT et patron d\u2019Open AI, Sam Altman, la question de l\u2019IA a \u00e9t\u00e9 un des sujets principaux de la r\u00e9union du Conseil du commerce et des technologies \u00e0 Lule\u00e5.&nbsp;Des collaborations sur la 6G, la sixi\u00e8me g\u00e9n\u00e9ration de t\u00e9l\u00e9communication mobile, rare domaine technologique o\u00f9 les Europ\u00e9ens dominent, ont \u00e9galement \u00e9t\u00e9 act\u00e9es. L\u2019organe avait \u00e9t\u00e9 cr\u00e9\u00e9 en 2021 entre les Vingt-Sept et Washington pour tourner la page des brouilles commerciales des ann\u00e9es Trump.<\/p>\n\n\n\n<p>L\u2019UE et les \u00c9tats-Unis \u00ab&nbsp;partagent le point de vue commun que les technologies d\u2019intelligence artificielle comportent de grandes opportunit\u00e9s, mais pr\u00e9sentent \u00e9galement des risques pour nos soci\u00e9t\u00e9s&nbsp;\u00bb, ont d\u00e9clar\u00e9 les deux grandes puissances dans un communiqu\u00e9 final.<\/p>\n\n\n\n<p>Comme un \u00e9cho, la premi\u00e8re ministre danoise, Mette Frederiksen, a prononc\u00e9 jeudi matin un discours au Parlement en partie r\u00e9dig\u00e9 par ChatGPT, pour en souligner les performances, mais aussi les risques d\u00e9mocratiques. \u00ab&nbsp;M\u00eame s\u2019il n\u2019a pas toujours mis dans le mille, tant sur les d\u00e9tails du programme de travail du gouvernement que sur la ponctuation [\u2026], ce dont [ChatGPT] est capable est \u00e0 la fois fascinant et terrifiant&nbsp;\u00bb, a-t-elle dit aux d\u00e9put\u00e9s danois.<\/p>\n\n\n\n<p>Source : Le devoir <\/p>\n","protected":false},"excerpt":{"rendered":"<p>L\u2019Union europ\u00e9enne pr\u00e9pare un cadre juridique complet et imp\u00e9ratif qui s\u2019appliquerait en mati\u00e8re d\u2019IA dans quelques ann\u00e9es \u2014 au plus t\u00f4t fin 2025 \u2014, mais le code de conduite con\u00e7u&hellip; <\/p>\n","protected":false},"author":87,"featured_media":20156,"comment_status":"open","ping_status":"closed","sticky":false,"template":"","format":"standard","meta":{"_bbp_topic_count":0,"_bbp_reply_count":0,"_bbp_total_topic_count":0,"_bbp_total_reply_count":0,"_bbp_voice_count":0,"_bbp_anonymous_reply_count":0,"_bbp_topic_count_hidden":0,"_bbp_reply_count_hidden":0,"_bbp_forum_subforum_count":0,"ngg_post_thumbnail":0},"categories":[193,103,107],"tags":[],"_links":{"self":[{"href":"https:\/\/maghreb-observateur.com\/index.php?rest_route=\/wp\/v2\/posts\/20529"}],"collection":[{"href":"https:\/\/maghreb-observateur.com\/index.php?rest_route=\/wp\/v2\/posts"}],"about":[{"href":"https:\/\/maghreb-observateur.com\/index.php?rest_route=\/wp\/v2\/types\/post"}],"author":[{"embeddable":true,"href":"https:\/\/maghreb-observateur.com\/index.php?rest_route=\/wp\/v2\/users\/87"}],"replies":[{"embeddable":true,"href":"https:\/\/maghreb-observateur.com\/index.php?rest_route=%2Fwp%2Fv2%2Fcomments&post=20529"}],"version-history":[{"count":1,"href":"https:\/\/maghreb-observateur.com\/index.php?rest_route=\/wp\/v2\/posts\/20529\/revisions"}],"predecessor-version":[{"id":20532,"href":"https:\/\/maghreb-observateur.com\/index.php?rest_route=\/wp\/v2\/posts\/20529\/revisions\/20532"}],"wp:featuredmedia":[{"embeddable":true,"href":"https:\/\/maghreb-observateur.com\/index.php?rest_route=\/wp\/v2\/media\/20156"}],"wp:attachment":[{"href":"https:\/\/maghreb-observateur.com\/index.php?rest_route=%2Fwp%2Fv2%2Fmedia&parent=20529"}],"wp:term":[{"taxonomy":"category","embeddable":true,"href":"https:\/\/maghreb-observateur.com\/index.php?rest_route=%2Fwp%2Fv2%2Fcategories&post=20529"},{"taxonomy":"post_tag","embeddable":true,"href":"https:\/\/maghreb-observateur.com\/index.php?rest_route=%2Fwp%2Fv2%2Ftags&post=20529"}],"curies":[{"name":"wp","href":"https:\/\/api.w.org\/{rel}","templated":true}]}}