{"id":20428,"date":"2023-06-09T01:03:40","date_gmt":"2023-06-09T06:03:40","guid":{"rendered":"https:\/\/maghreb-observateur.com\/?p=20428"},"modified":"2023-06-09T01:03:41","modified_gmt":"2023-06-09T06:03:41","slug":"leconomie-de-la-zone-euro-a-bascule-en-recession-au-1er-trimestre","status":"publish","type":"post","link":"https:\/\/maghreb-observateur.com\/?p=20428","title":{"rendered":"L&#8217;\u00e9conomie de la zone euro a bascul\u00e9 en r\u00e9cession au 1er trimestre"},"content":{"rendered":"\n<figure class=\"wp-block-image\"><img decoding=\"async\" src=\"https:\/\/media.lesechos.com\/api\/v1\/images\/view\/6481b132c40f6a12bf67eb49\/1280x720\/2064019-1686221025-1983661-1633721621-europe-3.jpg\" alt=\"2064019_1686221025_1983661-1633721621-europe-3.jpg\"\/><figcaption class=\"wp-element-caption\">L\u00e9conomie de la zone euro a bascul\u00e9 en r\u00e9cession au 1er trimestre | Cr\u00e9dits photo : Istock (Istock)<\/figcaption><\/figure>\n\n\n\n<p>Par&nbsp;Reuters<\/p>\n\n\n\n<p>BRUXELLES, 8 juin (Reuters) &#8211; L&#8217;\u00e9conomie de la zone euro en entr\u00e9e en r\u00e9cession au premier trimestre, montrent les chiffres d\u00e9finitifs publi\u00e9s jeudi par Eurostat, qui a r\u00e9vis\u00e9 \u00e0 la baisse le produit int\u00e9rieur brut pour cette p\u00e9riode mais aussi pour les trois derniers mois de 2022.<\/p>\n\n\n\n<p>Le PIB des 20 pays ayant adopt\u00e9 la monnaie unique a baiss\u00e9 de 0,1% sur la p\u00e9riode janvier-mars et augment\u00e9 de 1,0% sur un an, a annonc\u00e9 l&#8217;agence de statistiques de l&#8217;Union europ\u00e9enne.<\/p>\n\n\n\n<p>Une deuxi\u00e8me estimation publi\u00e9e mi-mai l&#8217;avait donn\u00e9 en hausse de 0,1% d&#8217;un trimestre sur l&#8217;autre et de 1,3% en rythme annuel. Les \u00e9conomistes interrog\u00e9s par Reuters tablaient sur une stagnation de l&#8217;\u00e9conomie et une croissance de 1,2% sur un an.<\/p>\n\n\n\n<p>Cette d\u00e9gradation s&#8217;explique principalement par la contraction de l&#8217;\u00e9conomie en Allemagne au premier trimestre annonc\u00e9e en deuxi\u00e8me estimation par Destatis, apr\u00e8s un recul de 0,5% sur les trois mois pr\u00e9c\u00e9dents.<\/p>\n\n\n\n<p>Les chiffres du quatri\u00e8me trimestre 2022 en zone euro ont \u00e9galement \u00e9t\u00e9 r\u00e9vis\u00e9s en l\u00e9g\u00e8re baisse et montrent d\u00e9sormais une contraction de 0,1% et non plus une stagnation.<\/p>\n\n\n\n<p>La zone euro et l&#8217;Allemagne sont donc en r\u00e9cession technique, une situation d\u00e9finie en effet par deux trimestres cons\u00e9cutifs de baisse du PIB.<\/p>\n\n\n\n<p>Outre en Allemagne, une contraction \u00e9conomique a \u00e9t\u00e9 aussi enregistr\u00e9e d&#8217;un trimestre \u00e0 l&#8217;autre en Gr\u00e8ce, en Irlande, en Lituanie, \u00e0 Malte et aux Pays-Bas.<\/p>\n\n\n\n<p>Parall\u00e8lement, Eurostat a confirm\u00e9 que l&#8217;emploi dans la zone euro avait progress\u00e9 de 0,6% au premier trimestre par rapport au trimestre pr\u00e9c\u00e9dent. Sur un an, l&#8217;augmentation a \u00e9t\u00e9 revue \u00e0 1,6% contre 1,7% auparavant.<\/p>\n","protected":false},"excerpt":{"rendered":"<p>Par&nbsp;Reuters BRUXELLES, 8 juin (Reuters) &#8211; L&#8217;\u00e9conomie de la zone euro en entr\u00e9e en r\u00e9cession au premier trimestre, montrent les chiffres d\u00e9finitifs publi\u00e9s jeudi par Eurostat, qui a r\u00e9vis\u00e9 \u00e0&hellip; <\/p>\n","protected":false},"author":87,"featured_media":8835,"comment_status":"open","ping_status":"closed","sticky":false,"template":"","format":"standard","meta":{"_bbp_topic_count":0,"_bbp_reply_count":0,"_bbp_total_topic_count":0,"_bbp_total_reply_count":0,"_bbp_voice_count":0,"_bbp_anonymous_reply_count":0,"_bbp_topic_count_hidden":0,"_bbp_reply_count_hidden":0,"_bbp_forum_subforum_count":0,"ngg_post_thumbnail":0},"categories":[112,102,114],"tags":[],"_links":{"self":[{"href":"https:\/\/maghreb-observateur.com\/index.php?rest_route=\/wp\/v2\/posts\/20428"}],"collection":[{"href":"https:\/\/maghreb-observateur.com\/index.php?rest_route=\/wp\/v2\/posts"}],"about":[{"href":"https:\/\/maghreb-observateur.com\/index.php?rest_route=\/wp\/v2\/types\/post"}],"author":[{"embeddable":true,"href":"https:\/\/maghreb-observateur.com\/index.php?rest_route=\/wp\/v2\/users\/87"}],"replies":[{"embeddable":true,"href":"https:\/\/maghreb-observateur.com\/index.php?rest_route=%2Fwp%2Fv2%2Fcomments&post=20428"}],"version-history":[{"count":2,"href":"https:\/\/maghreb-observateur.com\/index.php?rest_route=\/wp\/v2\/posts\/20428\/revisions"}],"predecessor-version":[{"id":20439,"href":"https:\/\/maghreb-observateur.com\/index.php?rest_route=\/wp\/v2\/posts\/20428\/revisions\/20439"}],"wp:featuredmedia":[{"embeddable":true,"href":"https:\/\/maghreb-observateur.com\/index.php?rest_route=\/wp\/v2\/media\/8835"}],"wp:attachment":[{"href":"https:\/\/maghreb-observateur.com\/index.php?rest_route=%2Fwp%2Fv2%2Fmedia&parent=20428"}],"wp:term":[{"taxonomy":"category","embeddable":true,"href":"https:\/\/maghreb-observateur.com\/index.php?rest_route=%2Fwp%2Fv2%2Fcategories&post=20428"},{"taxonomy":"post_tag","embeddable":true,"href":"https:\/\/maghreb-observateur.com\/index.php?rest_route=%2Fwp%2Fv2%2Ftags&post=20428"}],"curies":[{"name":"wp","href":"https:\/\/api.w.org\/{rel}","templated":true}]}}