{"id":20415,"date":"2023-06-08T08:15:36","date_gmt":"2023-06-08T13:15:36","guid":{"rendered":"https:\/\/maghreb-observateur.com\/?p=20415"},"modified":"2023-06-09T00:58:11","modified_gmt":"2023-06-09T05:58:11","slug":"sous-le-theme-lafrique-cest-lavenir-ilham-chadi-presidente-du-groupe-la-superbe-sera-a-marrakech-du-8-au-10-juin","status":"publish","type":"post","link":"https:\/\/maghreb-observateur.com\/?p=20415","title":{"rendered":"Sous le th\u00e8me L&#8217;Afrique c&#8217;est l&#8217;Avenir Ilham Chadi, pr\u00e9sidente du groupe \u201cLa Superbe\u201d sera \u00e0 Marrakech du 8 au 10 Juin."},"content":{"rendered":"\n<h2 class=\"wp-block-heading\">Sous le th\u00e8me, L&#8217;Afrique c&#8217;est l&#8217;Avenir Ilham Chadi<strong>,<\/strong> femme entrepreneure, fondatrice du groupe la superbe et pr\u00e9sidente de l&#8217;association du groupe \u201c <strong>La Superbe Marocaine \u201dqui<\/strong> \u0153uvre pour la promotion de la situation de la femme&nbsp;marocaine sera \u00e0 Marrakech du 8 au 10 Juin au : <strong>Complexe Culturel Mohamed VI<\/strong>.<\/h2>\n\n\n\n<figure class=\"wp-block-image size-large\"><a href=\"https:\/\/maghreb-observateur.com\/wp-content\/uploads\/2023\/06\/WhatsApp-Image-2023-06-07-a-01.19.28.jpg\" rel=\"shadowbox[sbpost-20415];player=img;\"><img decoding=\"async\" loading=\"lazy\" width=\"819\" height=\"1024\" src=\"https:\/\/maghreb-observateur.com\/wp-content\/uploads\/2023\/06\/WhatsApp-Image-2023-06-07-a-01.19.28-819x1024.jpg\" alt=\"\" class=\"wp-image-20416\" srcset=\"https:\/\/maghreb-observateur.com\/wp-content\/uploads\/2023\/06\/WhatsApp-Image-2023-06-07-a-01.19.28-819x1024.jpg 819w, https:\/\/maghreb-observateur.com\/wp-content\/uploads\/2023\/06\/WhatsApp-Image-2023-06-07-a-01.19.28-240x300.jpg 240w, https:\/\/maghreb-observateur.com\/wp-content\/uploads\/2023\/06\/WhatsApp-Image-2023-06-07-a-01.19.28-768x960.jpg 768w, https:\/\/maghreb-observateur.com\/wp-content\/uploads\/2023\/06\/WhatsApp-Image-2023-06-07-a-01.19.28.jpg 1080w\" sizes=\"(max-width: 819px) 100vw, 819px\" \/><\/a><\/figure>\n\n\n\n<p>Elle a d\u00e9marr\u00e9 sa carri\u00e8re en travaillant avec son p\u00e8re dans une structure familiale, ensuite, elle s&#8217;est <br>lanc\u00e9e dans l\u2019entreprenariat, et la voici aujourd\u2019hui co-fondatrice et g\u00e9rante d\u2019une start up sp\u00e9cialis\u00e9e<br>dans le domaine du Marketing-Communication ainsi que le commerce international\u2026&#8221; .Elle est  aussi Pr\u00e9sidente de l\u2019association \u00ab LA SUPERBE MAROCAINE \u00bb<br>De nombreux groupes sont cr\u00e9\u00e9s sur le r\u00e9seau social \u201cFacebook\u201d pour aborder des probl\u00e8mes qui concernent diff\u00e9rentes cat\u00e9gories sociales et pour partager des informations sur tout ce qui concerne la vie quotidienne, mais les groupes distingu\u00e9s et influents restent peu nombreux, \u00e9tant donn\u00e9 que la plupart d\u2019entre eux restent limit\u00e9s, et certains peuvent m\u00eame dispara\u00eetre apr\u00e8s un certain temps.<\/p>\n\n\n\n<p>En effet, ces groupes virtuels, gratuits d\u2019acc\u00e8s et faciles \u00e0 utiliser, sont devenus tr\u00e8s populaires aupr\u00e8s de divers segments de la soci\u00e9t\u00e9 en tant qu\u2019espace pour, notamment, soulever librement diverses questions, communiquer avec des personnes qui partagent les m\u00eames int\u00e9r\u00eats de par le monde et pour \u00e9tablir des relations personnelles et professionnelles.<\/p>\n\n\n\n<p>Au milieu du grand nombre de groupes marocains sur Facebook, qu\u2019ils soient \u00e0 but lucratif ou \u00e0 des fins purement sociales, a \u00e9merg\u00e9 le groupe \u201cLa Superbe\u201d qui s\u2019est fortement impos\u00e9 et a r\u00e9ussi \u00e0 devenir une plateforme pour que les femmes marocaines puissent partager leurs pr\u00e9occupations et traiter des sujets qui les int\u00e9ressent dans un espace qui d\u00e9gage un esprit de partage et des valeurs de participation parmi ses membres, qui sont actuellement plus de 800 mille.<\/p>\n\n\n\n<p>Il s\u2019agit d\u2019un groupe f\u00e9minin \u00e0 cent pour cent, cr\u00e9\u00e9 par Mme Ilham Chadi en 2015, pour former un espace virtuel qui rassemble des femmes marocaines de l\u2019int\u00e9rieur comme de l\u2019ext\u00e9rieur de la patrie, d\u2019\u00e2ges et de groupes sociaux diff\u00e9rents. Toutes les femmes et filles sont les bienvenues, avec leurs exp\u00e9riences de vie et leurs contributions \u00e0 la r\u00e9solution des probl\u00e8mes qu\u2019elles rencontrent dans leur vie et leur profession.<\/p>\n\n\n\n<p>Dans une d\u00e9claration \u00e0 la MAP, Mme Chadi a indiqu\u00e9 que l\u2019objectif derri\u00e8re la cr\u00e9ation de ce groupe \u00e9tait notamment de r\u00e9pandre la positivit\u00e9 et de sensibiliser la \u201cSuperbe\u201d de ses droits et devoirs ainsi que de l\u2019orienter \u00e0 travers des conseils donn\u00e9s par des sp\u00e9cialistes relevant de divers domaines, et en publiant aussi de vraies exp\u00e9riences v\u00e9cues par les femmes du groupe et ce, dans le but de motiver le reste des membres \u00e0 s\u2019exprimer et \u00e0 affronter leurs probl\u00e8mes avec bravoure.<\/p>\n\n\n\n<p>Concernant le secret qui a pouss\u00e9 des femmes de diff\u00e9rents groupes sociaux et d\u2019\u00e2ges \u00e0 rejoindre le groupe, elle a soulign\u00e9 que le partage sinc\u00e8re des exp\u00e9riences, la spontan\u00e9it\u00e9 dans les commentaires et l\u2019esprit de solidarit\u00e9 qui r\u00e8gne parmi ses membres sont les principaux piliers sur lesquels ce groupe s\u2019appuie pour renforcer sa pr\u00e9sence jour apr\u00e8s jour.<\/p>\n\n\n\n<p>Et de poursuivre que les contenus et les probl\u00e8mes que ces femmes partagent, en g\u00e9n\u00e9ral, au sein du groupe sont, principalement, li\u00e9s \u00e0 tout ce qui concerne le succ\u00e8s des femmes dans tous les domaines de la vie, soulignant que les administrateurs du groupe servent \u00e0 enrichir la discussion en accueillant des sp\u00e9cialistes b\u00e9n\u00e9voles (m\u00e9decins, formateurs, docteurs) \u00e0 travers des rencontres directes (Live), que ce soit dans le domaine sanitaire, social, psychologique ou professionnel, pour aborder diff\u00e9rents sujets, dont certains s\u2019inscrivent dans le cadre de tabous.<\/p>\n\n\n\n<p>La fondatrice du groupe a, en outre, fait observer que des d\u00e9fis \u201cChallenge\u201d sont lanc\u00e9s sur des sujets sp\u00e9cifiques dans lesquels chaque \u201cSuperbe\u201d participe avec sa propre exp\u00e9rience, notant que parmi les d\u00e9fis les plus importants qui ont \u00e9t\u00e9 marqu\u00e9s par une participation intense figurent #Mariage mixte, #La superbe-l\u2019entreprise #Mon histoire avec le bac, #L\u2019intimidation, #La superbe et le ch\u00f4mage et d\u2019autres sujets qui ont connu le partage de plusieurs exp\u00e9riences.<\/p>\n\n\n\n<p>Le dernier des d\u00e9fis lanc\u00e9s #Elle-va-bien a pour ambition de mettre en valeur la force des femmes marocaines dans diverses situations, a relev\u00e9 Mme Chadi, ajoutant que chaque \u201cSuperbe\u201d parlera pendant un mois (la dur\u00e9e du d\u00e9fi) des avantages qu\u2019elle a tir\u00e9s des publications des participantes et comment le groupe l\u2019a aid\u00e9e \u00e0 changer sa vie pour le mieux.<\/p>\n\n\n\n<h2 class=\"wp-block-heading\">Sa mission : <\/h2>\n\n\n\n<p>Inspirer ma communaut\u00e9 par des valeurs telles que: la solidarit\u00e9, la justice sociale et l&#8217;\u00e9galit\u00e9 des sexes, respect de l&#8217; environnement, la durabilit\u00e9, la protection de la biodiversit\u00e9, la justice climatique et l\u2019ind\u00e9pendance \u00e9conomique\u2026 C&#8217;est \u00e0 travers des objectifs clairs que je me donne<br>les moyens de soutenir et d&#8217; accompagner les femmes en difficult\u00e9 pour un meilleur lendemain.<br>Du combat pour la scolarisation et l&#8217;\u00e9ducation des femmes et jeunes filles, \u00e0 l&#8217; organisation des campagnes de pr\u00e9vention et de sensibilisation en mati\u00e8re de sant\u00e9, en passant par l&#8217; encouragement \u00e0 l&#8217; entrepreneuriat, et ce, dans un cadre structur\u00e9, gr\u00e2ce \u00e0 l&#8217;association LA SUPERBE MAROCAINE cr\u00e9e le 08 mars 2019\u2026<br><\/p>\n","protected":false},"excerpt":{"rendered":"<p>Sous le th\u00e8me, L&#8217;Afrique c&#8217;est l&#8217;Avenir Ilham Chadi, femme entrepreneure, fondatrice du groupe la superbe et pr\u00e9sidente de l&#8217;association du groupe \u201c La Superbe Marocaine \u201dqui \u0153uvre pour la promotion&hellip; <\/p>\n","protected":false},"author":87,"featured_media":20416,"comment_status":"open","ping_status":"closed","sticky":false,"template":"","format":"standard","meta":{"_bbp_topic_count":0,"_bbp_reply_count":0,"_bbp_total_topic_count":0,"_bbp_total_reply_count":0,"_bbp_voice_count":0,"_bbp_anonymous_reply_count":0,"_bbp_topic_count_hidden":0,"_bbp_reply_count_hidden":0,"_bbp_forum_subforum_count":0,"ngg_post_thumbnail":0},"categories":[99,193,107],"tags":[],"_links":{"self":[{"href":"https:\/\/maghreb-observateur.com\/index.php?rest_route=\/wp\/v2\/posts\/20415"}],"collection":[{"href":"https:\/\/maghreb-observateur.com\/index.php?rest_route=\/wp\/v2\/posts"}],"about":[{"href":"https:\/\/maghreb-observateur.com\/index.php?rest_route=\/wp\/v2\/types\/post"}],"author":[{"embeddable":true,"href":"https:\/\/maghreb-observateur.com\/index.php?rest_route=\/wp\/v2\/users\/87"}],"replies":[{"embeddable":true,"href":"https:\/\/maghreb-observateur.com\/index.php?rest_route=%2Fwp%2Fv2%2Fcomments&post=20415"}],"version-history":[{"count":3,"href":"https:\/\/maghreb-observateur.com\/index.php?rest_route=\/wp\/v2\/posts\/20415\/revisions"}],"predecessor-version":[{"id":20437,"href":"https:\/\/maghreb-observateur.com\/index.php?rest_route=\/wp\/v2\/posts\/20415\/revisions\/20437"}],"wp:featuredmedia":[{"embeddable":true,"href":"https:\/\/maghreb-observateur.com\/index.php?rest_route=\/wp\/v2\/media\/20416"}],"wp:attachment":[{"href":"https:\/\/maghreb-observateur.com\/index.php?rest_route=%2Fwp%2Fv2%2Fmedia&parent=20415"}],"wp:term":[{"taxonomy":"category","embeddable":true,"href":"https:\/\/maghreb-observateur.com\/index.php?rest_route=%2Fwp%2Fv2%2Fcategories&post=20415"},{"taxonomy":"post_tag","embeddable":true,"href":"https:\/\/maghreb-observateur.com\/index.php?rest_route=%2Fwp%2Fv2%2Ftags&post=20415"}],"curies":[{"name":"wp","href":"https:\/\/api.w.org\/{rel}","templated":true}]}}