{"id":20362,"date":"2023-06-05T09:55:52","date_gmt":"2023-06-05T14:55:52","guid":{"rendered":"https:\/\/maghreb-observateur.com\/?p=20362"},"modified":"2023-06-05T11:02:46","modified_gmt":"2023-06-05T16:02:46","slug":"maghreb-observateur-la-version-des-fees-de-souad-jamai-a-la-28ieme-edition-du-salon-international-de-ledition-et-du-livre-siel-a-rabat","status":"publish","type":"post","link":"https:\/\/maghreb-observateur.com\/?p=20362","title":{"rendered":"Maghreb Observateur : \u00abLa version des f\u00e9es\u00bb de Souad JAMA\u00cf, \u00e0 la 28ieme \u00e9dition du Salon international de l&#8217;\u00e9dition et du livre (Siel) \u00e0 Rabat"},"content":{"rendered":"\n<p><strong>Les \u00e9ditions La Crois\u00e9e des chemins ont le plaisir de vous convier \u00e0 la s\u00e9ance de d\u00e9dicaces du livre : \u00abLa version des f\u00e9es\u00bb, en pr\u00e9sence de l\u2019auteure Souad Jama\u00ef, ce Mercredi 7 Juin \u00e0 17h au stand B-08 du Salon du&nbsp;livre&nbsp;de&nbsp;Rabat<\/strong><\/p>\n\n\n\n<p><strong>Lors de cette soir\u00e9e organis\u00e9e au Salon international de l&#8217;\u00e9dition et du livre \u00e0 Rabat, ce n\u2019est pas juste un livre que vous allez d\u00e9couvrir&#8230; Vous d\u00e9couvrirez aussi son auteure, une personne tr\u00e8s g\u00e9n\u00e9reuse de sa personne. Je vous laisserai donc le soin de la d\u00e9couvrir.   <\/strong><\/p>\n\n\n\n<figure class=\"wp-block-image size-large\"><a href=\"https:\/\/maghreb-observateur.com\/wp-content\/uploads\/2023\/06\/WhatsApp-Image-2023-06-05-a-09.21.15.jpg\" rel=\"shadowbox[sbpost-20362];player=img;\"><img decoding=\"async\" loading=\"lazy\" width=\"844\" height=\"1024\" src=\"https:\/\/maghreb-observateur.com\/wp-content\/uploads\/2023\/06\/WhatsApp-Image-2023-06-05-a-09.21.15-844x1024.jpg\" alt=\"\" class=\"wp-image-20364\" srcset=\"https:\/\/maghreb-observateur.com\/wp-content\/uploads\/2023\/06\/WhatsApp-Image-2023-06-05-a-09.21.15-844x1024.jpg 844w, https:\/\/maghreb-observateur.com\/wp-content\/uploads\/2023\/06\/WhatsApp-Image-2023-06-05-a-09.21.15-247x300.jpg 247w, https:\/\/maghreb-observateur.com\/wp-content\/uploads\/2023\/06\/WhatsApp-Image-2023-06-05-a-09.21.15-768x932.jpg 768w, https:\/\/maghreb-observateur.com\/wp-content\/uploads\/2023\/06\/WhatsApp-Image-2023-06-05-a-09.21.15-1265x1536.jpg 1265w, https:\/\/maghreb-observateur.com\/wp-content\/uploads\/2023\/06\/WhatsApp-Image-2023-06-05-a-09.21.15.jpg 1318w\" sizes=\"(max-width: 844px) 100vw, 844px\" \/><\/a><\/figure>\n\n\n\n<h2 class=\"wp-block-heading\"><strong>La version des f\u00e9es<\/strong><\/h2>\n\n\n\n<p>&nbsp;&nbsp;&nbsp;&nbsp;&nbsp;&nbsp;&nbsp;&nbsp;&nbsp;&nbsp;&nbsp;&nbsp;&nbsp; Si&nbsp;l\u2019Orient et l\u2019Occident ne faisaient plus qu\u2019un tout indissociable? Si, n&#8217;en faisant qu&#8217;\u00e0 leur t\u00eate, les&nbsp;h\u00e9ros et les h\u00e9ro\u00efnes de contes&nbsp;s\u2019\u00e9vadaient&nbsp;de leur histoire, d\u00e9laissant leur r\u00f4le premier pour en jouer d&#8217;autres? Et si les f\u00e9es se posaient des questions existentielles au lieu d&#8217;exaucer des v\u0153ux ?&nbsp;<\/p>\n\n\n\n<p>C&#8217;est ce que propose<em>&nbsp;La version des f\u00e9es,<\/em>&nbsp;un dialogue&nbsp;moderne&nbsp;o\u00f9 se c\u00f4toient Sh\u00e9h\u00e9razade, la Belle au bois dormant, Aicha Kandisha, Barbe bleue, l\u2019inspecteur Ali et autres personnages de l\u00e9gendes qui n&#8217;auraient jamais d\u00fb se croiser. Les situations incongrues qui en d\u00e9coulent r\u00e9v\u00e8lent une s\u00e9rie d&#8217;impostures cocasses, ou de croyances tenaces, qui&nbsp;impr\u00e8gnent&nbsp;l\u2019inconscient collectif&nbsp;depuis la nuit des temps et imposent de nombreux st\u00e9r\u00e9otypes li\u00e9s \u00e0 l\u2019image de la femme.<\/p>\n\n\n\n<p>&nbsp;&nbsp;&nbsp;&nbsp;&nbsp;&nbsp;&nbsp; En d\u00e9construisant de c\u00e9l\u00e8bres contes populaires, l&#8217;auteure se livre \u00e0 un savoureux exercice de d\u00e9tournement qui, associ\u00e9 \u00e0 une translation spatio-temporelle, nous d\u00e9leste de certaines de nos illusions ancr\u00e9es depuis l&#8217;enfance. En fin de compte, discriminations et pr\u00e9jug\u00e9s ne r\u00e9sistent pas \u00e0 l&#8217;humour et \u00e0 la d\u00e9rision!&nbsp;<em>&nbsp;&nbsp;&nbsp;&nbsp;<\/em><\/p>\n\n\n\n<p><em>L\u2019histoire&nbsp;:<\/em><\/p>\n\n\n\n<p>Sh\u00e9h\u00e9razade raconte des histoires au roi Shahriar depuis 999 nuits, lorsque subitement tout s\u2019embrouille. Le temps, les lieux et les r\u00e9cits s\u2019entrem\u00ealent, ce qui cr\u00e9e des situations incongrues.<\/p>\n\n\n\n<p>Les personnages de contes en profitent pour s\u2019\u00e9vader de leur histoire, d\u00e9laissant leur r\u00f4le premier pour n\u2019en faire qu\u2019\u00e0 leur t\u00eate. Cette libert\u00e9 inattendue donne l\u2019occasion \u00e0 chacun de se poser des questions existentielles qui n\u2019avaient pas lieu d\u2019\u00eatre lorsqu\u2019ils respectaient scrupuleusement le sc\u00e9nario impos\u00e9 par leurs contes respectifs.<\/p>\n\n\n\n<p>Sh\u00e9h\u00e9razade en profite pour cr\u00e9er des liens entre les personnages et mettre en avant les discriminations et les pr\u00e9jug\u00e9s dont ils sont victimes. Elle tente de les d\u00e9lester des illusions qui ont berc\u00e9 leur vie et les ont priv\u00e9s de libert\u00e9.<\/p>\n\n\n\n<figure class=\"wp-block-video\"><video controls src=\"https:\/\/maghreb-observateur.com\/wp-content\/uploads\/2023\/06\/WhatsApp-Video-2023-06-05-a-09.21.15.mp4\"><\/video><\/figure>\n\n\n\n<p><strong>Souad JAMA\u00cf<\/strong>, quitte le Maroc \u00e0 l\u2019\u00e2ge de 6 ans et effectue sa scolarit\u00e9 dans plusieurs \u00e9tablissements fran\u00e7ais du monde, en Europe et en Afrique.<\/p>\n\n\n\n<p>Elle entame ses \u00e9tudes de m\u00e9decine \u00e0 l\u2019Universit\u00e9 Libre de Bruxelles et poursuit sa formation \u00e0 l\u2019Universit\u00e9 Ren\u00e9 Descartes, \u00e0 Paris.<\/p>\n\n\n\n<p><strong>Elle exerce actuellement en tant que cardiologue<\/strong>&nbsp;\u00e0 Rabat. Elle est membre fondateur de l\u2019association des cardiologues priv\u00e9s de Rabat dont elle a \u00e9t\u00e9 Pr\u00e9sidente \u00e0 trois reprises.<\/p>\n\n\n\n<p>&nbsp;&nbsp;&nbsp;&nbsp;&nbsp;&nbsp;&nbsp; En 2017 elle entre dans le monde litt\u00e9raire marocain avec son premier roman (publi\u00e9 chez \u00c9ditions Afrique Orient),&nbsp;<strong>\u00ab&nbsp;Un toubib dans la ville&nbsp;\u00bb,&nbsp;<\/strong>dans lequel<strong>&nbsp;<\/strong>elle d\u00e9crit, \u00e0 travers la salle d\u2019attente d\u2019un m\u00e9decin, la schizophr\u00e9nie de la soci\u00e9t\u00e9 avec humour et bienveillance. Ce roman connait un franc succ\u00e8s et est r\u00e9\u00e9dit\u00e9 trois fois.<\/p>\n\n\n\n<p>Son implication dans l\u2019\u00e9ducation la pousse \u00e0 \u00e9crire son second roman (2019, Virgule \u00e9ditions)&nbsp;<strong>\u00ab&nbsp;Des ailes de papier&nbsp;\u00bb<\/strong>&nbsp;o\u00f9 elle se penche sur les d\u00e9sillusions des jeunes qui ne croient plus \u00e0 l\u2019ascenseur social par les \u00e9tudes.<\/p>\n\n\n\n<p>Le troisi\u00e8me roman, de Souad JAMA\u00cf,&nbsp;<strong>\u00ab&nbsp;Le serment du dernier messager&nbsp;<\/strong>\u00bb, est publi\u00e9 en mars 2021 \u00e0 La crois\u00e9e des chemins. En Novembre 2021, la mention sp\u00e9ciale du jury du prix Ivoire lui est attribu\u00e9.<\/p>\n\n\n\n<p>&nbsp;&nbsp;&nbsp;&nbsp;&nbsp;&nbsp;&nbsp; Transhumanisme effr\u00e9n\u00e9, m\u00e9decine sous influence mais aussi qu\u00eate personnelle et questions existentielles sont les th\u00e9matiques qui traversent cette dystopie et nous plongent dans les enjeux d\u2019une soci\u00e9t\u00e9 se transformant \u00e0 vive allure et ayant fait le choix de la technicit\u00e9 au d\u00e9triment de l\u2019humain.&nbsp;Un conte du futur pour nous \u00e9clairer sur les anomalies du pr\u00e9sent.&nbsp;<\/p>\n\n\n\n<p>Elle \u00e9crit en mettant \u00e0 profit ses connaissances scientifiques et sa passion pour la m\u00e9decine, observatrice d\u2019une soci\u00e9t\u00e9 qui \u00e9volue et accentue ses contradictions.<\/p>\n\n\n\n<p><strong>Th\u00e9atre<\/strong><\/p>\n\n\n\n<p>Passionn\u00e9e de th\u00e9\u00e2tre, elle adapte et met en sc\u00e8ne en 2018, une pi\u00e8ce de th\u00e9\u00e2tre \u00ab&nbsp;Le K-barr\u00e9 des m\u00e9decins&nbsp;\u00bb, adapt\u00e9e de son premier roman, dont la grande particularit\u00e9 est d\u2019\u00eatre jou\u00e9e uniquement par des m\u00e9decins. Ce spectacle est un immense succ\u00e8s, et tous les b\u00e9n\u00e9fices des repr\u00e9sentations sont remis \u00e0 une association qui op\u00e8re des enfants cardiaques d\u00e9munis. Voir une pi\u00e8ce enti\u00e8rement jou\u00e9e par des m\u00e9decins sp\u00e9cialistes est une premi\u00e8re mondiale. L\u2019objectif \u00e9tait de donner une nouvelle image d\u2019un m\u00e9decin engag\u00e9 sachant allier de multiples fonctions pour le bien-\u00eatre moral et physique de tous.<\/p>\n\n\n\n<p><strong>Bibliographie&nbsp;<\/strong><\/p>\n\n\n\n<p><strong>Romans&nbsp;:<\/strong><strong><\/strong><\/p>\n\n\n\n<p><em>\u2013&nbsp;<strong>Un toubib dans la ville,<\/strong><\/em>&nbsp;roman, paru en 2017, publi\u00e9 chez Afrique Orient<\/p>\n\n\n\n<p><em>\u2013<\/em><strong><em>&nbsp;<\/em><\/strong><strong><em>Des ailes de papier,<\/em><\/strong><strong>&nbsp;<\/strong>roman, publi\u00e9 en 2019 aux \u00e9ditions La virgule.<\/p>\n\n\n\n<p>\u2013&nbsp;<strong><em>Le serment du dernier messager<\/em><\/strong>, roman, La Crois\u00e9e des chemins, 2021.<\/p>\n\n\n\n<p>Mention sp\u00e9ciale du Jury du prix IVOIRE, 2021<\/p>\n\n\n\n<p><strong><em>-La version des f\u00e9es<\/em><\/strong>, pi\u00e8ce de th\u00e9\u00e2tre, sortira en Mai 2023<\/p>\n\n\n\n<p><strong>Th\u00e9atre&nbsp;:<\/strong><\/p>\n\n\n\n<p>Le K-Barr\u00e9 des m\u00e9decins, 2018 et 2019, adaptation et mise en sc\u00e8ne.<\/p>\n\n\n\n<p><strong>Nouvelles parues dans diff\u00e9rents collectifs :<\/strong><\/p>\n\n\n\n<ul>\n<li><strong><em>Hommes sensibles s\u2019abstenir<\/em><\/strong><strong>,<\/strong>&nbsp;\u00c9diteur de talents, 2018.<\/li>\n\n\n\n<li><strong><em>Plumes et pinceaux<\/em><\/strong><strong>,<\/strong>&nbsp; \u00e9ditions Marsam, 2019.<\/li>\n\n\n\n<li><strong><em>Le vivre ensemble<\/em><\/strong>, Graphelie, 2019.<\/li>\n\n\n\n<li><strong><em>Ce que nous vivons<\/em><\/strong><strong>,<\/strong>&nbsp;\u00e9ditions La Crois\u00e9e des chemins, 2020.<\/li>\n\n\n\n<li><strong><em>Le droit de vivre,&nbsp;<\/em><\/strong>\u00e9ditions La Crois\u00e9e des chemins, 2021<\/li>\n\n\n\n<li><strong><em>Qui toque \u00e0 la porte,&nbsp;<\/em><\/strong><em>\u00e9ditions Nouiga, 2023<\/em><\/li>\n<\/ul>\n","protected":false},"excerpt":{"rendered":"<p>Les \u00e9ditions La Crois\u00e9e des chemins ont le plaisir de vous convier \u00e0 la s\u00e9ance de d\u00e9dicaces du livre : \u00abLa version des f\u00e9es\u00bb, en pr\u00e9sence de l\u2019auteure Souad Jama\u00ef,&hellip; <\/p>\n","protected":false},"author":87,"featured_media":20364,"comment_status":"open","ping_status":"closed","sticky":false,"template":"","format":"standard","meta":{"_bbp_topic_count":0,"_bbp_reply_count":0,"_bbp_total_topic_count":0,"_bbp_total_reply_count":0,"_bbp_voice_count":0,"_bbp_anonymous_reply_count":0,"_bbp_topic_count_hidden":0,"_bbp_reply_count_hidden":0,"_bbp_forum_subforum_count":0,"ngg_post_thumbnail":0},"categories":[193,116],"tags":[],"_links":{"self":[{"href":"https:\/\/maghreb-observateur.com\/index.php?rest_route=\/wp\/v2\/posts\/20362"}],"collection":[{"href":"https:\/\/maghreb-observateur.com\/index.php?rest_route=\/wp\/v2\/posts"}],"about":[{"href":"https:\/\/maghreb-observateur.com\/index.php?rest_route=\/wp\/v2\/types\/post"}],"author":[{"embeddable":true,"href":"https:\/\/maghreb-observateur.com\/index.php?rest_route=\/wp\/v2\/users\/87"}],"replies":[{"embeddable":true,"href":"https:\/\/maghreb-observateur.com\/index.php?rest_route=%2Fwp%2Fv2%2Fcomments&post=20362"}],"version-history":[{"count":5,"href":"https:\/\/maghreb-observateur.com\/index.php?rest_route=\/wp\/v2\/posts\/20362\/revisions"}],"predecessor-version":[{"id":20380,"href":"https:\/\/maghreb-observateur.com\/index.php?rest_route=\/wp\/v2\/posts\/20362\/revisions\/20380"}],"wp:featuredmedia":[{"embeddable":true,"href":"https:\/\/maghreb-observateur.com\/index.php?rest_route=\/wp\/v2\/media\/20364"}],"wp:attachment":[{"href":"https:\/\/maghreb-observateur.com\/index.php?rest_route=%2Fwp%2Fv2%2Fmedia&parent=20362"}],"wp:term":[{"taxonomy":"category","embeddable":true,"href":"https:\/\/maghreb-observateur.com\/index.php?rest_route=%2Fwp%2Fv2%2Fcategories&post=20362"},{"taxonomy":"post_tag","embeddable":true,"href":"https:\/\/maghreb-observateur.com\/index.php?rest_route=%2Fwp%2Fv2%2Ftags&post=20362"}],"curies":[{"name":"wp","href":"https:\/\/api.w.org\/{rel}","templated":true}]}}