{"id":19729,"date":"2023-05-11T08:42:53","date_gmt":"2023-05-11T13:42:53","guid":{"rendered":"https:\/\/maghreb-observateur.com\/?p=19729"},"modified":"2023-05-11T10:22:57","modified_gmt":"2023-05-11T15:22:57","slug":"le-quatrieme-congres-international-sur-leconomie-du-desert-encg-dakhla-maroc","status":"publish","type":"post","link":"https:\/\/maghreb-observateur.com\/?p=19729","title":{"rendered":"Le Quatri\u00e8me Congr\u00e8s International sur l&#8217;\u00c9conomie du D\u00e9sert. ENCG, Dakhla, Maroc."},"content":{"rendered":"\n<p><strong>Par Rajae Khaled envoy\u00e9e sp\u00e9ciale et r\u00e9dactrice en chef pour Maghreb Observateur  <\/strong><\/p>\n\n\n\n<figure class=\"wp-block-image size-full\"><a href=\"https:\/\/maghreb-observateur.com\/wp-content\/uploads\/2023\/05\/WhatsApp-Image-2023-05-11-a-10.03.48.jpg\" rel=\"shadowbox[sbpost-19729];player=img;\"><img decoding=\"async\" loading=\"lazy\" width=\"366\" height=\"768\" src=\"https:\/\/maghreb-observateur.com\/wp-content\/uploads\/2023\/05\/WhatsApp-Image-2023-05-11-a-10.03.48.jpg\" alt=\"\" class=\"wp-image-19739\" srcset=\"https:\/\/maghreb-observateur.com\/wp-content\/uploads\/2023\/05\/WhatsApp-Image-2023-05-11-a-10.03.48.jpg 366w, https:\/\/maghreb-observateur.com\/wp-content\/uploads\/2023\/05\/WhatsApp-Image-2023-05-11-a-10.03.48-143x300.jpg 143w\" sizes=\"(max-width: 366px) 100vw, 366px\" \/><\/a><\/figure>\n\n\n\n<p>Maghreb Observateur, Dakhla, le 11 Mai 2023 <\/p>\n\n\n\n<p><strong>&#8220;<\/strong> <strong>La coop\u00e9ration internationale dans la recherche scientifique pour le d\u00e9veloppement du d\u00e9sert et des r\u00e9gions arides.&#8221;<\/strong><\/p>\n\n\n\n<p>La ville de Dakhla, dans le sud du Maroc, accueille la quatri\u00e8me \u00e9dition du Congr\u00e8s International sur l&#8217;Economie du d\u00e9sert, les 11 et 12 mai 2023, sous le th\u00e8me: <strong>&#8221; La coop\u00e9ration internationale dans la recherche scientifique pour le d\u00e9veloppement du d\u00e9sert et des r\u00e9gions arides &#8220;<\/strong>. Le Congr\u00e8s International sur l&#8217;\u00c9conomie du D\u00e9sert &#8211; Dakhla (ICDED) est organis\u00e9 chaque ann\u00e9e par l&#8217;\u00c9cole Nationale de Commerce et de Gestion (ENCG) de Dakhla-Maroc, c\u2019est le pionnier et premier rendez-vous mondial sur le d\u00e9veloppement \u00e9conomique et la recherche scientifique (R&amp;D) des r\u00e9gions arides, du Sahara et du d\u00e9sert, et dont l&#8217;approche est de penser globalement (\u00e0 l&#8217;international) et d&#8217;agir localement.<\/p>\n\n\n\n<p>La finalit\u00e9 du Congr\u00e8s International sur l&#8217;\u00c9conomie du D\u00e9sert \u2013 Dakhla, est d&#8217;\u00eatre une plateforme de recherche scientifique interdisciplinaire&nbsp; sur l&#8217;\u00e9conomie, le management, et le d\u00e9veloppent du d\u00e9sert (d\u00e9veloppement rural), du Sahara et des r\u00e9gions arides (zones arides, semi-arides, hyperarides,&nbsp; s\u00e8ches,&nbsp; oasis et zones rurales \u00e9loign\u00e9es), afin de contribuer efficacement dans la bonne gouvernance et le d\u00e9veloppement durable des r\u00e9gions d\u00e9sertiques, partout dans le monde, en passant par l&#8217;encouragement et la promotion des investissements dans le Sahara et les d\u00e9serts, et en suscitant des rencontres entres toutes les parties prenantes \u00e0 l\u2019\u00e9chelle mondiale: Universitaires, professionnels, d\u00e9cideurs politiques, soci\u00e9t\u00e9 civile et les ONG,&nbsp; en vue de favoriser le dialogue, le partenariat et la coop\u00e9ration entre les pays d\u00e9sertiques : l\u2019Afrique et les pays du Golfe (MENA et Sahel &#8230;), les \u00c9tats-Unis d&#8217;Am\u00e9rique, l&#8217;Australie, la Chine,&nbsp; l\u2019Inde, l\u2019Am\u00e9rique du Sud\u2026, dans le but de valoriser et de promouvoir la connaissance du d\u00e9sert et les conclusions et recommandations des \u00e9tudes et conf\u00e9rences qui y sont en relation, et de cr\u00e9er un environnement propice d\u2019\u00e9change d\u2019exp\u00e9riences, d\u2019expertise, de formations, de pratiques p\u00e9dagogiques et d&#8217;innovation,&nbsp; autour des th\u00e8mes relevant de l\u2019\u00e9conomie du d\u00e9sert et du management des r\u00e9gions arides, tels que L&#8217;industrie et l\u2019\u00e9conomie du tourisme et du voyage; \u00c9conomie, gestion et production de l&#8217;\u00e9levage; L\u2019agriculture, l&#8217;aquaculture et l\u2019\u00e9conomie agricole (l\u2019\u00e9conomie rurale); L&#8217;\u00e9conomie de l&#8217;eau, la s\u00e9cheresse et la gestion de la raret\u00e9 de l&#8217;eau; Les \u00e9nergies renouvelables, l\u2019\u00e9conomie de l&#8217;\u00e9nergie et la gestion de l&#8217;\u00e9nergie; Les mines et la gestion des ressources naturelles; L\u2019\u00c9conomie des phosphates et l&#8217;industrie des engrais phosphat\u00e9s; Le transport et la logistique; La p\u00eache maritime, l&#8217;\u00e9conomie de la mer et l&#8217;\u00e9conomie (bleue) oc\u00e9anique; L&#8217;industrie spatiale et l&#8217;\u00e9conomie de l&#8217;espace; La technologie et l\u2019innovation;&nbsp; Les sports nautiques et loisirs, l&#8217;\u00e9conomie et la gestion du sport (management du sport); Les industries culturelles et cr\u00e9atives, le patrimoine culturel, mat\u00e9riel et immat\u00e9riel;&nbsp; Conservation et gestion de la nature, de l&#8217;environnement, de la biodiversit\u00e9 et des zones humides\u2026 Ainsi chaque ann\u00e9e une \u00e9dition sera organis\u00e9e.<\/p>\n\n\n\n<figure class=\"wp-block-image size-large\"><a href=\"https:\/\/maghreb-observateur.com\/wp-content\/uploads\/2023\/05\/WhatsApp-Image-2023-05-11-a-09.34.47.jpg\" rel=\"shadowbox[sbpost-19729];player=img;\"><img decoding=\"async\" loading=\"lazy\" width=\"1024\" height=\"768\" src=\"https:\/\/maghreb-observateur.com\/wp-content\/uploads\/2023\/05\/WhatsApp-Image-2023-05-11-a-09.34.47-1024x768.jpg\" alt=\"\" class=\"wp-image-19731\" srcset=\"https:\/\/maghreb-observateur.com\/wp-content\/uploads\/2023\/05\/WhatsApp-Image-2023-05-11-a-09.34.47-1024x768.jpg 1024w, https:\/\/maghreb-observateur.com\/wp-content\/uploads\/2023\/05\/WhatsApp-Image-2023-05-11-a-09.34.47-300x225.jpg 300w, https:\/\/maghreb-observateur.com\/wp-content\/uploads\/2023\/05\/WhatsApp-Image-2023-05-11-a-09.34.47-768x576.jpg 768w, https:\/\/maghreb-observateur.com\/wp-content\/uploads\/2023\/05\/WhatsApp-Image-2023-05-11-a-09.34.47.jpg 1280w\" sizes=\"(max-width: 1024px) 100vw, 1024px\" \/><\/a><\/figure>\n\n\n\n<p>Cette manifestation scientifique internationale rentre dans le contexte de l\u2019engagement d\u00e9termin\u00e9 et de la responsabilit\u00e9 que le Maroc a envers sa profondeur Africaine. Ledit engagement est \u00e9dict\u00e9 par des liens historiques, g\u00e9ographiques et culturels et se concr\u00e9tise surtout dans les provinces du Sud du Maroc, qui constituent un trait d&#8217;union&nbsp; entre le Maroc et l\u2019Afrique subsaharienne. Malgr\u00e9 que ces provinces marocaines se situent en plein d\u00e9sert, elles ont connu un progr\u00e8s consid\u00e9rable, en un temps record, gr\u00e2ce \u00e0 la mise en place d\u2019un certain nombre de strat\u00e9gies de d\u00e9veloppement adapt\u00e9es aux r\u00e9gions sahariennes, dont notamment le nouveau mod\u00e8le de d\u00e9veloppement des provinces du Sud du Maroc.<\/p>\n\n\n\n<p>Gr\u00e2ce aux coop\u00e9rations multilat\u00e9rales africaines et internationales, les d\u00e9serts et les zones arides du monde entier, notamment en Afrique (Sahara et Sahel), avec leurs vastes c\u00f4tes naturelles et leurs riches fa\u00e7ades maritimes, sont un atelier ouvert et une sc\u00e8ne de m\u00e9gaprojets transsahariens et d&#8217;infrastructures substantiels : Le projet Desertec (\u00c9nergie propre et renouvelable), l&#8217;Initiative de la Grande Muraille Verte pour le Sahara et le Sahel (Verdir le Sahara et lutter contre la d\u00e9sertification), le Gazoduc Maroc \u2013 Nigeria, le projet \u00abTrans Africa Pipeline, TAP\u00bb (l&#8217;Eau), le projet \u00abPort Dakhla Atlantique \u00bb, l&#8217;Initiative \u00abPower Africa\u00bb, l&#8217;Initiative \u00abDesert to Power\u00bb ..<\/p>\n\n\n\n<p>Selon le professeur Elouali Aailal, le pr\u00e9sident fondateur de ce congr\u00e8s, cette quatri\u00e8me \u00e9dition verra une participation tr\u00e8s distingu\u00e9e en termes de qualit\u00e9 scientifique et professionnelle des participants et des membres du comit\u00e9 scientifique, de leurs universit\u00e9s prestigieuses, affiliations et instituts de recherche sur les d\u00e9serts et les r\u00e9gions arides, leurs nationalit\u00e9s de tous les continents, et de l&#8217;importance des sujets et des th\u00e8mes qui seront abord\u00e9es.<\/p>\n\n\n\n<figure class=\"wp-block-image size-large\"><a href=\"https:\/\/maghreb-observateur.com\/wp-content\/uploads\/2023\/05\/WhatsApp-Image-2023-05-11-a-09.39.56.jpg\" rel=\"shadowbox[sbpost-19729];player=img;\"><img decoding=\"async\" loading=\"lazy\" width=\"1024\" height=\"768\" src=\"https:\/\/maghreb-observateur.com\/wp-content\/uploads\/2023\/05\/WhatsApp-Image-2023-05-11-a-09.39.56-1024x768.jpg\" alt=\"\" class=\"wp-image-19734\" srcset=\"https:\/\/maghreb-observateur.com\/wp-content\/uploads\/2023\/05\/WhatsApp-Image-2023-05-11-a-09.39.56-1024x768.jpg 1024w, https:\/\/maghreb-observateur.com\/wp-content\/uploads\/2023\/05\/WhatsApp-Image-2023-05-11-a-09.39.56-300x225.jpg 300w, https:\/\/maghreb-observateur.com\/wp-content\/uploads\/2023\/05\/WhatsApp-Image-2023-05-11-a-09.39.56-768x576.jpg 768w, https:\/\/maghreb-observateur.com\/wp-content\/uploads\/2023\/05\/WhatsApp-Image-2023-05-11-a-09.39.56.jpg 1280w\" sizes=\"(max-width: 1024px) 100vw, 1024px\" \/><\/a><\/figure>\n\n\n\n<p><\/p>\n","protected":false},"excerpt":{"rendered":"<p>Par Rajae Khaled envoy\u00e9e sp\u00e9ciale et r\u00e9dactrice en chef pour Maghreb Observateur Maghreb Observateur, Dakhla, le 11 Mai 2023 &#8220; La coop\u00e9ration internationale dans la recherche scientifique pour le d\u00e9veloppement&hellip; <\/p>\n","protected":false},"author":87,"featured_media":19734,"comment_status":"open","ping_status":"closed","sticky":false,"template":"","format":"standard","meta":{"_bbp_topic_count":0,"_bbp_reply_count":0,"_bbp_total_topic_count":0,"_bbp_total_reply_count":0,"_bbp_voice_count":0,"_bbp_anonymous_reply_count":0,"_bbp_topic_count_hidden":0,"_bbp_reply_count_hidden":0,"_bbp_forum_subforum_count":0,"ngg_post_thumbnail":0},"categories":[193,112,103],"tags":[],"_links":{"self":[{"href":"https:\/\/maghreb-observateur.com\/index.php?rest_route=\/wp\/v2\/posts\/19729"}],"collection":[{"href":"https:\/\/maghreb-observateur.com\/index.php?rest_route=\/wp\/v2\/posts"}],"about":[{"href":"https:\/\/maghreb-observateur.com\/index.php?rest_route=\/wp\/v2\/types\/post"}],"author":[{"embeddable":true,"href":"https:\/\/maghreb-observateur.com\/index.php?rest_route=\/wp\/v2\/users\/87"}],"replies":[{"embeddable":true,"href":"https:\/\/maghreb-observateur.com\/index.php?rest_route=%2Fwp%2Fv2%2Fcomments&post=19729"}],"version-history":[{"count":4,"href":"https:\/\/maghreb-observateur.com\/index.php?rest_route=\/wp\/v2\/posts\/19729\/revisions"}],"predecessor-version":[{"id":19746,"href":"https:\/\/maghreb-observateur.com\/index.php?rest_route=\/wp\/v2\/posts\/19729\/revisions\/19746"}],"wp:featuredmedia":[{"embeddable":true,"href":"https:\/\/maghreb-observateur.com\/index.php?rest_route=\/wp\/v2\/media\/19734"}],"wp:attachment":[{"href":"https:\/\/maghreb-observateur.com\/index.php?rest_route=%2Fwp%2Fv2%2Fmedia&parent=19729"}],"wp:term":[{"taxonomy":"category","embeddable":true,"href":"https:\/\/maghreb-observateur.com\/index.php?rest_route=%2Fwp%2Fv2%2Fcategories&post=19729"},{"taxonomy":"post_tag","embeddable":true,"href":"https:\/\/maghreb-observateur.com\/index.php?rest_route=%2Fwp%2Fv2%2Ftags&post=19729"}],"curies":[{"name":"wp","href":"https:\/\/api.w.org\/{rel}","templated":true}]}}