{"id":18751,"date":"2023-04-02T10:52:28","date_gmt":"2023-04-02T15:52:28","guid":{"rendered":"https:\/\/maghreb-observateur.com\/?p=18751"},"modified":"2023-04-03T02:14:55","modified_gmt":"2023-04-03T07:14:55","slug":"jeune-du-ramadan-et-maladies-de-lappareil-digestif-entrevue-avec-dr-benhayoun-mohamed-kamal-hepato-gastro-enterologue","status":"publish","type":"post","link":"https:\/\/maghreb-observateur.com\/?p=18751","title":{"rendered":"Je\u00fbne du Ramadan et maladies de l&#8217;Appareil Digestif entrevue avec Dr Benhayoun Mohamed Kamal, H\u00e9pato gastro-ent\u00e9rologue"},"content":{"rendered":"\n<figure class=\"wp-block-image size-large\"><a href=\"https:\/\/maghreb-observateur.com\/wp-content\/uploads\/2023\/04\/image-8.png\" rel=\"shadowbox[sbpost-18751];player=img;\"><img decoding=\"async\" loading=\"lazy\" width=\"1024\" height=\"576\" src=\"https:\/\/maghreb-observateur.com\/wp-content\/uploads\/2023\/04\/image-8-1024x576.png\" alt=\"\" class=\"wp-image-18752\" srcset=\"https:\/\/maghreb-observateur.com\/wp-content\/uploads\/2023\/04\/image-8-1024x576.png 1024w, https:\/\/maghreb-observateur.com\/wp-content\/uploads\/2023\/04\/image-8-300x169.png 300w, https:\/\/maghreb-observateur.com\/wp-content\/uploads\/2023\/04\/image-8-768x432.png 768w, https:\/\/maghreb-observateur.com\/wp-content\/uploads\/2023\/04\/image-8.png 1280w\" sizes=\"(max-width: 1024px) 100vw, 1024px\" \/><\/a><\/figure>\n\n\n\n<p> Par: <strong>Ouardirhi Abdelaziz<br><\/strong><\/p>\n\n\n\n<p><strong>Pendant le mois sacr\u00e9 de ramadan, nos habitudes alimentaires et notre rythme de vie sont modifi\u00e9s. Cette situation met l&#8217;organisme en d\u00e9phasage total avec ses param\u00e8tres d\u2019\u00e9quilibre habituels. Les changements dans les habitudes culinaires, le sommeil, les relations sociales et les horaires de travail peuvent causer des troubles, notamment des troubles digestifs, qui sont une raison courante de consultations m\u00e9dicales pendant cette p\u00e9riode.<br>Afin de mieux comprendre ce sujet, nous avons rencontr\u00e9 le Docteur Benhayoun Mohamed Kamal, sp\u00e9cialiste des maladies du foie et de l\u2019appareil digestif, pour \u00e9clairer nos lecteurs sur un certain nombre de questions.<br>Quelles sont les maladies digestives les plus fr\u00e9quentes durant le mois de ramadan ?<\/strong><br>De prime abord, on peut s\u00e9parer les troubles en rapport avec le tube digestif : \u0153sophage, estomac ou intestins, de ceux en rapport avec le foie.<br>D\u2019un autre c\u00f4t\u00e9, la fr\u00e9quence de certaines maladies, notamment l\u2019ulc\u00e8re gastroduod\u00e9nal et ses complications h\u00e9morragies digestives ou perforation, a nettement diminu\u00e9e du fait de l\u2019\u00e9volution des traitements et la d\u00e9couverte de cette fameuses bact\u00e9rie, l\u2019Helicobacter pylori, et aussi en raison d\u2019un meilleur acc\u00e8s aux soins et la couverture par l\u2019assurance maladie obligatoire, l\u2019AMO.<br>Enfin, le respect ou non des bases et des objectifs d\u2019un je\u00fbne correct conditionne l\u2019apparition,<br>la d\u00e9gradation ou l\u2019am\u00e9lioration de certains troubles notamment le reflux gastro-\u0153sophagien et la dyspepsie.<br>En effet, Il y\u2019a quelques ann\u00e9es, les services des urgences m\u00e9dicales se mettaient en \u00e9tat d\u2019alerte avec l\u2019arriv\u00e9e du Ramadan pour faire face \u00e0 l\u2019afflux de malades en \u00e9tat de choc pour h\u00e9morragie digestive ou perforation compliquant un ulc\u00e8re gastroduod\u00e9nal jusque-l\u00e0 m\u00e9connu ou mal trait\u00e9. Actuellement, l\u2019ulc\u00e8re gastroduod\u00e9nal ou ses complications a pratiquement disparu de nos consultations ou des urgences et les jeunes chirurgiens ne connaissement plus cette pathologie.<br>La raison est bien simple. L\u2019acidit\u00e9 de l\u2019estomac est neutralis\u00e9e par l\u2019alimentation. A d\u00e9faut de celle-ci pendant le je\u00fbne, en pr\u00e9sence de l\u2019Helicobacter pylori et\/ou d\u2019autres facteurs comme le tabac, l\u2019ulc\u00e8re apparait et peut se compliquer lorsqu\u2019il est mal ou non trait\u00e9. Ainsi, lorsqu\u2019il y a un ant\u00e9c\u00e9dent d\u2019ulc\u00e8re ou d\u2019autres facteurs de risque comme le tabac, il est fortement conseill\u00e9 d\u2019aller consulter son m\u00e9decin pour prendre les mesures pr\u00e9ventives n\u00e9cessaires et ad\u00e9quates.<br><strong>Qu&#8217;en est-il des autres affections ?<\/strong><br>En dehors de la maladie ulc\u00e9reuse et ses complications, un certain nombre de troubles digestifs, \u00e9tiquet\u00e9s troubles fonctionnels, peuvent apparaitre ou s\u2019accentuer pendant le ramadan. Parmi eux le reflux gastro-\u0153sophagien ou remont\u00e9e de l\u2019acidit\u00e9 de l\u2019estomac vers l\u2019\u0153sophage et la dyspepsie ou trouble de l\u2019\u00e9vacuation de l\u2019estomac. Ces troubles fonctionnels qui se traduisent par des br\u00fblures derri\u00e8re le sternum, des r\u00f4ts, \u00e9ructations et parfois des naus\u00e9es, une sensation d\u2019inconfort digestif avec douleur et lourdeur gastrique, peuvent \u00eatre am\u00e9lior\u00e9s pendant la journ\u00e9e du fait du je\u00fbne, mais se manifestent essentiellement le soir ou la nuit suite \u00e0 l\u2019ingestion d\u2019une grande quantit\u00e9 d\u2019aliments en peu de temps et en qualit\u00e9 ne favorisant pas la bonne digestion, en plus des horaires des repas souvent tardifs et le peu de sommeil qui sont tous des facteurs de mauvaise digestion et du reflux. Il en d\u00e9coule que la pr\u00e9vention de ces troubles fonctionnels repose sur une bonne hygi\u00e8ne alimentaire et l\u2019\u00e9viction de ces facteurs de mauvaise digestion.<br><strong>Que pouvez-vous nous dire au sujet du syndrome de l&#8217;intestin irritable ?<\/strong><br>Le syndrome de l&#8217;intestin irritable, commun\u00e9ment appel\u00e9 aussi colopathie fonctionnelle, est aussi un trouble fonctionnel dans le sens o\u00f9 il n\u2019y a pas d\u2019atteinte organique de l&#8217;intestin. Ce syndrome est fr\u00e9quent pendant le ramadan pour les m\u00eames raisons pr\u00e9c\u00e9demment d\u00e9crites. Il est fait d\u2019un ensemble de manifestations \u00e0 type de douleurs ou d\u2019endolorissement de l\u2019abdomen, de ballonnement ou distension de l\u2019abdomen souvent soulag\u00e9s par l\u2019\u00e9mission de gaz, de troubles du transit \u00e0 type de constipation ou de diarrh\u00e9e. Bien \u00e9videmment le caract\u00e8re fonctionnel ne peut \u00eatre retenu que lorsque toute cause organique est \u00e9limin\u00e9e par l\u2019absence de signes suspects comme un amaigrissement, un saignement ou une an\u00e9mie. D\u2019o\u00f9 l\u2019int\u00e9r\u00eat encore une fois de consulter le m\u00e9decin pour \u00e9viter les erreurs d\u2019appr\u00e9ciation.<br>Le je\u00fbne avec moins de boissons hydriques entraine souvent une constipation ou l\u2019aggrave lorsqu\u2019elle est pr\u00e9existante. Cette constipation est souvent \u00e0 l\u2019origine de douleurs et de saignement au niveau de la r\u00e9gion anale en rapport avec une fissure anale. D\u2019o\u00f9 l\u2019int\u00e9r\u00eat de boire suffisamment apr\u00e8s la rupture du je\u00fbne.<br><strong>Et s&#8217;agissant des maladies du foie ?<\/strong><br>En ce qui concerne les maladies du foie, qu\u2019il s\u2019agisse de cirrhoses, d\u2019h\u00e9patites chroniques virales B ou C, pour ne citer que ces causes fr\u00e9quemment rencontr\u00e9es. Il faut distinguer deux situations : lorsque la maladie du foie est stable et parfaitement contr\u00f4l\u00e9e, cette situation est parfaitement compatible avec le je\u00fbne qui ne retentit aucunement sur leur \u00e9volution. En revanche, lorsque la maladie du foie est \u00abd\u00e9compens\u00e9e \u00bb c\u2019est-\u00e0-dire avec des complications ou sous traitements particuliers, la d\u00e9cision de je\u00fbner ou pas revient au m\u00e9decin qui connait mieux l\u2019histoire m\u00e9dicale et l\u2019\u00e9tat pr\u00e9cis de son patient.<br>Permettez-moi de vous remercier pour cet entretien et de conclure en disant que le je\u00fbne est une opportunit\u00e9 r\u00e9elle pour prendre soin de sa sant\u00e9, en adoptant de bonnes mesures d\u2019hygi\u00e8ne alimentaire, physique et sociale. Une alimentation \u00e9quilibr\u00e9e en quantit\u00e9 et en qualit\u00e9, riche en fibres, avec de boissons hydriques suffisantes, une activit\u00e9 physique contr\u00f4l\u00e9e, en \u00e9vitant les veill\u00e9es nocturnes inutiles, et une consultation de son m\u00e9decin traitant pour tout conseil ou au moindre doute car \u00ab vaut mieux pr\u00e9venir que gu\u00e9rir \u00bb.<br>Nous tenons \u00e0 remercier le Docteur Benhayoun Mohamed Kamal qui a bien voulu r\u00e9pondre \u00e0 nos questions.<\/p>\n\n\n\n<p>Source : Publi\u00e9 dans Albayane<\/p>\n","protected":false},"excerpt":{"rendered":"<p>Par: Ouardirhi Abdelaziz Pendant le mois sacr\u00e9 de ramadan, nos habitudes alimentaires et notre rythme de vie sont modifi\u00e9s. Cette situation met l&#8217;organisme en d\u00e9phasage total avec ses param\u00e8tres d\u2019\u00e9quilibre&hellip; <\/p>\n","protected":false},"author":87,"featured_media":18752,"comment_status":"open","ping_status":"closed","sticky":false,"template":"","format":"standard","meta":{"_bbp_topic_count":0,"_bbp_reply_count":0,"_bbp_total_topic_count":0,"_bbp_total_reply_count":0,"_bbp_voice_count":0,"_bbp_anonymous_reply_count":0,"_bbp_topic_count_hidden":0,"_bbp_reply_count_hidden":0,"_bbp_forum_subforum_count":0,"ngg_post_thumbnail":0},"categories":[99,193,255],"tags":[],"_links":{"self":[{"href":"https:\/\/maghreb-observateur.com\/index.php?rest_route=\/wp\/v2\/posts\/18751"}],"collection":[{"href":"https:\/\/maghreb-observateur.com\/index.php?rest_route=\/wp\/v2\/posts"}],"about":[{"href":"https:\/\/maghreb-observateur.com\/index.php?rest_route=\/wp\/v2\/types\/post"}],"author":[{"embeddable":true,"href":"https:\/\/maghreb-observateur.com\/index.php?rest_route=\/wp\/v2\/users\/87"}],"replies":[{"embeddable":true,"href":"https:\/\/maghreb-observateur.com\/index.php?rest_route=%2Fwp%2Fv2%2Fcomments&post=18751"}],"version-history":[{"count":3,"href":"https:\/\/maghreb-observateur.com\/index.php?rest_route=\/wp\/v2\/posts\/18751\/revisions"}],"predecessor-version":[{"id":18759,"href":"https:\/\/maghreb-observateur.com\/index.php?rest_route=\/wp\/v2\/posts\/18751\/revisions\/18759"}],"wp:featuredmedia":[{"embeddable":true,"href":"https:\/\/maghreb-observateur.com\/index.php?rest_route=\/wp\/v2\/media\/18752"}],"wp:attachment":[{"href":"https:\/\/maghreb-observateur.com\/index.php?rest_route=%2Fwp%2Fv2%2Fmedia&parent=18751"}],"wp:term":[{"taxonomy":"category","embeddable":true,"href":"https:\/\/maghreb-observateur.com\/index.php?rest_route=%2Fwp%2Fv2%2Fcategories&post=18751"},{"taxonomy":"post_tag","embeddable":true,"href":"https:\/\/maghreb-observateur.com\/index.php?rest_route=%2Fwp%2Fv2%2Ftags&post=18751"}],"curies":[{"name":"wp","href":"https:\/\/api.w.org\/{rel}","templated":true}]}}