{"id":18634,"date":"2023-03-30T10:17:18","date_gmt":"2023-03-30T15:17:18","guid":{"rendered":"https:\/\/maghreb-observateur.com\/?p=18634"},"modified":"2023-03-30T10:17:19","modified_gmt":"2023-03-30T15:17:19","slug":"aicha-ech-chenna-la-mere-courage-ou-encore-la-mere-theresa-marocaine","status":"publish","type":"post","link":"https:\/\/maghreb-observateur.com\/?p=18634","title":{"rendered":"A\u00efcha Ech-Chenna la \u00ab\u00a0m\u00e8re courage\u00a0\u00bb ou encore   \u00abla m\u00e8re Th\u00e9r\u00e8sa Marocaine\u00bb"},"content":{"rendered":"\n<figure class=\"wp-block-image size-full\"><a href=\"https:\/\/maghreb-observateur.com\/wp-content\/uploads\/2023\/03\/image-158.png\" rel=\"shadowbox[sbpost-18634];player=img;\"><img decoding=\"async\" src=\"https:\/\/maghreb-observateur.com\/wp-content\/uploads\/2023\/03\/image-158.png\" alt=\"\" class=\"wp-image-18641\"\/><\/a><\/figure>\n\n\n\n<p>Le sort des m\u00e8res c\u00e9libataires et de leurs enfants \u00e9tait au c\u0153ur du combat de la militante, pr\u00e9sidente fondatrice de l\u2019association Solidarit\u00e9 f\u00e9minine.<\/p>\n\n\n\n<p>A\u00efcha Ech-Chenna n\u2019avait pas peur des mots. Elle est l\u2019une des rares Marocaines \u00e0 avoir os\u00e9 briser l\u2019hypocrisie autour des sujets de soci\u00e9t\u00e9 les plus tabous\u00a0: sexualit\u00e9, avortement, viol, inceste, prostitution\u2026 A\u00efcha Ech-Chenna n\u2019en taisait aucun. Surnomm\u00e9e <em>\u00ab\u00a0la m\u00e8re Teresa du Maroc\u00a0\u00bb<\/em>, cette figure du combat pour les droits des femmes, qui s\u2019est distingu\u00e9e par son courage et son franc-parler, s\u2019\u00e9tait \u00e9teinte \u00e0 81\u00a0ans.<\/p>\n\n\n\n<p>Pr\u00e9sidente fondatrice de l\u2019association Solidarit\u00e9 f\u00e9minine, qui \u0153uvre pour les m\u00e8res c\u00e9libataires et leurs enfants, A\u00efcha Ech-Chenna a lutt\u00e9 pendant plus de cinquante ans pour d\u00e9fendre les m\u00e8res c\u00e9libataires, dans un pays o\u00f9 les relations extraconjugales sont passibles de prison ferme et l\u2019avortement interdit, et pour la reconnaissance des enfants n\u00e9s hors mariage, longtemps priv\u00e9s d\u2019\u00e9tat civil. Lire aussi.<\/p>\n\n\n\n<p>\u00ab\u00a0Lalla A\u00efcha\u00a0\u00bb [\u00ab\u00a0M<sup>me<\/sup> A\u00efcha\u00a0\u00bb] laisse derri\u00e8re elle le souvenir d\u2019une femme d\u2019action, d\u00e9termin\u00e9e, qui se d\u00e9finissait comme humaniste plut\u00f4t que f\u00e9ministe. Sa disparition avait suscit\u00e9 une pluie d\u2019hommages. <em>\u00ab\u00a0Tr\u00e8s t\u00f4t, tu as combattu les violences, celles des traditions, celles des lois et celles des obscurantistes qui ont essay\u00e9 par tous les moyens d\u2019obstruer ton chemin, celui de la libert\u00e9, de la solidarit\u00e9\u00a0\u00bb, <\/em>a \u00e9crit sur son compte Facebook la diplomate et militante pour les droits des femmes A\u00efcha Belarbi. <em>\u00ab\u00a0Tu as pass\u00e9 ta vie \u00e0 nous montrer la voie. Merci\u00a0\u00bb,<\/em> avait pr\u00e9cis\u00e9 Jamel Debbouze sur Instagram<em>.<\/em><\/p>\n\n\n\n<p>N\u00e9e \u00e0 Casablanca, en&nbsp;1941, A\u00efcha Ech-Chenna entreprend des \u00e9tudes d\u2019infirmi\u00e8re avant de travailler comme animatrice d\u2019\u00e9ducation sanitaire et sociale \u00e0 l\u2019\u00e2ge de 17&nbsp;ans. Elle y d\u00e9couvre la r\u00e9alit\u00e9 des enfants n\u00e9s hors mariage \u2013 ils sont environ 50&nbsp;000&nbsp;chaque ann\u00e9e, selon certaines estimations \u2013 et le calvaire des m\u00e8res c\u00e9libataires. Confront\u00e9es au code p\u00e9nal mais aussi au rejet de la famille et de la soci\u00e9t\u00e9, ces femmes n\u2019ont d\u2019autre choix que d\u2019avorter clandestinement ou d\u2019abandonner leur b\u00e9b\u00e9.<\/p>\n\n\n\n<h2 class=\"wp-block-heading\">\u00ab&nbsp;Une h\u00e9ro\u00efne tranquille&nbsp;\u00bb<\/h2>\n\n\n\n<p>A\u00efcha Ech-Chenna fonde l\u2019association en&nbsp;1985. Elle y accueille des m\u00e8res c\u00e9libataires, leur apprend \u00e0 lire, les forme \u00e0 divers m\u00e9tiers, notamment dans la restauration. <em>\u00ab&nbsp;Il en fallait du courage pour d\u00e9cider, en&nbsp;1985, de se consacrer aux m\u00e8res c\u00e9libataires et \u00e0 leurs enfants. Elle leur a cr\u00e9\u00e9 les conditions pour vivre dignement et avoir les moyens d\u2019\u00e9lever leurs enfants&nbsp;\u00bb, <\/em>souligne Hakima Himmich, pr\u00e9sidente de Coalition PLUS, un r\u00e9seau international de lutte contre le sida et les h\u00e9patites.<\/p>\n\n\n\n<p>En&nbsp;1996, la militante publie <em>Miseria<\/em>, un recueil d\u2019histoires poignantes, qui livre le t\u00e9moignage cru d\u2019enfants et d\u2019adolescents, de petites bonnes, de filles m\u00e8res ou de fugueurs. <em>\u00ab&nbsp;C\u2019\u00e9tait une militante d\u2019une extraordinaire intelligence, pragmatique, sans peur et sans honte. Elle a ouvert les yeux de la soci\u00e9t\u00e9 sur le sort des invisibles, des marginaux et, au fond, elle \u00e9tait plus en accord que bien d\u2019autres avec le sens de l\u2019islam et la culture marocaine, <\/em>raconte Le\u00efla Slimani. <em>Pour beaucoup de Marocaines, elle \u00e9tait une figure \u00e0 part, une h\u00e9ro\u00efne tranquille.&nbsp;\u00bb<\/em> <\/p>\n\n\n\n<p>D\u00e9cor\u00e9e par le roi Mohammed VI en&nbsp;2000 et r\u00e9compens\u00e9e de nombreux prix internationaux, notamment la L\u00e9gion d\u2019honneur fran\u00e7aise, en&nbsp;2013, la \u00ab&nbsp;m\u00e8re courage&nbsp;\u00bb, son autre surnom, a inspir\u00e9 toute une g\u00e9n\u00e9ration de femmes, au Maroc et au-del\u00e0. <em>\u00ab&nbsp;A\u00efcha Ech-Chenna m\u00e9rite le prix Nobel de la paix&nbsp;\u00bb,<\/em> avait estim\u00e9 Jean-Marie Gustave Le Cl\u00e9zio, Prix Nobel de litt\u00e9rature, dans un entretien au <em>Monde<\/em> en&nbsp;2014.<\/p>\n\n\n\n<p>Mais ses prises de position lui ont aussi valu les menaces et les lettres d\u2019insultes des milieux conservateurs. <em>\u00ab&nbsp;J\u2019ai sacrifi\u00e9 ma vie pour ce combat, c\u2019est dur, je souffre beaucoup, mais je continue&nbsp;\u00bb,<\/em> avait-elle d\u00e9clar\u00e9 au <em>Monde <\/em>en&nbsp;2017. Durant ses derni\u00e8res ann\u00e9es, A\u00efcha Ech-Chenna milite pour imposer un programme d\u2019\u00e9ducation sexuelle \u00e0 l\u2019\u00e9cole, en vain. Militante infatigable, elle s\u2019est exprim\u00e9e jusqu\u2019\u00e0 son dernier souffle, revendiquant l\u2019abrogation de certains articles de loi jug\u00e9s liberticides. Lire aussi.<\/p>\n\n\n\n<p>Sous la pression de certaines femmes politiques et de militantes associatives telles qu\u2019A\u00efcha Ech-Chenna, le code de la famille a \u00e9t\u00e9 r\u00e9form\u00e9 en&nbsp;2004, autorisant notamment les m\u00e8res c\u00e9libataires \u00e0 choisir un nom pour leur enfant \u2013 jusqu\u2019alors, la loi marocaine emp\u00eachait les enfants n\u00e9s hors mariage d\u2019avoir un nom de famille sans l\u2019autorisation du p\u00e8re. Mais, malgr\u00e9 ces avanc\u00e9es, de nombreux blocages subsistent. Alors que le d\u00e9c\u00e8s d\u2019une adolescente de 15&nbsp;ans lors d\u2019un avortement clandestin, d\u00e9but septembre, a raviv\u00e9 le d\u00e9bat pour un assouplissement de la l\u00e9gislation, les militantes appellent \u00e0 reprendre le flambeau.<\/p>\n","protected":false},"excerpt":{"rendered":"<p>Le sort des m\u00e8res c\u00e9libataires et de leurs enfants \u00e9tait au c\u0153ur du combat de la militante, pr\u00e9sidente fondatrice de l\u2019association Solidarit\u00e9 f\u00e9minine. A\u00efcha Ech-Chenna n\u2019avait pas peur des mots.&hellip; <\/p>\n","protected":false},"author":87,"featured_media":0,"comment_status":"open","ping_status":"closed","sticky":false,"template":"","format":"standard","meta":{"_bbp_topic_count":0,"_bbp_reply_count":0,"_bbp_total_topic_count":0,"_bbp_total_reply_count":0,"_bbp_voice_count":0,"_bbp_anonymous_reply_count":0,"_bbp_topic_count_hidden":0,"_bbp_reply_count_hidden":0,"_bbp_forum_subforum_count":0,"ngg_post_thumbnail":0},"categories":[108,103,207],"tags":[],"_links":{"self":[{"href":"https:\/\/maghreb-observateur.com\/index.php?rest_route=\/wp\/v2\/posts\/18634"}],"collection":[{"href":"https:\/\/maghreb-observateur.com\/index.php?rest_route=\/wp\/v2\/posts"}],"about":[{"href":"https:\/\/maghreb-observateur.com\/index.php?rest_route=\/wp\/v2\/types\/post"}],"author":[{"embeddable":true,"href":"https:\/\/maghreb-observateur.com\/index.php?rest_route=\/wp\/v2\/users\/87"}],"replies":[{"embeddable":true,"href":"https:\/\/maghreb-observateur.com\/index.php?rest_route=%2Fwp%2Fv2%2Fcomments&post=18634"}],"version-history":[{"count":2,"href":"https:\/\/maghreb-observateur.com\/index.php?rest_route=\/wp\/v2\/posts\/18634\/revisions"}],"predecessor-version":[{"id":18642,"href":"https:\/\/maghreb-observateur.com\/index.php?rest_route=\/wp\/v2\/posts\/18634\/revisions\/18642"}],"wp:attachment":[{"href":"https:\/\/maghreb-observateur.com\/index.php?rest_route=%2Fwp%2Fv2%2Fmedia&parent=18634"}],"wp:term":[{"taxonomy":"category","embeddable":true,"href":"https:\/\/maghreb-observateur.com\/index.php?rest_route=%2Fwp%2Fv2%2Fcategories&post=18634"},{"taxonomy":"post_tag","embeddable":true,"href":"https:\/\/maghreb-observateur.com\/index.php?rest_route=%2Fwp%2Fv2%2Ftags&post=18634"}],"curies":[{"name":"wp","href":"https:\/\/api.w.org\/{rel}","templated":true}]}}