{"id":18586,"date":"2023-03-28T11:56:02","date_gmt":"2023-03-28T16:56:02","guid":{"rendered":"https:\/\/maghreb-observateur.com\/?p=18586"},"modified":"2023-03-29T07:38:32","modified_gmt":"2023-03-29T12:38:32","slug":"jawad-kerdoudi-chroniqueur-au-maghreb-observateur","status":"publish","type":"post","link":"https:\/\/maghreb-observateur.com\/?p=18586","title":{"rendered":"Jawad Kerdoudi chroniqueur au Maghreb Observateur."},"content":{"rendered":"\n<figure class=\"wp-block-image size-large\"><a href=\"https:\/\/maghreb-observateur.com\/wp-content\/uploads\/2023\/01\/Kerdoudi-9.jpg\" rel=\"shadowbox[sbpost-18586];player=img;\"><img decoding=\"async\" loading=\"lazy\" width=\"692\" height=\"1024\" src=\"https:\/\/maghreb-observateur.com\/wp-content\/uploads\/2023\/01\/Kerdoudi-9-692x1024.jpg\" alt=\"\" class=\"wp-image-17408\" srcset=\"https:\/\/maghreb-observateur.com\/wp-content\/uploads\/2023\/01\/Kerdoudi-9-692x1024.jpg 692w, https:\/\/maghreb-observateur.com\/wp-content\/uploads\/2023\/01\/Kerdoudi-9-203x300.jpg 203w, https:\/\/maghreb-observateur.com\/wp-content\/uploads\/2023\/01\/Kerdoudi-9-768x1137.jpg 768w, https:\/\/maghreb-observateur.com\/wp-content\/uploads\/2023\/01\/Kerdoudi-9-1038x1536.jpg 1038w, https:\/\/maghreb-observateur.com\/wp-content\/uploads\/2023\/01\/Kerdoudi-9.jpg 1228w\" sizes=\"(max-width: 692px) 100vw, 692px\" \/><\/a><figcaption class=\"wp-element-caption\">Jawad Kerdoudi <\/figcaption><\/figure>\n\n\n\n<p>F\u00e8s, le 28 Mars 2023. Maghreb Observateur.<\/p>\n\n\n\n<p>La direction de Maghreb Observateur(MO) est fier de compter parmi ses chroniqueurs, un \u00e9conomiste de marque et de notori\u00e9t\u00e9 Mr Jawad Kerdoudi. Il enrichiT d\u00e9j\u00e0 (M observ) depuis quelques mois de ses nombreux et pertinents sujets nationaux et internationaux. <\/p>\n\n\n\n<p>Au noms de Mr Abdelwahab Benzakour directeur du Maghreb Observateur, Rajae Khaled r\u00e9dactrice en chef ainsi que Mr Abderrahim Khouibaba fondateur du journal, nous lui souhaitons la plus cordiale des bienvenues au sein de notre \u00e9quipe.        <\/p>\n\n\n\n<p>N\u00e9e en 1942 \u00e0 El Gara. Mr Jawad Kerdoudi, obtient son Baccalaur\u00e9at Math\u00e9matiques en (1961). Dipl\u00f4m\u00e9 de la grande \u00e9cole HEC Paris en (1965). Il acquiert une connaissance de l\u2019\u00e9conomie en g\u00e9n\u00e9ral, une parfaite connaissance de l\u2019\u00e9conomie marocaine, une bonne connaissance du N\u00e9goce International et des Investissements.&nbsp;Il acquiert une parfaite connaissance des Accords de Libre-\u00e9change du Maroc (notamment&nbsp;Trait\u00e9 de l\u2019UMA, Accord Maroc\/Union Europ\u00e9enne, Accord Maroc\/USA, Accord Maroc\/Turquie, Accord Maroc\/Pays Arabes).&nbsp;&nbsp;&nbsp;&nbsp;<\/p>\n\n\n\n<h2 class=\"wp-block-heading\">Un impressionnant <strong><u>parcours professionnel :<\/u><\/strong>&nbsp;&nbsp;&nbsp;&nbsp;&nbsp;&nbsp;&nbsp;&nbsp;&nbsp;&nbsp;&nbsp;&nbsp;&nbsp;&nbsp;&nbsp;&nbsp;&nbsp;&nbsp;&nbsp;&nbsp;&nbsp;&nbsp;&nbsp;&nbsp;&nbsp;&nbsp;&nbsp;&nbsp;&nbsp;&nbsp;&nbsp;&nbsp;&nbsp;&nbsp;<\/h2>\n\n\n\n<p>1965 &#8211; 1999&nbsp;&nbsp;&nbsp;&nbsp;&nbsp;&nbsp;&nbsp;&nbsp;&nbsp;&nbsp;&nbsp;&nbsp;&nbsp;&nbsp;&nbsp;&nbsp;&nbsp; : Fonctions de Direction dans le Groupe OCE.<\/p>\n\n\n\n<p>&nbsp;&nbsp;&nbsp;&nbsp;&nbsp;&nbsp;&nbsp;&nbsp;&nbsp;&nbsp;&nbsp;&nbsp;&nbsp;&nbsp;&nbsp;&nbsp;&nbsp;&nbsp;&nbsp;&nbsp;&nbsp;&nbsp;&nbsp;&nbsp;&nbsp;&nbsp;&nbsp;&nbsp;&nbsp;&nbsp;&nbsp;&nbsp;&nbsp;&nbsp; &nbsp;&nbsp;Consul G\u00e9n\u00e9ral du Maroc \u00e0 New-York (1967-1968).<\/p>\n\n\n\n<p>1999 &#8211; 2023&nbsp;&nbsp;&nbsp;&nbsp;&nbsp;&nbsp;&nbsp;&nbsp;&nbsp;&nbsp;&nbsp; &nbsp;&nbsp;&nbsp;&nbsp;&nbsp;&nbsp;: Consultant \u00c9conomiste.<\/p>\n\n\n\n<p>&nbsp; Professeur de Commerce et de Relations Internationales.<\/p>\n\n\n\n<p>&nbsp;&nbsp;Pr\u00e9sident fondateur de l\u2019IMRI (Institut Marocain des Relations internationales).<\/p>\n\n\n\n<p><strong><u>PUBLICATIONS&nbsp;:<\/u><\/strong><\/p>\n\n\n\n<p>Le Commerce Ext\u00e9rieur Marocain&nbsp;: Perspectives et R\u00e9alit\u00e9s (1991).<\/p>\n\n\n\n<p>Le Maghreb face au d\u00e9fi Europ\u00e9en (2003).<\/p>\n\n\n\n<p>Le Commerce international&nbsp;: Cas du Maroc (2007).<\/p>\n\n\n\n<p>Le Mod\u00e8le espagnol&nbsp;: d\u00e9mocratie et modernit\u00e9 (2009).<\/p>\n\n\n\n<p>La G\u00e9opolitique du Maroc&nbsp;: Nouveau positionnement dans un monde qui change (2014).<\/p>\n\n\n\n<p>Printemps ou Hiver Arabe (Edit\u00e9 par l\u2019Harmattan 2015).<\/p>\n\n\n\n<p>Relations \u00e9conomiques internationales&nbsp;: Cas du Maroc (2016).<\/p>\n\n\n\n<p>Articles de Presse \u00e0 caract\u00e8re \u00e9conomique et social, notamment sur la g\u00e9opolitique, l\u2019\u00e9conomie et les relations internationales (L\u2019Economiste, Economie et Entreprise, Finance News).<\/p>\n\n\n\n<p><strong><u>INTERVENTIONS DANS LES MEDIAS AUDIO-VISUELS<\/u><\/strong><\/p>\n\n\n\n<p><strong><u>ETUDES :<\/u><\/strong><\/p>\n\n\n\n<p>R\u00e9organisation de l\u2019APRAM&nbsp;: Association professionnelle des agents maritimes, consignataires de navires et courtiers d\u2019affr\u00e8tement du Maroc.<\/p>\n\n\n\n<p>Prospective de la r\u00e9gion M\u00e9diterran\u00e9enne (Medpro)&nbsp;: Command\u00e9e par la Commission europ\u00e9enne de Bruxelles.<\/p>\n\n\n\n<p>Croissance des PME \u00e0 fort potentiel&nbsp;dans les pays du sud de la M\u00e9diterran\u00e9e : Command\u00e9e par la Commission europ\u00e9enne de Bruxelles.<\/p>\n","protected":false},"excerpt":{"rendered":"<p>F\u00e8s, le 28 Mars 2023. Maghreb Observateur. La direction de Maghreb Observateur(MO) est fier de compter parmi ses chroniqueurs, un \u00e9conomiste de marque et de notori\u00e9t\u00e9 Mr Jawad Kerdoudi. Il&hellip; <\/p>\n","protected":false},"author":83,"featured_media":17408,"comment_status":"open","ping_status":"closed","sticky":false,"template":"","format":"standard","meta":{"_bbp_topic_count":0,"_bbp_reply_count":0,"_bbp_total_topic_count":0,"_bbp_total_reply_count":0,"_bbp_voice_count":0,"_bbp_anonymous_reply_count":0,"_bbp_topic_count_hidden":0,"_bbp_reply_count_hidden":0,"_bbp_forum_subforum_count":0,"ngg_post_thumbnail":0},"categories":[193,112,106],"tags":[],"_links":{"self":[{"href":"https:\/\/maghreb-observateur.com\/index.php?rest_route=\/wp\/v2\/posts\/18586"}],"collection":[{"href":"https:\/\/maghreb-observateur.com\/index.php?rest_route=\/wp\/v2\/posts"}],"about":[{"href":"https:\/\/maghreb-observateur.com\/index.php?rest_route=\/wp\/v2\/types\/post"}],"author":[{"embeddable":true,"href":"https:\/\/maghreb-observateur.com\/index.php?rest_route=\/wp\/v2\/users\/83"}],"replies":[{"embeddable":true,"href":"https:\/\/maghreb-observateur.com\/index.php?rest_route=%2Fwp%2Fv2%2Fcomments&post=18586"}],"version-history":[{"count":3,"href":"https:\/\/maghreb-observateur.com\/index.php?rest_route=\/wp\/v2\/posts\/18586\/revisions"}],"predecessor-version":[{"id":18609,"href":"https:\/\/maghreb-observateur.com\/index.php?rest_route=\/wp\/v2\/posts\/18586\/revisions\/18609"}],"wp:featuredmedia":[{"embeddable":true,"href":"https:\/\/maghreb-observateur.com\/index.php?rest_route=\/wp\/v2\/media\/17408"}],"wp:attachment":[{"href":"https:\/\/maghreb-observateur.com\/index.php?rest_route=%2Fwp%2Fv2%2Fmedia&parent=18586"}],"wp:term":[{"taxonomy":"category","embeddable":true,"href":"https:\/\/maghreb-observateur.com\/index.php?rest_route=%2Fwp%2Fv2%2Fcategories&post=18586"},{"taxonomy":"post_tag","embeddable":true,"href":"https:\/\/maghreb-observateur.com\/index.php?rest_route=%2Fwp%2Fv2%2Ftags&post=18586"}],"curies":[{"name":"wp","href":"https:\/\/api.w.org\/{rel}","templated":true}]}}