{"id":18567,"date":"2023-03-28T05:37:55","date_gmt":"2023-03-28T10:37:55","guid":{"rendered":"https:\/\/maghreb-observateur.com\/?p=18567"},"modified":"2023-03-28T05:37:59","modified_gmt":"2023-03-28T10:37:59","slug":"immolation-par-le-feu-du-comedien-ahmed-jaouad-le-ministere-de-la-culture-reagit","status":"publish","type":"post","link":"https:\/\/maghreb-observateur.com\/?p=18567","title":{"rendered":"Immolation par le feu du com\u00e9dien Ahmed Jaouad, le minist\u00e8re de la Culture r\u00e9agit\u00a0"},"content":{"rendered":"\n<figure class=\"wp-block-image size-full\"><a href=\"https:\/\/maghreb-observateur.com\/wp-content\/uploads\/2023\/03\/image-138.png\" rel=\"shadowbox[sbpost-18567];player=img;\"><img decoding=\"async\" src=\"https:\/\/maghreb-observateur.com\/wp-content\/uploads\/2023\/03\/image-138.png\" alt=\"\" class=\"wp-image-18568\"\/><\/a><\/figure>\n\n\n\n<p><a href=\"https:\/\/wa.me\/?text=Immolation%20par%20le%20feu%20du%20com%C3%A9dien%20Ahmed%20Jaouad%2C%20le%20minist%C3%A8re%20de%20la%20Culture%20r%C3%A9agit%C2%A0%20https%3A%2F%2Fwww.h24info.ma%2Fimmolation-par-le-feu-du-comedien-ahmed-jaouad-le-ministere-de-la-culture-reagit%2F\" target=\"_blank\" rel=\"noreferrer noopener\"><\/a><a href=\"https:\/\/www.facebook.com\/sharer.php?u=https%3A%2F%2Fwww.h24info.ma%2Fimmolation-par-le-feu-du-comedien-ahmed-jaouad-le-ministere-de-la-culture-reagit%2F\" target=\"_blank\" rel=\"noreferrer noopener\"><\/a><a href=\"https:\/\/www.linkedin.com\/shareArticle?mini=true&amp;url=https%3A%2F%2Fwww.h24info.ma%2Fimmolation-par-le-feu-du-comedien-ahmed-jaouad-le-ministere-de-la-culture-reagit%2F\" target=\"_blank\" rel=\"noreferrer noopener\"><\/a><a href=\"mailto:?subject=Immolation%20par%20le%20feu%20du%20com%C3%A9dien%20Ahmed%20Jaouad%2C%20le%20minist%C3%A8re%20de%20la%20Culture%20r%C3%A9agit%C2%A0&amp;body=https%3A%2F%2Fwww.h24info.ma%2Fimmolation-par-le-feu-du-comedien-ahmed-jaouad-le-ministere-de-la-culture-reagit%2F\" target=\"_blank\" rel=\"noreferrer noopener\"><\/a><\/p>\n\n\n\n<p><strong>Le com\u00e9dien Ahmed Jaouad s\u2019est immol\u00e9 par le feu, ce lundi matin, devant le si\u00e8ge du minist\u00e8re de la Jeunesse, de la Culture et de la Communication. Quelques heures plus tard, le d\u00e9partement de Mehdi Bensaid a r\u00e9agi, exprimant son \u00ab&nbsp;profond regret&nbsp;\u00bb.<\/strong><\/p>\n\n\n\n<p>Le com\u00e9dien Ahmed Jaouad, qui s\u2019\u00e9tait auparavant engag\u00e9 dans plusieurs formes de protestation contre sa \u00ab&nbsp;marginalisation et sa paup\u00e9risation&nbsp;\u00bb, avait annonc\u00e9 une gr\u00e8ve de la faim le 6 f\u00e9vrier dernier.<\/p>\n\n\n\n<p>Ahmed Jaouad, qui travaillait auparavant comme employ\u00e9 au Th\u00e9\u00e2tre Mohammed V de Rabat, n\u2019a de cesse d\u00e9nonc\u00e9 \u00ab&nbsp;l\u2019exclusion \u00e0 laquelle il est expos\u00e9, et toutes sortes de marginalisation et de sous-estimation de sa personne et de son exp\u00e9rience dans l\u2019animation du \u00ab&nbsp;club de la famile&nbsp;\u00bb (Family Club) au Th\u00e9\u00e2tre Mohammed V \u00e0 Rabat.<\/p>\n\n\n\n<p>Sans le nommer, le d\u00e9partement de la Culture a pr\u00e9cis\u00e9 dans son communiqu\u00e9 \u00ab&nbsp;qu\u2019il s\u2019agit d\u2019un fonctionnaire contractuel retrait\u00e9 du Th\u00e9\u00e2tre Mohammed V de Rabat, qui travaille \u00e9galement dans le domaine th\u00e9\u00e2tral&nbsp;\u00bb.<\/p>\n\n\n\n<p>Le minist\u00e8re indique avoir pris connaissance de ce triste incident, faisant part de son \u00ab\u00a0profond regret suite \u00e0 cet \u00e9v\u00e9nement tragique\u00a0\u00bb, tout en souhaitant prompt r\u00e9tablissement \u00e0 Ahmed Jaouad, qui a \u00e9t\u00e9 \u00e9vacu\u00e9 au CHU Ibn Sina \u00e0 Rabat pour recevoir les soins n\u00e9cessaires, selon le pr\u00e9sident de l\u2019Association marocaine des droits humains (AMDH),\u00a0Aziz Ghali.<\/p>\n\n\n\n<p>Le minist\u00e8re a \u00e9galement fait part de son enti\u00e8re solidarit\u00e9 avec le citoyen en question et sa famille suite \u00e0 cet incident, quels qu\u2019en soient les circonstances et les motifs, poursuit le communiqu\u00e9, pr\u00e9cisant qu\u2019il s\u2019agit d\u2019un fonctionnaire contractuel au Th\u00e9\u00e2tre Mohammed V de Rabat \u00e0 la retraite depuis octobre 2021, qui b\u00e9n\u00e9ficie de tous les droits qui lui sont garantis par la loi.<\/p>\n\n\n\n<p>Ahmed Jaouad avait soumis au minist\u00e8re une offre d\u2019achat de ses pi\u00e8ces th\u00e9\u00e2trales, qui a \u00e9t\u00e9 approuv\u00e9e, explique le communiqu\u00e9, notant que le minist\u00e8re avait acquis deux de ses pi\u00e8ces th\u00e9\u00e2trales en 2022 et a accept\u00e9 d\u2019en acheter une troisi\u00e8me en 2023, sachant que ces pi\u00e8ces th\u00e9\u00e2trales ont d\u00e9j\u00e0 \u00e9t\u00e9 pr\u00e9sent\u00e9es \u00e0 Machraa Belksiri et \u00e0 Sal\u00e9.<\/p>\n\n\n\n<p>Le minist\u00e8re suit de tr\u00e8s pr\u00e8s l\u2019\u00e9tat de cet individu et a charg\u00e9 un responsable du d\u00e9partement de la Culture d\u2019assurer ce suivi \u00e0 l\u2019h\u00f4pital, conclut le communiqu\u00e9.<\/p>\n\n\n\n<p>Source : <a href=\"https:\/\/www.h24info.ma\/immolation-par-le-feu-du-comedien-ahmed-jaouad-le-ministere-de-la-culture-reagit\/\" data-type=\"URL\" data-id=\"https:\/\/www.h24info.ma\/immolation-par-le-feu-du-comedien-ahmed-jaouad-le-ministere-de-la-culture-reagit\/\">https:\/\/www.h24info.ma\/immolation-par-le-feu-du-comedien-ahmed-jaouad-le-ministere-de-la-culture-reagit\/<\/a><\/p>\n","protected":false},"excerpt":{"rendered":"<p>Le com\u00e9dien Ahmed Jaouad s\u2019est immol\u00e9 par le feu, ce lundi matin, devant le si\u00e8ge du minist\u00e8re de la Jeunesse, de la Culture et de la Communication. Quelques heures plus&hellip; <\/p>\n","protected":false},"author":87,"featured_media":0,"comment_status":"open","ping_status":"closed","sticky":false,"template":"","format":"standard","meta":{"_bbp_topic_count":0,"_bbp_reply_count":0,"_bbp_total_topic_count":0,"_bbp_total_reply_count":0,"_bbp_voice_count":0,"_bbp_anonymous_reply_count":0,"_bbp_topic_count_hidden":0,"_bbp_reply_count_hidden":0,"_bbp_forum_subforum_count":0,"ngg_post_thumbnail":0},"categories":[99,108,114],"tags":[],"_links":{"self":[{"href":"https:\/\/maghreb-observateur.com\/index.php?rest_route=\/wp\/v2\/posts\/18567"}],"collection":[{"href":"https:\/\/maghreb-observateur.com\/index.php?rest_route=\/wp\/v2\/posts"}],"about":[{"href":"https:\/\/maghreb-observateur.com\/index.php?rest_route=\/wp\/v2\/types\/post"}],"author":[{"embeddable":true,"href":"https:\/\/maghreb-observateur.com\/index.php?rest_route=\/wp\/v2\/users\/87"}],"replies":[{"embeddable":true,"href":"https:\/\/maghreb-observateur.com\/index.php?rest_route=%2Fwp%2Fv2%2Fcomments&post=18567"}],"version-history":[{"count":1,"href":"https:\/\/maghreb-observateur.com\/index.php?rest_route=\/wp\/v2\/posts\/18567\/revisions"}],"predecessor-version":[{"id":18569,"href":"https:\/\/maghreb-observateur.com\/index.php?rest_route=\/wp\/v2\/posts\/18567\/revisions\/18569"}],"wp:attachment":[{"href":"https:\/\/maghreb-observateur.com\/index.php?rest_route=%2Fwp%2Fv2%2Fmedia&parent=18567"}],"wp:term":[{"taxonomy":"category","embeddable":true,"href":"https:\/\/maghreb-observateur.com\/index.php?rest_route=%2Fwp%2Fv2%2Fcategories&post=18567"},{"taxonomy":"post_tag","embeddable":true,"href":"https:\/\/maghreb-observateur.com\/index.php?rest_route=%2Fwp%2Fv2%2Ftags&post=18567"}],"curies":[{"name":"wp","href":"https:\/\/api.w.org\/{rel}","templated":true}]}}