{"id":18520,"date":"2023-03-26T06:50:32","date_gmt":"2023-03-26T11:50:32","guid":{"rendered":"https:\/\/maghreb-observateur.com\/?p=18520"},"modified":"2023-03-26T06:50:34","modified_gmt":"2023-03-26T11:50:34","slug":"rachid-mbarki-le-maroc-ne-ma-jamais-donne-un-centime","status":"publish","type":"post","link":"https:\/\/maghreb-observateur.com\/?p=18520","title":{"rendered":"Rachid M\u2019Barki. \u00ab\u00a0Le Maroc ne m\u2019a jamais donn\u00e9 un centime\u00a0\u00bb"},"content":{"rendered":"\n<p>L\u2019affaire Rachid M\u2019Barki, le journaliste de la cha\u00eene fran\u00e7aise BFM TV a atteint l\u2019Assembl\u00e9e nationale fran\u00e7aise qui a mis sur pied une commission d\u2019enqu\u00eate qui entendu le journaliste le 22 mars. Son objectif est de savoir si le journaliste a ou pas d\u00e9rog\u00e9 aux r\u00e8gles d\u00e9ontologiques. Le feuilleton n\u2019est pas pr\u00e8s de se terminer.<\/p>\n\n\n\n<p><strong>HAKIM ARIF<\/strong><\/p>\n\n\n\n<figure class=\"wp-block-image\"><img decoding=\"async\" src=\"https:\/\/cdn4.premiumread.com\/?url=https:\/\/lobservateur.info\/observateur\/uploads\/images\/2023\/03\/23\/9133.png&amp;w=800&amp;q=100&amp;f=jpg\" alt=\"Rachid M'Barki, le Maroc n'a besoin de personne pour le d\u00e9fendre.\"\/><\/figure>\n\n\n\n<p>RACHID M&#8217;BARKI, LE MAROC N&#8217;A BESOIN DE PERSONNE POUR LE D\u00c9FENDRE.<\/p>\n\n\n\n<p>Parmi les questions qui ont \u00e9t\u00e9 pos\u00e9es au journaliste Rachid M\u2019Barki, par la commission d\u2019enqu\u00eate, il y avait celle portant sur le Maroc et le forum maroco-espagnol qui a eu lieu \u00e0 Dakhla, au sud du Maroc. C\u2019\u00e9tait m\u00eame, on peut en juger par l\u2019attitude des membres de la commission &#8220;Le Sujet&#8221;. Ils ont bien \u00e9voqu\u00e9 les entreprises fran\u00e7aises de maintenance des yachts qui avaient souffert des sanctions inflig\u00e9es \u00e0 la Russie et aux Russes, mais c\u2019\u00e9tait vite pass\u00e9. Il y avait aussi un passage sur le Qatar, mais sans trop d\u2019insistance.<\/p>\n\n\n\n<p>\u00ab Ce Forum, entre le Maroc et l\u2019Espagne, avait \u00e9t\u00e9 rendu possible gr\u00e2ce au r\u00e9chauffement des relations entre les deux pays, qui avaient repris apr\u00e8s que l\u2019Espagne ait reconnu la marocanit\u00e9 du Sahara \u00bb. Rachid M\u2019Barki a rappel\u00e9 aux membres de la commission les termes exacts de l\u2019information qu\u2019il avait pr\u00e9sent\u00e9e au journal de nuit. Et pour aller plus loin, il a ajout\u00e9: \u00ab La derni\u00e8re personne qui avait parl\u00e9 de Sahara marocain, vous allez me dire que c\u2019est un homme politique, je crois que c\u2019est le chancelier autrichien. Et \u00e7a date de la semaine derni\u00e8re \u00bb. Bref, Sahara marocain ce n\u2019est pas uniquement M\u2019Barki qui en parle.<\/p>\n\n\n\n<p>Comment a-t-il v\u00e9cu cette p\u00e9riode surtout apr\u00e8s son licenciement par la cha\u00eene? D\u2019abord, il pr\u00e9cise que si la cha\u00eene a lanc\u00e9 une enqu\u00eate interne, les enqu\u00eateurs ne l\u2019ont jamais interrog\u00e9. Ce qui veut dire que BFM TV a fait son enqu\u00eate, a conclu \u00e0 la culpabilit\u00e9 du journaliste et a d\u00e9cid\u00e9 de le licencier. Depuis, il n\u2019est plus journaliste fran\u00e7ais, mais journaliste franco-marocain. Marocain? Donc suspect.<\/p>\n\n\n\n<p>Ce qui est tr\u00e8s compr\u00e9hensible en France: En football par exemple, quand un joueur africain de l\u2019\u00e9quipe nationale marque un but et fait gagner la France, il est fran\u00e7ais, quad il rate un penalty vital, il redevient africain. Voici ce qu\u2019en dit M\u2019barki:<\/p>\n\n\n\n<p>\u00ab D\u00e8s lors que le sujet du Maroc et de l\u2019expression Sahara marocain a pris l\u2019ampleur qu\u2019il a connue, je suis soudainement, comme par enchantement, devenu journaliste franco-marocain. \u00bb Bien s\u00fbr, au moins comme \u00e7a on \u00e9vite de mettre tous les journalistes fran\u00e7ais dans le m\u00eame sac. S\u2019il est coupable, c\u2019est qu\u2019il n\u2019est pas vraiment fran\u00e7ais. Et l\u00e0 on peut juste rappeler la grosse arnaque des deux journalistes fran\u00e7ais Eric Laurent et Catherine Gracet qui ont \u00e9t\u00e9 condamn\u00e9s par la justice de leur pays pour avoir tent\u00e9 de faire du chantage au Roi Mohammed VI. La d\u00e9ontologie!<\/p>\n\n\n\n<p>Et avant cette histoire, il \u00e9tait quoi ce journaliste de BFM? \u00ab Avant cela, personne n\u2019avait fait r\u00e9f\u00e9rence \u00e0 mes origines. Et moi m\u00eame je n\u2019avais jamais mis en avant mes origines marocaines \u00bb.<\/p>\n\n\n\n<p>Et d\u2019ailleurs, \u00ab j\u2019ajouterai une derni\u00e8re chose, et c\u2019est le fond de ma pens\u00e9e, le Maroc est un grand pays souverain et qui n\u2019a besoin de personne pour d\u00e9fendre ses int\u00e9r\u00eats. Et surtout pas de petits t\u00e9l\u00e9graphistes \u00bb. Pas s\u00fbr que les enqu\u00eateurs appr\u00e9cient, vu leur attitude plut\u00f4t hostile m\u00eame si elle \u00e9tait enduite d&#8217;une couche de politesse.<br><br>L&#8217;enqu\u00eate se poursuit et la commission rendra son rapport prochainement.<\/p>\n\n\n\n<p>Source : <a href=\"https:\/\/lobservateur.info\/article\/105964\/monde\/france\/rachid-mbarki-le-maroc-ne-ma-jamais-donne-un-centime\" data-type=\"URL\" data-id=\"https:\/\/lobservateur.info\/article\/105964\/monde\/france\/rachid-mbarki-le-maroc-ne-ma-jamais-donne-un-centime\">https:\/\/lobservateur.info\/article\/105964\/monde\/france\/rachid-mbarki-le-maroc-ne-ma-jamais-donne-un-centime<\/a><\/p>\n","protected":false},"excerpt":{"rendered":"<p>L\u2019affaire Rachid M\u2019Barki, le journaliste de la cha\u00eene fran\u00e7aise BFM TV a atteint l\u2019Assembl\u00e9e nationale fran\u00e7aise qui a mis sur pied une commission d\u2019enqu\u00eate qui entendu le journaliste le 22&hellip; <\/p>\n","protected":false},"author":87,"featured_media":0,"comment_status":"open","ping_status":"closed","sticky":false,"template":"","format":"standard","meta":{"_bbp_topic_count":0,"_bbp_reply_count":0,"_bbp_total_topic_count":0,"_bbp_total_reply_count":0,"_bbp_voice_count":0,"_bbp_anonymous_reply_count":0,"_bbp_topic_count_hidden":0,"_bbp_reply_count_hidden":0,"_bbp_forum_subforum_count":0,"ngg_post_thumbnail":0},"categories":[99,102,114],"tags":[],"_links":{"self":[{"href":"https:\/\/maghreb-observateur.com\/index.php?rest_route=\/wp\/v2\/posts\/18520"}],"collection":[{"href":"https:\/\/maghreb-observateur.com\/index.php?rest_route=\/wp\/v2\/posts"}],"about":[{"href":"https:\/\/maghreb-observateur.com\/index.php?rest_route=\/wp\/v2\/types\/post"}],"author":[{"embeddable":true,"href":"https:\/\/maghreb-observateur.com\/index.php?rest_route=\/wp\/v2\/users\/87"}],"replies":[{"embeddable":true,"href":"https:\/\/maghreb-observateur.com\/index.php?rest_route=%2Fwp%2Fv2%2Fcomments&post=18520"}],"version-history":[{"count":1,"href":"https:\/\/maghreb-observateur.com\/index.php?rest_route=\/wp\/v2\/posts\/18520\/revisions"}],"predecessor-version":[{"id":18522,"href":"https:\/\/maghreb-observateur.com\/index.php?rest_route=\/wp\/v2\/posts\/18520\/revisions\/18522"}],"wp:attachment":[{"href":"https:\/\/maghreb-observateur.com\/index.php?rest_route=%2Fwp%2Fv2%2Fmedia&parent=18520"}],"wp:term":[{"taxonomy":"category","embeddable":true,"href":"https:\/\/maghreb-observateur.com\/index.php?rest_route=%2Fwp%2Fv2%2Fcategories&post=18520"},{"taxonomy":"post_tag","embeddable":true,"href":"https:\/\/maghreb-observateur.com\/index.php?rest_route=%2Fwp%2Fv2%2Ftags&post=18520"}],"curies":[{"name":"wp","href":"https:\/\/api.w.org\/{rel}","templated":true}]}}