{"id":17822,"date":"2023-02-22T04:25:19","date_gmt":"2023-02-22T09:25:19","guid":{"rendered":"https:\/\/maghreb-observateur.com\/?p=17822"},"modified":"2023-02-22T04:25:20","modified_gmt":"2023-02-22T09:25:20","slug":"lunesco-appelle-les-pays-a-mettre-en-oeuvre-une-education-basee-sur-la-langue-maternelle","status":"publish","type":"post","link":"https:\/\/maghreb-observateur.com\/?p=17822","title":{"rendered":"L&#8217;UNESCO appelle les pays \u00e0 mettre en \u0153uvre une \u00e9ducation bas\u00e9e sur la langue maternelle"},"content":{"rendered":"\n<figure class=\"wp-block-image size-large\"><a href=\"https:\/\/maghreb-observateur.com\/wp-content\/uploads\/2023\/02\/image-32.png\" rel=\"shadowbox[sbpost-17822];player=img;\"><img decoding=\"async\" src=\"https:\/\/maghreb-observateur.com\/wp-content\/uploads\/2023\/02\/image-32-1024x464.png\" alt=\"\" class=\"wp-image-17823\"\/><\/a><\/figure>\n\n\n\n<p>A l\u2019occasion de la Journ\u00e9e internationale de la langue maternelle, c\u00e9l\u00e9br\u00e9e le 21 f\u00e9vrier, l&#8217;UNESCO a appel\u00e9 mardi les pays \u00e0 mener une politique d&#8217;\u00e9ducation multilingue, pr\u00e9conisant que les enfants re\u00e7oivent un enseignement dans leur langue maternelle d\u00e8s les premi\u00e8res ann\u00e9es de scolarit\u00e9, pouvant \u00eatre combin\u00e9 avec la langue officielle d&#8217;enseignement.<\/p>\n\n\n\n<p>Cette approche, connue sous le nom d&#8217;\u00e9ducation multilingue, permettrait \u00e0 la fois de pr\u00e9server la diversit\u00e9 linguistique tout en aidant les enfants \u00e0 apprendre.<\/p>\n\n\n\n<p>\u00ab Pour aider \u00e0 combattre la crise mondiale actuelle de l&#8217;apprentissage, tout en pr\u00e9servant la diversit\u00e9 linguistique qui est un \u00e9l\u00e9ment culturel essentiel, l&#8217;<a href=\"https:\/\/en.unesco.org\/\" target=\"_blank\" rel=\"noreferrer noopener\">UNESCO<\/a>, l&#8217;Organisation des Nations Unies pour l\u2019\u00e9ducation, la science et la culture, encourage les gouvernements \u00e0 mettre en \u0153uvre une \u00e9ducation multilingue bas\u00e9e sur la langue maternelle d\u00e8s les premi\u00e8res ann\u00e9es de scolarit\u00e9 \u00bb, a d\u00e9clar\u00e9 Audrey Azoulay, la Directrice g\u00e9n\u00e9rale de l&#8217;<a href=\"https:\/\/en.unesco.org\/\" target=\"_blank\" rel=\"noreferrer noopener\">UNESCO<\/a>&nbsp;\u00e0 l\u2019occasion de la Journ\u00e9e.<\/p>\n\n\n\n<p>\u00ab Nous savons que cela fonctionne. Il existe des preuves empiriques qui confirment que cela aide les enfants \u00e0 apprendre \u00bb, a affirm\u00e9 la cheffe de l\u2019UNESCO.<\/p>\n\n\n\n<h3 class=\"wp-block-heading\"><strong>30 % plus de chances de savoir lire<\/strong><\/h3>\n\n\n\n<p>La Base de donn\u00e9es mondiale sur les in\u00e9galit\u00e9s dans l\u2019\u00e9ducation de l&#8217;UNESCO montre que, globalement, les enfants qui re\u00e7oivent un enseignement dans une langue qu&#8217;ils parlent \u00e0 la maison ont 30 % plus de chances de savoir lire \u00e0 la fin de l&#8217;\u00e9cole primaire que ceux qui ne parlent pas la langue d&#8217;enseignement.<\/p>\n\n\n\n<p>Les donn\u00e9es montrent \u00e9galement que l&#8217;enseignement dans la premi\u00e8re langue ou dans la langue maternelle am\u00e9liore les comp\u00e9tences sociales des enfants, dans la langue maternelle, dans la deuxi\u00e8me langue mais aussi dans les autres mati\u00e8res, telles les math\u00e9matiques.<\/p>\n\n\n\n<p>\u00ab Si vous n&#8217;enseignez pas dans la langue maternelle de l&#8217;enfant, l&#8217;enfant doit d&#8217;abord apprendre la langue d&#8217;instruction avant de pouvoir d\u00e9velopper ses comp\u00e9tences d&#8217;apprentissage plus large \u00bb, a expliqu\u00e9 Patrick Montjounides, leader technique du rapport&nbsp;<em>Plein feu sur les apprentissages en Afrique&nbsp;<\/em>de l\u2019UNESCO, lors d\u2019un entretien \u00e0 ONU Info \u00e0 l\u2019occasion de la Journ\u00e9e.<\/p>\n\n\n\n<p>De plus, selon l\u2019expert en \u00e9ducation multilingue, l\u2019apprentissage dans une langue autre que la langue maternelle recourt \u00e0&nbsp; des m\u00e9canismes diff\u00e9rents, m\u00eame parfois dans la mani\u00e8re d&#8217; exprimer les chiffres.<\/p>\n\n\n\n<p>\u00ab Vous avez l&#8217;exemple au Niger o\u00f9 la mani\u00e8re de dire \u00ab 80 \u00bb va \u00eatre diff\u00e9rente en fran\u00e7ais que dans les langues locales. En fran\u00e7ais, on dira 4 fois 20, alors que dans la langue locale ce sera 8 fois 10 \u00bb, explique M. Montjounides.<\/p>\n\n\n\n<p>\u00ab Donc vous avez un nombre de cl\u00e9s de codage que l&#8217;enfant doit changer d\u00e8s les premi\u00e8res ann\u00e9es parce qu&#8217;il n&#8217;apprend plus dans la langue maternelle qu&#8217;il a parl\u00e9e jusqu&#8217;\u00e0 son entr\u00e9e au primaire, mais il apprend une langue qui est au final une nouvelle langue pour lui \u00bb, a-t-il pr\u00e9cis\u00e9.<\/p>\n\n\n\n<figure class=\"wp-block-image\"><img decoding=\"async\" src=\"https:\/\/global.unitednations.entermediadb.net\/assets\/mediadb\/services\/module\/asset\/downloads\/preset\/Libraries\/Production%20Library\/20-10-2022_UNICEF_Burkina-Faso.jpg\/image1024x768.jpg\" alt=\"Des \u00e9l\u00e8ves en classe \u00e0 Kaya, au Burkina Faso.\" title=\"Des \u00e9l\u00e8ves en classe \u00e0 Kaya, au Burkina Faso.\"\/><\/figure>\n\n\n\n<p>\u00a9 UNICEF\/Vincent Tremeau<\/p>\n\n\n\n<p>Des \u00e9l\u00e8ves en classe \u00e0 Kaya, au Burkina Faso.<\/p>\n\n\n\n<h3 class=\"wp-block-heading\"><strong>Soutenir l&#8217;Afrique, le continent qui pr\u00e9sente la plus grande diversit\u00e9 linguistique<\/strong><\/h3>\n\n\n\n<p><strong>&nbsp;<\/strong>L&#8217;UNESCO appelle particuli\u00e8rement la communaut\u00e9 internationale \u00e0 soutenir les \u00c9tats africains dans leurs actions pour d\u00e9velopper l&#8217;apprentissage multilingue.<\/p>\n\n\n\n<p>\u00ab En Afrique, seul 1 enfant sur 5 re\u00e7oit un enseignement dans sa langue maternelle \u00bb, alors que \u00ab le continent poss\u00e8de la plus grande diversit\u00e9 linguistique au monde \u00bb, souligne l\u2019UNESCO s\u2019appuyant sur son nouveau rapport intitul\u00e9 \u00ab N\u00e9 pour apprendre \u00bb.<\/p>\n\n\n\n<p>L\u2019organisation affirme que cette situation est d\u00e9favorable aux r\u00e9sultats d\u2019apprentissage dans cette r\u00e9gion, \u00ab o\u00f9 seul un \u00e9l\u00e8ve sur cinq ma\u00eetrise les bases de la lecture, de l&#8217;\u00e9criture et des math\u00e9matiques, m\u00eame apr\u00e8s avoir termin\u00e9 l&#8217;\u00e9cole primaire \u00bb.<\/p>\n\n\n\n<h3 class=\"wp-block-heading\"><strong>&nbsp;Des d\u00e9fis surmontables<\/strong><\/h3>\n\n\n\n<p>L\u2019\u00e9ducation multilingue pose toutefois des d\u00e9fis allant de la formation des enseignants \u00e0 la cr\u00e9ation des mat\u00e9riaux en langues locales ou bilingues, notamment dans les pays qui disposent de centaines de langues locales \u00e0 l\u2019instar du Cameroun ou de la R\u00e9publique d\u00e9mocratique du Congo.<\/p>\n\n\n\n<p>\u00ab L\u2019un des probl\u00e8mes principaux c&#8217;est de voir comment est-ce que l\u2019on peut former les enseignants &#8211; qui ne parlent pas forc\u00e9ment toutes les langues locales m\u00eame de leur r\u00e9gion &#8211; \u00e0 dispenser un enseignement dans toutes ces langues et petit \u00e0 petit, les faire converger vers l&#8217;apprentissage d&#8217;une langue d&#8217;instruction principale \u00bb, a signal\u00e9 M. Montjounides.<\/p>\n\n\n\n<p>Il souligne n\u00e9anmoins qu\u2019il y a des fa\u00e7ons d\u2019\u00eatre efficace pour accroitre l\u2019enseignement bilingue.<\/p>\n\n\n\n<p>\u00ab Si on ciblait 3% des langues qui ont plus de 250.000 locuteurs sur le continent africain, \u00e7a nous permettrait d&#8217;atteindre aux alentours de 85.000 enfants, donc c&#8217;est la moiti\u00e9 des enfants qui sont en \u00e2ge d&#8217;aller au primaire \u00bb, a ajout\u00e9 l\u2019expert de l\u2019UNESCO.<\/p>\n\n\n\n<figure class=\"wp-block-image\"><img decoding=\"async\" src=\"https:\/\/global.unitednations.entermediadb.net\/assets\/mediadb\/services\/module\/asset\/downloads\/preset\/Collections\/Embargoed\/25-06-2021_UNICEF-476513_Cabo-Delgado.jpg\/image770x420cropped.jpg\" alt=\"Enfants d\u00e9plac\u00e9s \u00e0 Cabo Delgado, Mozambique.\" title=\"Enfants d\u00e9plac\u00e9s \u00e0 Cabo Delgado, Mozambique.\"\/><\/figure>\n\n\n\n<p>\u00a9 UNICEF\/Daniel Timme<\/p>\n\n\n\n<h3 class=\"wp-block-heading\"><strong>L\u2019exemple av\u00e9r\u00e9 du Mozambique<\/strong><\/h3>\n\n\n\n<p>L&#8217;UNESCO souligne le succ\u00e8s du Mozambique, qui a r\u00e9cemment \u00e9tendu l&#8217;\u00e9ducation bilingue \u00e0 25 % des \u00e9coles gr\u00e2ce \u00e0 un nouveau programme de formation des enseignants.<\/p>\n\n\n\n<p>Dans ce pays lusophone, le portugais n&#8217;est parl\u00e9 que par environ 50% de la population et en milieu rural, seulement 1% de la population a le portugais comme langue maternelle, alors que 85% de la population qui a pour langue maternelle une langue appartenant \u00e0 la famille des langues Bantu, comme le swahili, le s\u00e9nat ou le tsonga, a inform\u00e9 M. Montjounides.<\/p>\n\n\n\n<p>\u00ab Le pays a r\u00e9cemment renforc\u00e9 sa politique d&#8217;enseignement bilingue en langue maternelle et en portugais, avec des programmes de formation des enseignants et le d\u00e9veloppement de livres et manuels enseignants en langue locale et pour l&#8217;enseignement bilingue \u00bb, raconte l\u2019expert.<\/p>\n\n\n\n<p>\u00ab Apr\u00e8s seulement une ann\u00e9e de mise ne \u0153uvre, les donn\u00e9es pr\u00e9liminaires indiquent&nbsp; que les \u00e9l\u00e8ves qui suivent leur scolarit\u00e9 dans ce syst\u00e8me ont des r\u00e9sultats d&#8217;apprentissage sur l&#8217;ensemble des mati\u00e8res qui sont en moyenne de 15% plus \u00e9lev\u00e9es que ceux de leur pairs qui \u00e9tudient dans le syst\u00e8me monolingue \u00bb, s&#8217;est-il f\u00e9licit\u00e9.<\/p>\n\n\n\n<p>Pour que ce succ\u00e8s s&#8217;\u00e9tende \u00e0 l&#8217;ensemble du continent, la communaut\u00e9 internationale doit mobiliser davantage de fonds pour que les pays africains investissent dans ce domaine.<\/p>\n\n\n\n<p>Source :  <a href=\"https:\/\/news.un.org\/fr\/story\/2023\/02\/1132522?utm_source=UN+News+-+French&amp;utm_campaign=e87ef6f131-EMAIL_CAMPAIGN_2023_02_22_01_03&amp;utm_medium=email&amp;utm_term=0_0264da9d8f-e87ef6f131-%5BLIST_EMAIL_ID%5D\" data-type=\"URL\" data-id=\"https:\/\/news.un.org\/fr\/story\/2023\/02\/1132522?utm_source=UN+News+-+French&amp;utm_campaign=e87ef6f131-EMAIL_CAMPAIGN_2023_02_22_01_03&amp;utm_medium=email&amp;utm_term=0_0264da9d8f-e87ef6f131-%5BLIST_EMAIL_ID%5D\">https:\/\/news.un.org\/fr\/story\/2023\/02\/1132522?utm_source=UN+News+-+French&amp;utm_campaign=e87ef6f131-EMAIL_CAMPAIGN_2023_02_22_01_03&amp;utm_medium=email&amp;utm_term=0_0264da9d8f-e87ef6f131-%5BLIST_EMAIL_ID%5D<\/a><\/p>\n","protected":false},"excerpt":{"rendered":"<p>A l\u2019occasion de la Journ\u00e9e internationale de la langue maternelle, c\u00e9l\u00e9br\u00e9e le 21 f\u00e9vrier, l&#8217;UNESCO a appel\u00e9 mardi les pays \u00e0 mener une politique d&#8217;\u00e9ducation multilingue, pr\u00e9conisant que les enfants&hellip; <\/p>\n","protected":false},"author":87,"featured_media":0,"comment_status":"open","ping_status":"closed","sticky":false,"template":"","format":"standard","meta":{"_bbp_topic_count":0,"_bbp_reply_count":0,"_bbp_total_topic_count":0,"_bbp_total_reply_count":0,"_bbp_voice_count":0,"_bbp_anonymous_reply_count":0,"_bbp_topic_count_hidden":0,"_bbp_reply_count_hidden":0,"_bbp_forum_subforum_count":0,"ngg_post_thumbnail":0},"categories":[114],"tags":[],"_links":{"self":[{"href":"https:\/\/maghreb-observateur.com\/index.php?rest_route=\/wp\/v2\/posts\/17822"}],"collection":[{"href":"https:\/\/maghreb-observateur.com\/index.php?rest_route=\/wp\/v2\/posts"}],"about":[{"href":"https:\/\/maghreb-observateur.com\/index.php?rest_route=\/wp\/v2\/types\/post"}],"author":[{"embeddable":true,"href":"https:\/\/maghreb-observateur.com\/index.php?rest_route=\/wp\/v2\/users\/87"}],"replies":[{"embeddable":true,"href":"https:\/\/maghreb-observateur.com\/index.php?rest_route=%2Fwp%2Fv2%2Fcomments&post=17822"}],"version-history":[{"count":1,"href":"https:\/\/maghreb-observateur.com\/index.php?rest_route=\/wp\/v2\/posts\/17822\/revisions"}],"predecessor-version":[{"id":17824,"href":"https:\/\/maghreb-observateur.com\/index.php?rest_route=\/wp\/v2\/posts\/17822\/revisions\/17824"}],"wp:attachment":[{"href":"https:\/\/maghreb-observateur.com\/index.php?rest_route=%2Fwp%2Fv2%2Fmedia&parent=17822"}],"wp:term":[{"taxonomy":"category","embeddable":true,"href":"https:\/\/maghreb-observateur.com\/index.php?rest_route=%2Fwp%2Fv2%2Fcategories&post=17822"},{"taxonomy":"post_tag","embeddable":true,"href":"https:\/\/maghreb-observateur.com\/index.php?rest_route=%2Fwp%2Fv2%2Ftags&post=17822"}],"curies":[{"name":"wp","href":"https:\/\/api.w.org\/{rel}","templated":true}]}}