{"id":17702,"date":"2023-02-11T07:51:40","date_gmt":"2023-02-11T12:51:40","guid":{"rendered":"https:\/\/maghreb-observateur.com\/?p=17702"},"modified":"2023-02-11T07:51:42","modified_gmt":"2023-02-11T12:51:42","slug":"le-canada-pourrait-accelerer-les-demandes-dimmigration-de-victimes-des-seismes","status":"publish","type":"post","link":"https:\/\/maghreb-observateur.com\/?p=17702","title":{"rendered":"Le Canada pourrait acc\u00e9l\u00e9rer les demandes d\u2019immigration de victimes des s\u00e9ismes"},"content":{"rendered":"\n<figure class=\"wp-block-image\"><img decoding=\"async\" src=\"https:\/\/images.radio-canada.ca\/q_auto,w_960\/v1\/ici-info\/16x9\/temblement-seisme-syrie-refugie.jpg\" alt=\"Un enfant syrien dans un refuge temporaire.\"\/><\/figure>\n\n\n\n<p>Un enfant syrien dans un refuge temporaire de la ville de Maarat Misrin, dans la province rebelle d&#8217;Idleb, en Syrie, apr\u00e8s le tremblement de terre du 6 f\u00e9vrier 2023.<\/p>\n\n\n\n<p>La\u00a0Presse\u00a0canadienne<\/p>\n\n\n\n<p>Le ministre f\u00e9d\u00e9ral de l&#8217;Immigration, Sean Fraser, a d\u00e9clar\u00e9 que le Canada pourrait acc\u00e9l\u00e9rer les demandes d&#8217;entr\u00e9e au Canada de\u00a0victimes des r\u00e9cents tremblements de terre d\u00e9vastateurs en Turquie et en Syrie.<\/p>\n\n\n\n<p>Deux s\u00e9ismes majeurs ont secou\u00e9 en quelques heures lundi le sud-ouest de la Turquie et le nord-ouest de la Syrie, d\u00e9truisant des milliers de b\u00e2timents.<\/p>\n\n\n\n<p>Le bilan des victimes dans les deux pays ne cesse d&#8217;augmenter; il atteignait jeudi plus de 20\u00a0000\u00a0morts et au moins 75\u00a0000\u00a0bless\u00e9s.<\/p>\n\n\n\n<p>Des dizaines de milliers de personnes sont par ailleurs sans abri, en plein hiver, et ont du mal \u00e0 obtenir de la nourriture, de l&#8217;eau et un toit.<\/p>\n\n\n\n<p>Le ministre Fraser a indiqu\u00e9 cette semaine que son minist\u00e8re tentait de d\u00e9terminer l&#8217;effet que pourrait avoir une mesure acc\u00e9l\u00e9r\u00e9e d&#8217;immigration sur les demandeurs de r\u00e9sidence permanente qui sont d\u00e9j\u00e0 dans le syst\u00e8me canadien.<\/p>\n\n\n\n<blockquote class=\"wp-block-quote\">\n<p>\u00ab&nbsp;C&#8217;est une r\u00e9flexion que nous avons pr\u00e9sentement. Nous essayons de comprendre quel serait l&#8217;impact sur les demandeurs qui sont dans le syst\u00e8me.&nbsp;\u00bb\u2014&nbsp;Une citation de&nbsp;&nbsp;Sean Fraser, ministre f\u00e9d\u00e9ral de l&#8217;Immigration<\/p>\n<\/blockquote>\n\n\n\n<figure class=\"wp-block-image\"><img decoding=\"async\" src=\"https:\/\/images.radio-canada.ca\/q_auto,w_960\/v1\/ici-info\/16x9\/sean-fraser-ministre-immigration-refugies-citoyennete-1365.JPG\" alt=\"Le ministre f\u00e9d\u00e9ral de l'Immigration, des R\u00e9fugi\u00e9s et de la Citoyennet\u00e9, Sean Fraser, prend la parole en Chambre.\"\/><\/figure>\n\n\n\n<p>Le ministre f\u00e9d\u00e9ral de l&#8217;Immigration, des R\u00e9fugi\u00e9s et de la Citoyennet\u00e9, Sean Fraser<\/p>\n\n\n\n<p>PHOTO&nbsp;:&nbsp;LA PRESSE CANADIENNE \/ ADRIAN WYLD<\/p>\n\n\n\n<h2 class=\"wp-block-heading\">Aide sur le terrain<\/h2>\n\n\n\n<p>Le Canada a par ailleurs envoy\u00e9 mercredi dans la r\u00e9gion une \u00e9quipe d&#8217;\u00e9valuation des catastrophes, afin de d\u00e9terminer quelle aide suppl\u00e9mentaire serait n\u00e9cessaire pour contribuer aux efforts de secours.<\/p>\n\n\n\n<p>Une \u00e9quipe d&#8217;experts en recherche et sauvetage de la Colombie-Britannique, qui a offert son aide de mani\u00e8re ind\u00e9pendante, devait commencer le travail sur le terrain d\u00e8s l&#8217;aube jeudi, heure locale.<\/p>\n\n\n\n<p>Alors que le temps presse pour retirer vivantes le plus grand nombre de victimes possibles des d\u00e9combres, le secr\u00e9taire g\u00e9n\u00e9ral des Nations unies, Antonio Guterres, presse la communaut\u00e9 internationale de fournir de l&#8217;argent \u00e0 la Turquie et \u00e0 la Syrie, et de travailler sur l&#8217;acc\u00e8s physique de l&#8217;aide aux r\u00e9gions syriennes frapp\u00e9es par le tremblement de terre.<\/p>\n\n\n\n<p>Mercredi, le gouvernement a aussi annonc\u00e9 qu&#8217;il \u00e9galerait, jusqu&#8217;\u00e0 concurrence de\u00a010\u00a0millions, les dons faits entre le\u00a06 et le\u00a022\u00a0f\u00e9vrier \u00e0 la Croix-Rouge canadienne et destin\u00e9s \u00e0 ces secours.<\/p>\n\n\n\n<p>Certains groupes, dont la F\u00e9d\u00e9ration des associations canado-turques, ont exhort\u00e9 Ottawa \u00e0 faire beaucoup plus. Mais jeudi, plus de trois jours apr\u00e8s les s\u00e9ismes, l&#8217;espoir de retrouver beaucoup plus de survivants dans les d\u00e9combres commen\u00e7ait \u00e0 s&#8217;estomper.<\/p>\n\n\n\n<p>Le bilan des morts signal\u00e9s jusqu&#8217;ici d\u00e9passe celui du tremblement de terre de 2011 au large de Fukushima, au Japon, qui avait d\u00e9clench\u00e9 un tsunami, tuant plus de\u00a018\u00a0400\u00a0personnes.<\/p>\n\n\n\n<p>Source :  <a href=\"https:\/\/ici.radio-canada.ca\/nouvelle\/1955213\/canada-acceleration-immigration-victimes-seisme-turquie-syrie\" data-type=\"URL\" data-id=\"https:\/\/ici.radio-canada.ca\/nouvelle\/1955213\/canada-acceleration-immigration-victimes-seisme-turquie-syrie\">https:\/\/ici.radio-canada.ca\/nouvelle\/1955213\/canada-acceleration-immigration-victimes-seisme-turquie-syrie<\/a><\/p>\n","protected":false},"excerpt":{"rendered":"<p>Un enfant syrien dans un refuge temporaire de la ville de Maarat Misrin, dans la province rebelle d&#8217;Idleb, en Syrie, apr\u00e8s le tremblement de terre du 6 f\u00e9vrier 2023. La\u00a0Presse\u00a0canadienne&hellip; <\/p>\n","protected":false},"author":87,"featured_media":9040,"comment_status":"open","ping_status":"closed","sticky":false,"template":"","format":"standard","meta":{"_bbp_topic_count":0,"_bbp_reply_count":0,"_bbp_total_topic_count":0,"_bbp_total_reply_count":0,"_bbp_voice_count":0,"_bbp_anonymous_reply_count":0,"_bbp_topic_count_hidden":0,"_bbp_reply_count_hidden":0,"_bbp_forum_subforum_count":0,"ngg_post_thumbnail":0},"categories":[99,109,113],"tags":[],"_links":{"self":[{"href":"https:\/\/maghreb-observateur.com\/index.php?rest_route=\/wp\/v2\/posts\/17702"}],"collection":[{"href":"https:\/\/maghreb-observateur.com\/index.php?rest_route=\/wp\/v2\/posts"}],"about":[{"href":"https:\/\/maghreb-observateur.com\/index.php?rest_route=\/wp\/v2\/types\/post"}],"author":[{"embeddable":true,"href":"https:\/\/maghreb-observateur.com\/index.php?rest_route=\/wp\/v2\/users\/87"}],"replies":[{"embeddable":true,"href":"https:\/\/maghreb-observateur.com\/index.php?rest_route=%2Fwp%2Fv2%2Fcomments&post=17702"}],"version-history":[{"count":1,"href":"https:\/\/maghreb-observateur.com\/index.php?rest_route=\/wp\/v2\/posts\/17702\/revisions"}],"predecessor-version":[{"id":17703,"href":"https:\/\/maghreb-observateur.com\/index.php?rest_route=\/wp\/v2\/posts\/17702\/revisions\/17703"}],"wp:featuredmedia":[{"embeddable":true,"href":"https:\/\/maghreb-observateur.com\/index.php?rest_route=\/wp\/v2\/media\/9040"}],"wp:attachment":[{"href":"https:\/\/maghreb-observateur.com\/index.php?rest_route=%2Fwp%2Fv2%2Fmedia&parent=17702"}],"wp:term":[{"taxonomy":"category","embeddable":true,"href":"https:\/\/maghreb-observateur.com\/index.php?rest_route=%2Fwp%2Fv2%2Fcategories&post=17702"},{"taxonomy":"post_tag","embeddable":true,"href":"https:\/\/maghreb-observateur.com\/index.php?rest_route=%2Fwp%2Fv2%2Ftags&post=17702"}],"curies":[{"name":"wp","href":"https:\/\/api.w.org\/{rel}","templated":true}]}}