{"id":17692,"date":"2023-02-10T09:03:46","date_gmt":"2023-02-10T14:03:46","guid":{"rendered":"https:\/\/maghreb-observateur.com\/?p=17692"},"modified":"2023-02-10T09:05:00","modified_gmt":"2023-02-10T14:05:00","slug":"une-initiative-de-paris-met-laccent-sur-la-pleine-et-entiere-participation-politique-et-institutionnelle-des-marocains-du-monde","status":"publish","type":"post","link":"https:\/\/maghreb-observateur.com\/?p=17692","title":{"rendered":"Une initiative de Paris met l\u2019accent sur la pleine et enti\u00e8re participation politique et institutionnelle des Marocains du monde"},"content":{"rendered":"\n<figure class=\"wp-block-image size-full\"><a href=\"https:\/\/maghreb-observateur.com\/wp-content\/uploads\/2011\/08\/MRE-VOTE.jpg\" rel=\"shadowbox[sbpost-17692];player=img;\"><img decoding=\"async\" loading=\"lazy\" width=\"565\" height=\"334\" src=\"https:\/\/maghreb-observateur.com\/wp-content\/uploads\/2011\/08\/MRE-VOTE.jpg\" alt=\"\" class=\"wp-image-11569\" srcset=\"https:\/\/maghreb-observateur.com\/wp-content\/uploads\/2011\/08\/MRE-VOTE.jpg 565w, https:\/\/maghreb-observateur.com\/wp-content\/uploads\/2011\/08\/MRE-VOTE-300x177.jpg 300w\" sizes=\"(max-width: 565px) 100vw, 565px\" \/><\/a><\/figure>\n\n\n\n<p>Des MRE exigent une repr\u00e9sentation juste et transparente dans les diff\u00e9rents conseils de gouvernance<\/p>\n\n\n\n<p>09\/02\/2023<\/p>\n\n\n\n<p>A l&#8217;initiative de plusieurs cadres associatifs r\u00e9sidant dans diff\u00e9rents pays europ\u00e9ens, une rencontre s&#8217;est tenue samedi 4 f\u00e9vrier \u00e0 Paris pour aborder le th\u00e8me : \u00abLa vraie citoyennet\u00e9 des Marocains du monde passe par la participation politique\u00bb.<\/p>\n\n\n\n<p>Des militants du collectif de la soci\u00e9t\u00e9 civile d\u00e9mocratique des Marocains d&#8217;Allemagne, d&#8217;Italie, d&#8217;Espagne, de Belgique, de France et des Pays-Bas ont pris part \u00e0 cette rencontre, en pr\u00e9sence de membres et sympathisants de l&#8217;USFP, du PJD, du PAM, du RNI et du PPS.<\/p>\n\n\n\n<p>Lors de cette rencontre dont les travaux ont \u00e9t\u00e9 pr\u00e9sid\u00e9s par Abdelmoula El Basraoui, Salah Eddine El Manouzi a pris la parole pour pr\u00e9senter, en compagnie d\u2019Ahmed Mahou, la plateforme de l\u2019initiative.<\/p>\n\n\n\n<p>La r\u00e9union a \u00e9t\u00e9 marqu\u00e9e par la qualit\u00e9 des interventions et le grand nombre de participants de diff\u00e9rentes g\u00e9n\u00e9rations qui ont enrichi le d\u00e9bat via &nbsp;leurs opinions, observations et propositions sur les diff\u00e9rents points de l&#8217;initiative.<\/p>\n\n\n\n<p>La plupart des intervenants ont mis l\u2019accent sur l&#8217;importance de la pleine et enti\u00e8re participation politique et institutionnelle des MRE en cr\u00e9ant des circonscriptions dans les pays de r\u00e9sidence et en proc\u00e9dant \u00e0 une r\u00e9vision constitutionnelle afin d\u2019assurer leur repr\u00e9sentation dans la deuxi\u00e8me Chambre.<\/p>\n\n\n\n<p>En ce sens, les participants ont consid\u00e9r\u00e9 ce pas comme une condition &nbsp;sine qua non \u00e0 l&#8217;exercice de leurs droits et leur citoyennet\u00e9 et \u00e0 la participation \u00e0 l&#8217;\u00e9laboration de politiques efficaces et au suivi de toutes les \u00e9tapes de leur mise en \u0153uvre.<\/p>\n\n\n\n<p>Ils ont \u00e9galement r\u00e9clam\u00e9 leur repr\u00e9sentation en fonction d\u2019une proc\u00e9dure d\u00e9mocratique, participative, impartiale et transparente dans les diff\u00e9rents conseils de gouvernance, et leur implication dans la recherche de solutions \u00e0 leurs probl\u00e8mes dans les pays de r\u00e9sidence.<\/p>\n\n\n\n<p>Les participants ont rappel\u00e9 la teneur du discours Royal du 20 ao\u00fbt 2022, et constat\u00e9 avec regret et \u00e9tonnement la lenteur de la mise en \u0153uvre de sa teneur, en appelant \u00e0 plus de mobilisation et de sensibilisation afin que les jeunes puissent s&#8217;impliquer davantage dans cette initiative, \u00e0 la n\u00e9cessit\u00e9 de rassembler et de d\u00e9passer les divisions et l&#8217;\u00e9go\u00efsme et d&#8217;ouvrir des canaux de communication et de discussion avec les acteurs des droits de l&#8217;Homme et les associations de la soci\u00e9t\u00e9 civile au Maroc pour les sensibiliser \u00e0 l\u2019importance de&nbsp; la participation politique des MRE.<\/p>\n\n\n\n<p>Il y a lieu de rappeler que l\u2019article 17 de la Constitution dispose : \u00abLes Marocains r\u00e9sidant \u00e0 l\u2019\u00e9tranger jouissent des droits de pleine citoyennet\u00e9, y compris le droit d\u2019\u00eatre \u00e9lecteurs et \u00e9ligibles. Ils peuvent se porter candidats aux \u00e9lections au niveau des listes et des circonscriptions \u00e9lectorales locales, r\u00e9gionales et nationales. La loi fixe les crit\u00e8res sp\u00e9cifiques d\u2019\u00e9ligibilit\u00e9 et d\u2019incompatibilit\u00e9. Elle d\u00e9termine de m\u00eame les conditions et les modalit\u00e9s de l\u2019exercice effectif du droit de vote et de candidature \u00e0 partir des pays de r\u00e9sidence \u00bb.<\/p>\n\n\n\n<p>Source :  <a href=\"https:\/\/m.libe.ma\/Une-initiative-de-Paris-met-l-accent-sur-la-pleine-et-entiere-participation-politique-et-institutionnelle-des-Marocains_a137211.html\" data-type=\"URL\" data-id=\"https:\/\/m.libe.ma\/Une-initiative-de-Paris-met-l-accent-sur-la-pleine-et-entiere-participation-politique-et-institutionnelle-des-Marocains_a137211.html\">https:\/\/m.libe.ma\/Une-initiative-de-Paris-met-l-accent-sur-la-pleine-et-entiere-participation-politique-et-institutionnelle-des-Marocains_a137211.html<\/a><\/p>\n","protected":false},"excerpt":{"rendered":"<p>Des MRE exigent une repr\u00e9sentation juste et transparente dans les diff\u00e9rents conseils de gouvernance 09\/02\/2023 A l&#8217;initiative de plusieurs cadres associatifs r\u00e9sidant dans diff\u00e9rents pays europ\u00e9ens, une rencontre s&#8217;est tenue&hellip; <\/p>\n","protected":false},"author":87,"featured_media":5006,"comment_status":"open","ping_status":"closed","sticky":false,"template":"","format":"standard","meta":{"_bbp_topic_count":0,"_bbp_reply_count":0,"_bbp_total_topic_count":0,"_bbp_total_reply_count":0,"_bbp_voice_count":0,"_bbp_anonymous_reply_count":0,"_bbp_topic_count_hidden":0,"_bbp_reply_count_hidden":0,"_bbp_forum_subforum_count":0,"ngg_post_thumbnail":0},"categories":[108,113,103,204],"tags":[],"_links":{"self":[{"href":"https:\/\/maghreb-observateur.com\/index.php?rest_route=\/wp\/v2\/posts\/17692"}],"collection":[{"href":"https:\/\/maghreb-observateur.com\/index.php?rest_route=\/wp\/v2\/posts"}],"about":[{"href":"https:\/\/maghreb-observateur.com\/index.php?rest_route=\/wp\/v2\/types\/post"}],"author":[{"embeddable":true,"href":"https:\/\/maghreb-observateur.com\/index.php?rest_route=\/wp\/v2\/users\/87"}],"replies":[{"embeddable":true,"href":"https:\/\/maghreb-observateur.com\/index.php?rest_route=%2Fwp%2Fv2%2Fcomments&post=17692"}],"version-history":[{"count":1,"href":"https:\/\/maghreb-observateur.com\/index.php?rest_route=\/wp\/v2\/posts\/17692\/revisions"}],"predecessor-version":[{"id":17693,"href":"https:\/\/maghreb-observateur.com\/index.php?rest_route=\/wp\/v2\/posts\/17692\/revisions\/17693"}],"wp:featuredmedia":[{"embeddable":true,"href":"https:\/\/maghreb-observateur.com\/index.php?rest_route=\/wp\/v2\/media\/5006"}],"wp:attachment":[{"href":"https:\/\/maghreb-observateur.com\/index.php?rest_route=%2Fwp%2Fv2%2Fmedia&parent=17692"}],"wp:term":[{"taxonomy":"category","embeddable":true,"href":"https:\/\/maghreb-observateur.com\/index.php?rest_route=%2Fwp%2Fv2%2Fcategories&post=17692"},{"taxonomy":"post_tag","embeddable":true,"href":"https:\/\/maghreb-observateur.com\/index.php?rest_route=%2Fwp%2Fv2%2Ftags&post=17692"}],"curies":[{"name":"wp","href":"https:\/\/api.w.org\/{rel}","templated":true}]}}