{"id":17678,"date":"2023-02-09T10:51:50","date_gmt":"2023-02-09T15:51:50","guid":{"rendered":"https:\/\/maghreb-observateur.com\/?p=17678"},"modified":"2023-02-09T10:51:52","modified_gmt":"2023-02-09T15:51:52","slug":"canada-les-tarifs-et-prestations-qui-ont-change-au-1er-janvier-2023","status":"publish","type":"post","link":"https:\/\/maghreb-observateur.com\/?p=17678","title":{"rendered":"Canada Les tarifs et prestations qui ont chang\u00e9 au 1er janvier 2023"},"content":{"rendered":"\n<p><img decoding=\"async\" loading=\"lazy\" width=\"702\" height=\"295\" src=\"https:\/\/immigrantquebec.com\/fr\/wp-content\/uploads\/2023\/01\/michelle-spollen-P22AFmgMuUc-unsplash-768x323.jpg\" alt=\"\" srcset=\"https:\/\/immigrantquebec.com\/fr\/wp-content\/uploads\/2023\/01\/michelle-spollen-P22AFmgMuUc-unsplash-768x323.jpg 768w, https:\/\/immigrantquebec.com\/fr\/wp-content\/uploads\/2023\/01\/michelle-spollen-P22AFmgMuUc-unsplash-300x126.jpg 300w, https:\/\/immigrantquebec.com\/fr\/wp-content\/uploads\/2023\/01\/michelle-spollen-P22AFmgMuUc-unsplash.jpg 950w\"><\/p>\n\n\n\n<p><em>La nouvelle ann\u00e9e apporte traditionnellement son lot de hausses tarifaires et autres indexations de prestations sociales. Passage en revue des principaux changements qui sont entr\u00e9s en vigueur le 1er&nbsp;janvier 2023, mais aussi ceux attendus plus tard cette ann\u00e9e.<\/em><\/p>\n\n\n\n<h2 class=\"wp-block-heading\">Les principales hausses en vigueur au 1er&nbsp;janvier 2023<\/h2>\n\n\n\n<p>Pour beaucoup de personnes vivant au Qu\u00e9bec, le 1er&nbsp;janvier marque l\u2019augmentation des frais li\u00e9s au&nbsp;<strong>renouvellement de son permis de conduire et \u00e0 l\u2019immatriculation de son v\u00e9hicule<\/strong>. Mais, comme l\u2019an pass\u00e9, 2023 nous r\u00e9serve encore une bonne surprise&nbsp;: un conducteur d\u2019une auto de cat\u00e9gorie&nbsp;1 \u00e0 5 et n\u2019ayant aucun point d\u2019inaptitude ne devra verser qu\u2019environ 24&nbsp;$ CAN (au lieu des 90&nbsp;$ CAN habituels) pour renouveler son permis de conduire.&nbsp;<a href=\"https:\/\/saaq.gouv.qc.ca\/saaq\/tarifs-amendes\/\" target=\"_blank\" rel=\"noreferrer noopener\">Rendez-vous sur le site de la Soci\u00e9t\u00e9 de l\u2019assurance automobile du Qu\u00e9bec<\/a>&nbsp;(SAAQ) pour conna\u00eetre les grilles compl\u00e8tes, d\u00e8s qu\u2019elle aura \u00e9t\u00e9 mise \u00e0 jour pour 2023.<\/p>\n\n\n\n<p>On poursuit sur le terrain des revalorisations tarifaires avec les&nbsp;<strong>services offerts par le minist\u00e8re de l\u2019Immigration, de la Francisation et de l\u2019Int\u00e9gration<\/strong>&nbsp;(MIFI). Ainsi, l\u2019ensemble de la grille du&nbsp;<a href=\"https:\/\/cdn-contenu.quebec.ca\/cdn-contenu\/immigration\/formulaires\/fr\/FO_capacite_autonomie_financiere_travailleurs_qualifies.pdf\" target=\"_blank\" rel=\"noreferrer noopener\">contrat d\u2019autonomie financi\u00e8re<\/a>, les montants disponibles exig\u00e9s \u00e0 l\u2019appui de toute demande d\u2019immigration temporaire ou permanente pour subvenir \u00e0 ses besoins essentiels au cours des 3&nbsp;mois qui suivent son arriv\u00e9e au Qu\u00e9bec. Ainsi, au 1er&nbsp;janvier 2023, le montant pour un requ\u00e9rant principal seul est pass\u00e9 de 3\u2009371&nbsp;$ CAN \u00e0 3\u2009588&nbsp;$ CAN. Autre exemple, pour un requ\u00e9rant principal avec conjoint et deux enfants \u00e0 charge de moins de 18&nbsp;ans, ce montant passe de 5\u2009976&nbsp;$ CAN \u00e0 6\u2009361&nbsp;$ CAN.<\/p>\n\n\n\n<p>Autres augmentations li\u00e9es \u00e0 l\u2019immigration, les frais \u00e0 l\u2019appui d\u2019une demande de s\u00e9lection temporaire ou d\u2019une demande de s\u00e9lection permanente aupr\u00e8s du MIFI sont revaloris\u00e9s au 1er&nbsp;janvier.<\/p>\n\n\n\n<p>Les droits exigibles pour l\u2019examen d\u2019une&nbsp;<strong>demande de s\u00e9lection temporaire pour \u00e9tudes<\/strong>&nbsp;s\u2019\u00e9l\u00e8vent cette ann\u00e9e \u00e0 124&nbsp;$ CAN. Quant au tarif d\u2019une demande d\u2019<strong>\u00e9valuation comparative des \u00e9tudes r\u00e9alis\u00e9es hors du Qu\u00e9bec<\/strong>, il vous en co\u00fbtera 130 $ CAN (contre 126 $ CAN en 2022).<\/p>\n\n\n\n<p>Dans le cadre d\u2019un&nbsp;<strong>permis de travail temporaire soumis \u00e0 l\u2019EIMT<\/strong>, les droits exigibles pour l\u2019\u00e9valuation des effets d\u2019une offre d\u2019emploi temporaire sur le march\u00e9 du travail au Qu\u00e9bec pr\u00e9sent\u00e9e par un employeur s\u2019\u00e9l\u00e8vent d\u00e9sormais \u00e0 216&nbsp;$ CAN (payables par l\u2019employeur), et il en va de m\u00eame des frais relatifs \u00e0 la demande de s\u00e9lection temporaire au titre de travailleur \u00e9tranger temporaire&nbsp;: 216&nbsp;$ CAN, payables par l\u2019employeur ou le travailleur directement.<\/p>\n\n\n\n<p>Enfin, si vous pr\u00e9sentez une demande de s\u00e9lection permanente en vue d\u2019obtenir un certificat de s\u00e9lection du Qu\u00e9bec, il en co\u00fbtera cette ann\u00e9e 869&nbsp;$ CAN au requ\u00e9rant principal et 186&nbsp;$ CAN pour son \u00e9poux ou conjoint de fait, ainsi que 186&nbsp;$ CAN par enfant \u00e0 charge. Pour un tour complet des majorations op\u00e9r\u00e9es,&nbsp;<a href=\"https:\/\/www.quebec.ca\/nouvelles\/actualites\/details\/majoration-tarifs-44924\" target=\"_blank\" rel=\"noreferrer noopener\">consultez le document mis \u00e0 disposition par le MIFI<\/a>.<\/p>\n\n\n\n<p>\u00c0 noter que les frais exig\u00e9s au f\u00e9d\u00e9ral par Immigration, R\u00e9fugi\u00e9s et Citoyennet\u00e9 Canada font l\u2019objet, depuis 2020, d\u2019une hausse tous les deux ans.&nbsp;<a href=\"https:\/\/immigrantquebec.com\/fr\/actualites\/hausse-des-frais-lies-a-la-residence-permanente-des-le-30-avril-2022\/\" target=\"_blank\" rel=\"noreferrer noopener\">Les tarifs en vigueur en 2022<\/a>&nbsp;seront donc inchang\u00e9s en 2023.<\/p>\n\n\n\n<p>Enfin, le tarif journalier en&nbsp;<a href=\"https:\/\/www.mfa.gouv.qc.ca\/fr\/services-de-garde\/programme-contribution-reduite\/Pages\/index.aspx\" target=\"_blank\" rel=\"noreferrer noopener\"><strong>service de garde subventionn\u00e9<\/strong><\/a>&nbsp;passe de 8,70&nbsp;$ CAN \u00e0 8,85&nbsp;$ CAN par jour et par enfant.<\/p>\n\n\n\n<p>Mais toutes les hausses ne se font pas au d\u00e9triment des particuliers. Les&nbsp;<strong>seuils d\u2019imposition<\/strong>&nbsp;ont \u00e9t\u00e9 relev\u00e9s pour l\u2019ann\u00e9e&nbsp;2022 (soit pour l\u2019ann\u00e9e fiscale qui s\u2019est achev\u00e9e au 31&nbsp;d\u00e9cembre 2022), et s\u2019\u00e9tablissent, au provincial, selon la grille suivante&nbsp;:<\/p>\n\n\n\n<ul>\n<li>le taux de 15&nbsp;% s\u2019applique \u00e0 la tranche de revenu imposable inf\u00e9rieur ou \u00e9gal \u00e0 46\u2009295&nbsp;$ CAN\u2009;<\/li>\n\n\n\n<li>le taux de 20&nbsp;% s\u2019applique \u00e0 la tranche de revenu imposable sup\u00e9rieur \u00e0 46\u2009295&nbsp;$ CAN, ne d\u00e9passant pas \u00e0 92\u2009580&nbsp;$ CAN\u2009;<\/li>\n\n\n\n<li>le taux de 24&nbsp;% s\u2019applique \u00e0 la tranche de revenu imposable sup\u00e9rieur \u00e0 92\u2009580&nbsp;$ CAN, ne d\u00e9passant pas 112\u2009655&nbsp;$ CAN\u2009;<\/li>\n\n\n\n<li>le taux de 25,75&nbsp;% s\u2019applique \u00e0 la tranche de revenu imposable sup\u00e9rieur \u00e0 112\u2009655&nbsp;$ CAN.<\/li>\n<\/ul>\n\n\n\n<p>Au jour o\u00f9 nous \u00e9crivons cet article, les seuils f\u00e9d\u00e9raux d\u2019imposition n\u2019ont pas encore \u00e9t\u00e9 mis \u00e0 jour pour l\u2019ann\u00e9e&nbsp;2022.&nbsp;<a href=\"https:\/\/www.canada.ca\/fr\/services\/impots\/impot-sur-le-revenu.html\" target=\"_blank\" rel=\"noreferrer noopener\">Consultez le site de l\u2019Agence du revenu du Canada<\/a>&nbsp;(ARC) pour rester inform\u00e9 de l\u2019\u00e9volution des taux.<\/p>\n\n\n\n<h2 class=\"wp-block-heading\">Les augmentations \u00e0 venir au cours de l\u2019ann\u00e9e\u2026<\/h2>\n\n\n\n<p>Parmi les hausses notoires \u00e0 venir plus tard cette ann\u00e9e, citons notamment\u2026<\/p>\n\n\n\n<p>Le prix des&nbsp;<strong>titres de transports en commun<\/strong>&nbsp;augmente traditionnellement chaque ann\u00e9e. \u00c0 la Soci\u00e9t\u00e9 des transports de Montr\u00e9al (STM), cette hausse intervient le 1er&nbsp;juillet. \u00c0 titre indicatif, les tarifs en vigueur jusqu\u2019au 30&nbsp;juin 2022 s\u2019\u00e9l\u00e8vent, par exemple, \u00e0 3,50&nbsp;$ CAN pour un passage (ordinaire), 94&nbsp;$ CAN pour un abonnement mensuel (et 56,50&nbsp;$ CAN pour les 6-17&nbsp;ans, 65&nbsp;ans et plus et les \u00e9tudiants de 18&nbsp;ans et plus). \u00c0 noter que l\u2019Autorit\u00e9 r\u00e9gionale du transport m\u00e9tropolitain (ARTM) a d\u00e9cid\u00e9 de r\u00e9organiser, \u00e0 compter du 1er&nbsp;juillet 2022,&nbsp;<a href=\"https:\/\/www.stm.info\/fr\/tarifs\/titres-de-transport\/nouvelle-tarification-en-vigueur-le-1er-juillet-2022\" target=\"_blank\" rel=\"noreferrer noopener\">l\u2019ensemble de la grille tarifaire<\/a>&nbsp;des transports selon un d\u00e9coupage en quatre zones, afin de couvrir le territoire du Grand Montr\u00e9al.<\/p>\n\n\n\n<p>Lors d\u2019une inscription \u00e0 la RAMQ pour la premi\u00e8re fois, l\u2019inscription \u00e0 l\u2019<strong>assurance m\u00e9dicaments<\/strong>&nbsp;est automatique. Pour autant,&nbsp;<a href=\"https:\/\/www.ramq.gouv.qc.ca\/fr\/citoyens\/assurance-medicaments\/prime-annuelle\" target=\"_blank\" rel=\"noreferrer noopener\">les m\u00e9dicaments ne sont pas gratuits<\/a>&nbsp;: une partie doit \u00eatre pay\u00e9e, dont le plafond est revaloris\u00e9 chaque ann\u00e9e. \u00c0 ce jour, il s\u2019\u00e9tablit \u00e0 96,74&nbsp;$ CAN mensuels. Dans le cas d\u2019une couverture par le r\u00e9gime public, il faut payer une prime annuelle, dont le plafond est lui aussi actualis\u00e9 tous les ans, allant de 0&nbsp;$ CAN \u00e0 710&nbsp;$ CAN. Cette prime est per\u00e7ue lors de la d\u00e9claration annuelle de revenus. Ces tarifs sont en vigueur depuis le 1er&nbsp;juillet 2022, et seront donc r\u00e9vis\u00e9s le 1er&nbsp;juillet 2023.<\/p>\n\n\n\n<p>Toujours au sujet de la sant\u00e9,&nbsp;<strong>certains \u00e9tudiants \u00e9trangers inscrits au coll\u00e9gial<\/strong>&nbsp;b\u00e9n\u00e9ficient d\u2019un&nbsp;<a href=\"https:\/\/www.ramq.gouv.qc.ca\/fr\/citoyens\/assurance-maladie\/ententes-securite-sociale-autres-pays\" target=\"_blank\" rel=\"noreferrer noopener\">accord de s\u00e9curit\u00e9 sociale<\/a>&nbsp;entre leur pays d\u2019origine et le R\u00e9gime de l\u2019assurance maladie du Qu\u00e9bec (RAMQ). Il s\u2019agit des pays suivants&nbsp;: Belgique, Danemark, Finlande, France, Gr\u00e8ce, Luxembourg, Norv\u00e8ge, Portugal, Roumanie, Serbie et Su\u00e8de. Tous les autres doivent obligatoirement souscrire au r\u00e9gime collectif d\u2019assurance maladie et hospitalisation des \u00e9tudiants \u00e9trangers, pour \u00eatre admis par leur c\u00e9gep. Le montant annuel de la prime est r\u00e9\u00e9valu\u00e9 chaque ann\u00e9e. Il s\u2019\u00e9l\u00e8ve actuellement \u00e0 816&nbsp;$ CAN, jusqu\u2019au 31&nbsp;juillet 2023.<\/p>\n\n\n\n<p>Enfin, pour finir sur une note positive, mentionnons la&nbsp;<strong>hausse traditionnelle du salaire minimum<\/strong>, qui a lieu tous les ans, le 1er&nbsp;mai. En 2023, le montant horaire de ce salaire minimum passera ainsi de 14,25&nbsp;$ CAN \u00e0 15,25 $ CAN, classant le Qu\u00e9bec au troisi\u00e8me rang national, apr\u00e8s la Colombie-Britannique (15,65 $ CAN) et l\u2019Ontario (15,50 $ CAN). Le taux horaire des employ\u00e9s \u00e0 pourboire grimpera, quant \u00e0 lui, de 11,40&nbsp;$ CAN \u00e0 12,20 $ CAN de l\u2019heure. Pour m\u00e9moire, le salaire horaire m\u00e9dian au Qu\u00e9bec, au 30&nbsp;avril 2022, est de 25&nbsp;$ CAN de l\u2019heure (brut).<\/p>\n\n\n\n<p>Source : L&#8217;immigrant<\/p>\n","protected":false},"excerpt":{"rendered":"<p>La nouvelle ann\u00e9e apporte traditionnellement son lot de hausses tarifaires et autres indexations de prestations sociales. Passage en revue des principaux changements qui sont entr\u00e9s en vigueur le 1er&nbsp;janvier 2023,&hellip; <\/p>\n","protected":false},"author":87,"featured_media":9284,"comment_status":"open","ping_status":"closed","sticky":false,"template":"","format":"standard","meta":{"_bbp_topic_count":0,"_bbp_reply_count":0,"_bbp_total_topic_count":0,"_bbp_total_reply_count":0,"_bbp_voice_count":0,"_bbp_anonymous_reply_count":0,"_bbp_topic_count_hidden":0,"_bbp_reply_count_hidden":0,"_bbp_forum_subforum_count":0,"ngg_post_thumbnail":0},"categories":[109,113,103],"tags":[],"_links":{"self":[{"href":"https:\/\/maghreb-observateur.com\/index.php?rest_route=\/wp\/v2\/posts\/17678"}],"collection":[{"href":"https:\/\/maghreb-observateur.com\/index.php?rest_route=\/wp\/v2\/posts"}],"about":[{"href":"https:\/\/maghreb-observateur.com\/index.php?rest_route=\/wp\/v2\/types\/post"}],"author":[{"embeddable":true,"href":"https:\/\/maghreb-observateur.com\/index.php?rest_route=\/wp\/v2\/users\/87"}],"replies":[{"embeddable":true,"href":"https:\/\/maghreb-observateur.com\/index.php?rest_route=%2Fwp%2Fv2%2Fcomments&post=17678"}],"version-history":[{"count":1,"href":"https:\/\/maghreb-observateur.com\/index.php?rest_route=\/wp\/v2\/posts\/17678\/revisions"}],"predecessor-version":[{"id":17679,"href":"https:\/\/maghreb-observateur.com\/index.php?rest_route=\/wp\/v2\/posts\/17678\/revisions\/17679"}],"wp:featuredmedia":[{"embeddable":true,"href":"https:\/\/maghreb-observateur.com\/index.php?rest_route=\/wp\/v2\/media\/9284"}],"wp:attachment":[{"href":"https:\/\/maghreb-observateur.com\/index.php?rest_route=%2Fwp%2Fv2%2Fmedia&parent=17678"}],"wp:term":[{"taxonomy":"category","embeddable":true,"href":"https:\/\/maghreb-observateur.com\/index.php?rest_route=%2Fwp%2Fv2%2Fcategories&post=17678"},{"taxonomy":"post_tag","embeddable":true,"href":"https:\/\/maghreb-observateur.com\/index.php?rest_route=%2Fwp%2Fv2%2Ftags&post=17678"}],"curies":[{"name":"wp","href":"https:\/\/api.w.org\/{rel}","templated":true}]}}