{"id":17252,"date":"2023-01-10T04:35:51","date_gmt":"2023-01-10T09:35:51","guid":{"rendered":"https:\/\/maghreb-observateur.com\/?p=17252"},"modified":"2023-01-10T04:35:53","modified_gmt":"2023-01-10T09:35:53","slug":"interview-avec-ahmed-ait-sidi-abdelkader-le-maroc-aura-besoin-dune-strategie-a-part-entiere-pour-accompagner-les-mre-porteurs-de-projets","status":"publish","type":"post","link":"https:\/\/maghreb-observateur.com\/?p=17252","title":{"rendered":"Interview avec Ahmed Ait Sidi Abdelkader : \u00ab Le Maroc aura besoin d\u2019une strat\u00e9gie \u00e0 part enti\u00e8re pour accompagner les MRE porteurs de projets \u00bb"},"content":{"rendered":"\n<p>R\u00e9dig\u00e9 par Mina Elkhodari <\/p>\n\n\n\n<h3 class=\"wp-block-heading\">Les Marocains r\u00e9sidant \u00e0 l\u2019\u00e9tranger (MRE) r\u00e9v\u00e8lent des talents dans plusieurs domaines de par le monde et s\u2019illustrent ainsi comme les ambassadeurs de l\u2019excellence marocaine \u00e0 l\u2019\u00e9tranger. C\u2019est le cas de l\u2019artisan marocain Ahmed Ait Sidi Abdelkader qui fa\u00e7onne les troph\u00e9es et m\u00e9dailles de prestigieuses comp\u00e9titions sportives pour le compte d\u2019une entreprise italienne. Interview avec celui qui, fier de son attachement \u00e0 la m\u00e8re-patrie, plaide pour plus d\u2019efforts pour encourager les MRE porteurs de projets.<\/h3>\n\n\n\n<figure class=\"wp-block-image\"><a href=\"javascript:void(0)\" title=\"Interview avec Ahmed Ait Sidi Abdelkader : \u00ab Le Maroc aura besoin d\u2019une strat\u00e9gie \u00e0 part enti\u00e8re pour  accompagner les MRE porteurs de projets \u00bb\"><img decoding=\"async\" src=\"https:\/\/www.lopinion.ma\/photo\/art\/default\/70009414-48873897.jpg?v=1673261437\" alt=\"Interview avec Ahmed Ait Sidi Abdelkader : \u00ab Le Maroc aura besoin d\u2019une strat\u00e9gie \u00e0 part enti\u00e8re pour  accompagner les MRE porteurs de projets \u00bb\" title=\"Interview avec Ahmed Ait Sidi Abdelkader : \u00ab Le Maroc aura besoin d\u2019une strat\u00e9gie \u00e0 part enti\u00e8re pour  accompagner les MRE porteurs de projets \u00bb\"\/><\/a><\/figure>\n\n\n\n<p><strong>&#8211; Vous \u00eates le seul artisan marocain et \u00e9tranger parmi les artisans d\u2019une entreprise italienne sp\u00e9cialis\u00e9e dans la fabrication des m\u00e9dailles et troph\u00e9es des comp\u00e9titions sportives. Comment avez-vous joint ce domaine ?&nbsp;<\/strong><\/p>\n\n\n\n<p>&#8211; Apr\u00e8s avoir quitt\u00e9 Ouarzazate vers l\u2019Italie au d\u00e9but des ann\u00e9es 90, j\u2019ai travaill\u00e9 dans la maintenance de pi\u00e8ces de rechange avant de rejoindre l\u2019entreprise italienne sp\u00e9cialis\u00e9e dans la conception et la fabrication des m\u00e9dailles et troph\u00e9es des comp\u00e9titions sportives internationales. En fait, depuis ces ann\u00e9es, j\u2019ai particip\u00e9 \u00e0 la conception des troph\u00e9es de la Coupe du Monde \u00e0 six reprises, \u00e0 l\u2019occasion des \u00e9ditions de la Coupe du Monde de Cor\u00e9e du Sud et Japon en 2002, d\u2019Allemagne en 2006, d\u2019Afrique du Sud en 2010, du Br\u00e9sil en 2014 et de Russie en 2018, et enfin la version du Qatar en 2022.<\/p>\n\n\n\n<p>Je suis le seul Arabe et Marocain parmi les artisans de cette entreprise. Le fait de vivre cette exp\u00e9rience si unique et de travailler pour la conception d\u2019un troph\u00e9e qui fait la joie de toute une nation, me rend aussi fier d\u2019autant plus que je suis Marocain.<\/p>\n\n\n\n<p>D\u2019ailleurs, mon int\u00e9r\u00eat pour l\u2019artisanat n\u2019est pas d\u00fb au hasard, car je suis issu de famille d\u2019artisans. Depuis mon jeune \u00e2ge, je regardais ma m\u00e8re en train de faire le tissage des tapis pour les vendre aux touristes de la r\u00e9gion. C\u2019est de l\u00e0 que j\u2019ai appris \u00e0 aimer l\u2019artisanat.&nbsp;<\/p>\n\n\n\n<p><strong>&#8211; Vous avez particip\u00e9 \u00e0 la fabrication de plusieurs m\u00e9dailles et troph\u00e9es de prestigieuses comp\u00e9titions sportives, pourtant, le pr\u00e9cieux troph\u00e9e de la Coupe du Monde au Qatar 2022 a fait, pour vous, un effet sp\u00e9cial. En quoi cette \u00e9dition \u00e9tait singuli\u00e8re ?&nbsp;<\/strong><\/p>\n\n\n\n<p>&#8211; Nous avons fabriqu\u00e9 tant de troph\u00e9es et de m\u00e9dailles, mais celle de 2022 a \u00e9t\u00e9 exceptionnelle dans tous les sens, notamment pour moi en tant que Marocain car j\u2019ai vu que l\u2019\u00e9quipe de mon pays \u00e9tait en lice pour gagner la Coupe du Monde, surtout qu\u2019elle a excell\u00e9 dans la comp\u00e9tition.&nbsp;<\/p>\n\n\n\n<p>D\u2019ailleurs, depuis le d\u00e9but des travaux de fabrication du troph\u00e9e et des m\u00e9dailles que les vainqueurs ont remport\u00e9es, nous avons fait pour le Maroc, \u00e0 l\u2019exception d\u2019autres \u00e9quipes, deux boucliers dont un a \u00e9t\u00e9 con\u00e7u sp\u00e9cialement dans les ateliers de l\u2019entreprise, car nous \u00e9tions s\u00fbrs que le Maroc va&nbsp;partir beaucoup plus loin dans la comp\u00e9tition. Effectivement, c\u2019est ce qui s\u2019est pass\u00e9, l\u2019\u00e9quipe nationale est devenue la premi\u00e8re \u00e9quipe africaine \u00e0 atteindre le carr\u00e9e d\u2019or et a lev\u00e9 haut le drapeau de son pays.&nbsp;<\/p>\n\n\n\n<p><strong>&#8211; En tant que Marocain r\u00e9sidant \u00e0 l\u2019\u00e9tranger, avez-vous constat\u00e9 une \u00e9volution positive de l\u2019image du Maroc en Italie et en Europe en g\u00e9n\u00e9ral apr\u00e8s le Mondial ?&nbsp;<\/strong><\/p>\n\n\n\n<p>&#8211; Tout \u00e0 fait. C\u2019est un constat tr\u00e8s important qu\u2019il ne faut pas n\u00e9gliger. L\u2019\u00e9quipe nationale a donn\u00e9 une tr\u00e8s bonne image du Maroc et des Marocains pour tout le monde.<\/p>\n\n\n\n<p>Ici, en Italie comme dans pas mal d\u2019autres pays, les Italiens ont encourag\u00e9 l\u2019\u00e9quipe nationale durant tout son parcours au Mondial. Les Marocains sont trait\u00e9s apr\u00e8s le Mondial de fa\u00e7on exceptionnelle. Lorsque les gens d\u00e9couvrent que je suis Marocain, que ce soit dans l\u2019administration ou dans les&nbsp;grandes surfaces, ils n\u2019h\u00e9sitent pas \u00e0 \u00e9voquer les Lions de l\u2019Atlas et leur excellent parcours parmi les meilleurs de la Coupe du Monde.<\/p>\n\n\n\n<p>Comme je suis tr\u00e8s actif dans une association en Italie qui rassemble des personnes de diff\u00e9rents pays, j\u2019ai pu constater que le Maroc est devenu au centre des discussions. Tout le monde s\u2019int\u00e9resse \u00e0 notre pays et cherche \u00e0 en savoir plus pour s\u2019y rendre.<\/p>\n\n\n\n<p>Sinc\u00e8rement, l\u2019exploit de l\u2019\u00e9quipe nationale a pu donner au Maroc, en quelques jours seulement, ce qui n\u2019a pas pu \u00eatre obtenu par de longues ann\u00e9es de publicit\u00e9 touristique.&nbsp;<\/p>\n\n\n\n<p><strong>&#8211; Vous avez v\u00e9cu plus de 20 ans en Europe, avez-vous l\u2019id\u00e9e de revenir pour s\u2019installer d\u00e9finitivement au Maroc ?&nbsp;<\/strong><\/p>\n\n\n\n<p>&#8211; Le Maroc est dans notre c\u0153ur et dans notre sang. Je vous le dis en toute sinc\u00e9rit\u00e9. Je suis immigr\u00e9&nbsp;et fils d\u2019immigr\u00e9s, car mon p\u00e8re a quitt\u00e9 le Maroc dans les ann\u00e9es 60 pour s\u2019installer \u00e0 l\u2019\u00e9tranger. Aujourd\u2019hui, ma petite famille est \u00e0 l\u2019\u00e9tranger, mais cela ne nous emp\u00eache pas de visiter le Maroc \u00e0 chaque fois que c\u2019est possible.<\/p>\n\n\n\n<p>Pourtant, revenir au Maroc pour y investir s\u2019av\u00e8re difficile, non pas seulement pour moi mais pour plusieurs Marocains du monde, surtout en relation avec des dysfonctionnements qui persistent dans l\u2019administration publique. D\u2019ailleurs, des proches \u00e0 moi ont d\u00e9cid\u00e9 de lancer des projets au Maroc, mais ils se sont heurt\u00e9s \u00e0 plusieurs \u00e9cueils pour r\u00e9gler leurs affaires administratives afin de lancer un simple projet.<\/p>\n\n\n\n<p>Cette situation n\u2019a certainement pas \u00e9t\u00e9 favorable \u00e0 plusieurs MRE d\u00e9sireux de se lancer dans l\u2019investissement dans la m\u00e8re-patrie. Elle peut m\u00eame peser sur la volont\u00e9 de plusieurs autres, car personne ne veut aujourd\u2019hui s\u2019aventurer \u00e0 perdre du temps entre les administrations et les responsables.<\/p>\n\n\n\n<p>Pour le cas de ma famille, nous avions au d\u00e9but l\u2019id\u00e9e de travailler pour 5 ans \u00e0 l\u2019\u00e9tranger, gagner un peu d\u2019argent avant de revenir \u00e0 la m\u00e8re-patrie. Or, les ann\u00e9es passent si vite et les conditions au Maroc sont toujours loin de nous permettre d\u2019y investir dans l\u2019int\u00e9r\u00eat bien compris de notre pays et de son d\u00e9veloppement.<\/p>\n\n\n\n<p><strong>&#8211; Quelles sont, selon vous en tant que MRE, les actions \u00e0 mener pour d\u00e9passer les difficult\u00e9s qui rebutent les MRE porteurs de projets au Maroc, et pour les pousser \u00e0 l\u2019acte ?&nbsp;<\/strong><\/p>\n\n\n\n<p>&#8211; Sans aucune h\u00e9sitation, je dirai l\u2019acc\u00e9l\u00e9ration des proc\u00e9dures administratives. Dans certains pays du monde arabe, le porteur de projet a droit \u00e0 une proc\u00e9dure administrative facile, souple et moins d\u00e9licate qui ne d\u00e9passe pas les 24 heures. Au Maroc, la proc\u00e9dure administrative est beaucoup plus longue que le s\u00e9jour du MRE. Faute de trouver \u00e0 plein temps un responsable \u00e0 son poste ou de communication et pleines d\u2019autres difficult\u00e9s, le MRE passe de longs jours d\u2019attente pour avoir une simple autorisation.<\/p>\n\n\n\n<p>A cela s\u2019ajoute le volet de la justice. En effet, des dossiers d\u2019investissement de plusieurs MRE sont mis au placard au niveau de diff\u00e9rents tribunaux du Royaume depuis des ann\u00e9es, certains ont perdu leurs terrains, leurs biens immobiliers et m\u00eame leur argent.<\/p>\n\n\n\n<p>Comment se fait-il que le dossier d\u2019un MRE reste dans les placards des tribunaux pour plus de 20 ans ? De ce fait, il faut mettre en \u0153uvre la vision strat\u00e9gique exprim\u00e9e par SM le Roi Mohammed VI. C\u2019est-\u00e0-dire la mise en place d\u2019une strat\u00e9gie \u00e0 part enti\u00e8re en mesure de fournir un climat favorable aux MRE porteurs de projets et leur assurer l\u2019accompagnement n\u00e9cessaire.&nbsp;<\/p>\n\n\n\n<p>Si le c\u00f4t\u00e9 administratif n\u2019\u00e9volue pas, le Maroc perdra ses citoyens qui vont certainement opter pour d\u2019autres pays l\u00e0 o\u00f9 la situation est beaucoup meilleure pour investir. Les proc\u00e9dures des r\u00e8glements des diff\u00e9rends dans les tribunaux de commerce devraient \u00e9galement \u00eatre plus souples et plus rapides pour les MRE.<\/p>\n\n\n\n<p><strong>Recueillis par Mina ELKHODARI&nbsp;<\/strong><\/p>\n\n\n\n<p><strong>Vers un dispositif incitatif sp\u00e9cial d\u00e9di\u00e9&nbsp;&nbsp;aux Marocains du Monde<\/strong><\/p>\n\n\n\n<p>La migration marocaine vers l\u2019\u00e9tranger a connu une \u00e9volution remarquable au cours des derni\u00e8res d\u00e9cennies, et le Maroc compte, selon le Haut-Commissariat au Plan (HCP), plus de cinq millions de Marocains R\u00e9sidant \u00e0 l\u2019Etranger (MRE). Plus des quatre-cinqui\u00e8mes d\u2019entre eux sont pr\u00e9sents en Europe, principalement en France, en Belgique, aux Pays-Bas et en Allemagne. Au fil des ann\u00e9es, ils se retrouvent de plus en plus dans d\u2019autres pays, notamment m\u00e9diterran\u00e9ens, tels que l\u2019Italie et l\u2019Espagne, dans les pays d\u2019Am\u00e9rique du Nord (les Etats-Unis et le Canada), ainsi que dans les pays du Golfe.<\/p>\n\n\n\n<p>D\u2019ailleurs, les contributions des MRE \u00e0 l\u2019\u00e9conomie nationale en termes de devises ont fr\u00f4l\u00e9, d\u2019apr\u00e8s les derni\u00e8res donn\u00e9es de l\u2019Office des Changes, les 99,5 milliards de dirhams au titre des onze premiers mois de 2022.&nbsp;<\/p>\n\n\n\n<p>Compte tenu de la place qu\u2019occupe cette communaut\u00e9 et de l\u2019importance de son r\u00f4le dans l\u2019\u00e9conomie nationale, SM le Roi Mohammed VI avait appel\u00e9 \u00e0 la mise en place d\u2019un m\u00e9canisme adapt\u00e9 aux besoins des Marocains du Monde pour assurer leur encadrement et leur donner les moyens propres \u00e0 favoriser leur \u00e9panouissement et les liens positifs avec la m\u00e8tre-patri.<\/p>\n\n\n\n<p>Source : <a href=\"https:\/\/www.lopinion.ma\/Interview-avec-Ahmed-Ait-Sidi-Abdelkader-Le-Maroc-aura-besoin-d-une-strategie-a-part-entiere-pour-accompagner-les-MRE_a35343.html\" data-type=\"URL\" data-id=\"https:\/\/www.lopinion.ma\/Interview-avec-Ahmed-Ait-Sidi-Abdelkader-Le-Maroc-aura-besoin-d-une-strategie-a-part-entiere-pour-accompagner-les-MRE_a35343.html\">https:\/\/www.lopinion.ma\/Interview-avec-Ahmed-Ait-Sidi-Abdelkader-Le-Maroc-aura-besoin-d-une-strategie-a-part-entiere-pour-accompagner-les-MRE_a35343.html<\/a><\/p>\n","protected":false},"excerpt":{"rendered":"<p>R\u00e9dig\u00e9 par Mina Elkhodari Les Marocains r\u00e9sidant \u00e0 l\u2019\u00e9tranger (MRE) r\u00e9v\u00e8lent des talents dans plusieurs domaines de par le monde et s\u2019illustrent ainsi comme les ambassadeurs de l\u2019excellence marocaine \u00e0&hellip; <\/p>\n","protected":false},"author":87,"featured_media":0,"comment_status":"open","ping_status":"closed","sticky":false,"template":"","format":"standard","meta":{"_bbp_topic_count":0,"_bbp_reply_count":0,"_bbp_total_topic_count":0,"_bbp_total_reply_count":0,"_bbp_voice_count":0,"_bbp_anonymous_reply_count":0,"_bbp_topic_count_hidden":0,"_bbp_reply_count_hidden":0,"_bbp_forum_subforum_count":0,"ngg_post_thumbnail":0},"categories":[99,108,114],"tags":[],"_links":{"self":[{"href":"https:\/\/maghreb-observateur.com\/index.php?rest_route=\/wp\/v2\/posts\/17252"}],"collection":[{"href":"https:\/\/maghreb-observateur.com\/index.php?rest_route=\/wp\/v2\/posts"}],"about":[{"href":"https:\/\/maghreb-observateur.com\/index.php?rest_route=\/wp\/v2\/types\/post"}],"author":[{"embeddable":true,"href":"https:\/\/maghreb-observateur.com\/index.php?rest_route=\/wp\/v2\/users\/87"}],"replies":[{"embeddable":true,"href":"https:\/\/maghreb-observateur.com\/index.php?rest_route=%2Fwp%2Fv2%2Fcomments&post=17252"}],"version-history":[{"count":1,"href":"https:\/\/maghreb-observateur.com\/index.php?rest_route=\/wp\/v2\/posts\/17252\/revisions"}],"predecessor-version":[{"id":17254,"href":"https:\/\/maghreb-observateur.com\/index.php?rest_route=\/wp\/v2\/posts\/17252\/revisions\/17254"}],"wp:attachment":[{"href":"https:\/\/maghreb-observateur.com\/index.php?rest_route=%2Fwp%2Fv2%2Fmedia&parent=17252"}],"wp:term":[{"taxonomy":"category","embeddable":true,"href":"https:\/\/maghreb-observateur.com\/index.php?rest_route=%2Fwp%2Fv2%2Fcategories&post=17252"},{"taxonomy":"post_tag","embeddable":true,"href":"https:\/\/maghreb-observateur.com\/index.php?rest_route=%2Fwp%2Fv2%2Ftags&post=17252"}],"curies":[{"name":"wp","href":"https:\/\/api.w.org\/{rel}","templated":true}]}}