{"id":17068,"date":"2023-01-02T04:28:13","date_gmt":"2023-01-02T09:28:13","guid":{"rendered":"https:\/\/maghreb-observateur.com\/?p=17068"},"modified":"2023-01-02T04:28:14","modified_gmt":"2023-01-02T09:28:14","slug":"syrie-reprise-du-trafic-a-laeroport-de-damas-apres-des-frappes-israeliennes","status":"publish","type":"post","link":"https:\/\/maghreb-observateur.com\/?p=17068","title":{"rendered":"Syrie : reprise du trafic \u00e0 l\u2019a\u00e9roport de Damas apr\u00e8s des frappes isra\u00e9liennes"},"content":{"rendered":"\n<p>Quatre soldats&nbsp;ont \u00e9t\u00e9 tu\u00e9s, lundi 2&nbsp;janvier au matin, lors de frappes isra\u00e9liennes sur l\u2019a\u00e9roport de Damas, qui a \u00e9t\u00e9 temporairement mis hors service.<em>Source AFP<\/em><\/p>\n\n\n\n<figure class=\"wp-block-image\"><img decoding=\"async\" src=\"https:\/\/static.lpnt.fr\/images\/2023\/01\/02\/24022779lpw-24022781-article-damas-syrie-aeroport-attaque-guerre-jpg_9250709_660x287.jpg\" alt=\"L'aeroport de Damas avait deja ete mis hors service par une attaque le 10 juin 2022.\n\" title=\"L'aeroport de Damas avait deja ete mis hors service par une attaque le 10 juin 2022.\n\"\/><figcaption>L&#8217;a\u00e9roport de Damas avait d\u00e9j\u00e0 \u00e9t\u00e9&nbsp;mis hors service par une attaque le 10 juin 2022.\u00a9 &#8211; \/ AFP<\/figcaption><\/figure>\n\n\n\n<p>L&#8217;a\u00e9roport international de Damas a \u00e9t\u00e9 temporairement mis hors service lundi par des frappes isra\u00e9liennes, qui ont fait quatre morts dont deux soldats syriens, selon l&#8217;Observatoire syrien des droits de l&#8217;homme (OSDH). C&#8217;est la deuxi\u00e8me fois en moins de sept mois que l&#8217;a\u00e9roport de Damas, o\u00f9 des groupes arm\u00e9s soutenus par l&#8217;Iran\u00a0et des combattants du\u00a0Hezbollah\u00a0libanais sont pr\u00e9sents, est mis hors d&#8217;usage par\u00a0Isra\u00ebl.<\/p>\n\n\n\n<p>\u00ab\u00a0Quatre combattants, dont deux soldats syriens, ont \u00e9t\u00e9 tu\u00e9s par le bombardement isra\u00e9lien\u00a0\u00bb, a d\u00e9clar\u00e9 \u00e0 l&#8217;AFP Rami Abdel Rahmane, le directeur de l&#8217;OSDH, une organisation bas\u00e9e au\u00a0Royaume-Uni. Il n&#8217;a pas \u00e9t\u00e9 en mesure de pr\u00e9ciser la nationalit\u00e9 des deux autres tu\u00e9s. L&#8217;agence officielle syrienne Sana, citant une source militaire, a pour sa part affirm\u00e9 que deux soldats syriens avaient p\u00e9ri dans cette attaque, qui a eu lieu lundi vers 2\u00a0heures. \u00ab\u00a0L&#8217;ennemi isra\u00e9lien a men\u00e9 une agression a\u00e9rienne \u00e0 l&#8217;aide d&#8217;un barrage de missiles, visant l&#8217;a\u00e9roport international de Damas et ses environs\u00a0\u00bb, et causant \u00ab\u00a0la mort de deux soldats, des blessures \u00e0 deux autres\u00a0\u00bb et des d\u00e9g\u00e2ts mat\u00e9riels, a indiqu\u00e9 l&#8217;agence.<\/p>\n\n\n\n<h2 class=\"wp-block-heading\">Le trafic a\u00e9rien r\u00e9tabli<\/h2>\n\n\n\n<p>Dans un communiqu\u00e9 publi\u00e9 quelques heures apr\u00e8s ces frappes, le minist\u00e8re syrien des Transports a annonc\u00e9 la remise en service de l&#8217;a\u00e9roport et la reprise des vols \u00e0 partir de 9&nbsp;heures. Souleyman Khalil, responsable au sein de ce minist\u00e8re, a indiqu\u00e9 \u00e0 l&#8217;AFP que ses services avaient \u00ab&nbsp;r\u00e9tabli le travail sur l&#8217;une des pistes bombard\u00e9es tandis que le processus de r\u00e9paration de la deuxi\u00e8me piste toujours en cours&nbsp;\u00bb. \u00c0 la suite de ces frappes nocturnes, \u00ab&nbsp;un certain nombre de vols arrivant \u00e0 l&#8217;a\u00e9roport de Damas ont \u00e9t\u00e9 dirig\u00e9s vers l&#8217;a\u00e9roport de Lattaqui\u00e9&nbsp;\u00bb, a-t-il pr\u00e9cis\u00e9.<\/p>\n\n\n\n<p>Selon le chef de l&#8217;OSDH, l&#8217;attaque isra\u00e9lienne a vis\u00e9 \u00ab&nbsp;des positions du Hezbollah et de groupes pro-iraniens dans l&#8217;a\u00e9roport et ses environs, y compris un d\u00e9p\u00f4t d&#8217;armes&nbsp;\u00bb. Depuis le d\u00e9but de la guerre civile en Syrie en 2011, Isra\u00ebl a men\u00e9 des centaines de frappes a\u00e9riennes chez son voisin, ciblant des positions de l&#8217;arm\u00e9e syrienne, des forces pro-iraniennes et du Hezbollah libanais. L&#8217;\u00c9tat h\u00e9breu commente rarement ses frappes contre la Syrie, mais affirme qu&#8217;il ne permettra pas \u00e0 l&#8217;Iran d&#8217;\u00e9tendre son influence en Syrie.<\/p>\n\n\n\n<h2 class=\"wp-block-heading\">\u00abHezbollah 2.0&nbsp;\u00bb<\/h2>\n\n\n\n<p>Le 28&nbsp;d\u00e9cembre, le chef de la direction des op\u00e9rations de l&#8217;arm\u00e9e isra\u00e9lienne, le g\u00e9n\u00e9ral de division Oded Basiuk, avait \u00e9voqu\u00e9 ces raids en Syrie en pr\u00e9sentant ses perspectives op\u00e9rationnelles pour 2023. \u00ab&nbsp;Nous constatons que notre plan d&#8217;action en Syrie est un exemple de la fa\u00e7on dont une action militaire continue et persistante conduit \u00e0 fa\u00e7onner et \u00e0 influencer toute la r\u00e9gion&nbsp;\u00bb, avait affirm\u00e9 sur Twitter l&#8217;arm\u00e9e isra\u00e9lienne en rendant compte de la pr\u00e9sentation du g\u00e9n\u00e9ral Basiuk. \u00ab&nbsp;Nous n&#8217;accepterons pas un Hezbollah 2.0 en Syrie&nbsp;\u00bb, avait-elle ajout\u00e9.<\/p>\n\n\n\n<p>Dans un discours prononc\u00e9 le 29&nbsp;d\u00e9cembre \u00e0 l&#8217;Institut isra\u00e9lien d&#8217;\u00e9tudes sur la s\u00e9curit\u00e9 nationale, le lieutenant g\u00e9n\u00e9ral isra\u00e9lien Aviv Kohavi avait assur\u00e9 que \u00ab&nbsp;les arm\u00e9es que l&#8217;Iran tente d&#8217;\u00e9tablir dans tout le Moyen-Orient&nbsp;\u00bb sont l&#8217;une des facettes de la menace de la R\u00e9publique islamique pour Isra\u00ebl et le monde. Le 10&nbsp;juin, l&#8217;aviation isra\u00e9lienne avait d\u00e9j\u00e0 bombard\u00e9 l&#8217;a\u00e9roport situ\u00e9 dans le sud-est de la capitale syrienne, mettant les pistes d&#8217;atterrissage hors service pendant pr\u00e8s de deux semaines. L&#8217;a\u00e9roport d&#8217;Alep, le deuxi\u00e8me plus important du pays, avait \u00e9galement d\u00fb fermer plusieurs jours durant en septembre \u00e0 la suite de raids isra\u00e9liens.<\/p>\n\n\n\n<p>D\u00e9clench\u00e9e par la r\u00e9pression de manifestations prod\u00e9mocratie, la guerre en Syrie a fait environ 500\u00a0000 morts, d\u00e9vast\u00e9 les infrastructures du pays et d\u00e9plac\u00e9 des millions de personnes. Apr\u00e8s des ann\u00e9es de combats et de bombardements sanglants, le conflit s&#8217;est largement att\u00e9nu\u00e9 au cours des trois derni\u00e8res ann\u00e9es. Des combats sporadiques \u00e9clatent parfois, et les attaques djihadistes se poursuivent, principalement dans l&#8217;est du pays. Selon l&#8217;OSDH, qui s&#8217;appuie sur un vaste r\u00e9seau de sources en Syrie le conflit a fait au moins 3\u00a0825 morts en\u00a02022\u00a0\u2013 le nombre le plus faible depuis\u00a02011\u00a0\u2013 contre 3\u00a0882 en 2021. Parmi les morts de l&#8217;ann\u00e9e derni\u00e8re figurent 1\u00a0627 civils, dont\u00a0321\u00a0enfants.<\/p>\n\n\n\n<p>Source : <a href=\"https:\/\/www.lepoint.fr\/monde\/syrie-l-aeroport-de-damas-hors-service-apres-des-frappes-israeliennes-02-01-2023-2503418_24.php\" data-type=\"URL\" data-id=\"https:\/\/www.lepoint.fr\/monde\/syrie-l-aeroport-de-damas-hors-service-apres-des-frappes-israeliennes-02-01-2023-2503418_24.php\">https:\/\/www.lepoint.fr\/monde\/syrie-l-aeroport-de-damas-hors-service-apres-des-frappes-israeliennes-02-01-2023-2503418_24.php<\/a><\/p>\n","protected":false},"excerpt":{"rendered":"<p>Quatre soldats&nbsp;ont \u00e9t\u00e9 tu\u00e9s, lundi 2&nbsp;janvier au matin, lors de frappes isra\u00e9liennes sur l\u2019a\u00e9roport de Damas, qui a \u00e9t\u00e9 temporairement mis hors service.Source AFP L&#8217;a\u00e9roport international de Damas a \u00e9t\u00e9&hellip; <\/p>\n","protected":false},"author":87,"featured_media":9011,"comment_status":"open","ping_status":"closed","sticky":false,"template":"","format":"standard","meta":{"_bbp_topic_count":0,"_bbp_reply_count":0,"_bbp_total_topic_count":0,"_bbp_total_reply_count":0,"_bbp_voice_count":0,"_bbp_anonymous_reply_count":0,"_bbp_topic_count_hidden":0,"_bbp_reply_count_hidden":0,"_bbp_forum_subforum_count":0,"ngg_post_thumbnail":0},"categories":[99,104,204],"tags":[],"_links":{"self":[{"href":"https:\/\/maghreb-observateur.com\/index.php?rest_route=\/wp\/v2\/posts\/17068"}],"collection":[{"href":"https:\/\/maghreb-observateur.com\/index.php?rest_route=\/wp\/v2\/posts"}],"about":[{"href":"https:\/\/maghreb-observateur.com\/index.php?rest_route=\/wp\/v2\/types\/post"}],"author":[{"embeddable":true,"href":"https:\/\/maghreb-observateur.com\/index.php?rest_route=\/wp\/v2\/users\/87"}],"replies":[{"embeddable":true,"href":"https:\/\/maghreb-observateur.com\/index.php?rest_route=%2Fwp%2Fv2%2Fcomments&post=17068"}],"version-history":[{"count":1,"href":"https:\/\/maghreb-observateur.com\/index.php?rest_route=\/wp\/v2\/posts\/17068\/revisions"}],"predecessor-version":[{"id":17069,"href":"https:\/\/maghreb-observateur.com\/index.php?rest_route=\/wp\/v2\/posts\/17068\/revisions\/17069"}],"wp:featuredmedia":[{"embeddable":true,"href":"https:\/\/maghreb-observateur.com\/index.php?rest_route=\/wp\/v2\/media\/9011"}],"wp:attachment":[{"href":"https:\/\/maghreb-observateur.com\/index.php?rest_route=%2Fwp%2Fv2%2Fmedia&parent=17068"}],"wp:term":[{"taxonomy":"category","embeddable":true,"href":"https:\/\/maghreb-observateur.com\/index.php?rest_route=%2Fwp%2Fv2%2Fcategories&post=17068"},{"taxonomy":"post_tag","embeddable":true,"href":"https:\/\/maghreb-observateur.com\/index.php?rest_route=%2Fwp%2Fv2%2Ftags&post=17068"}],"curies":[{"name":"wp","href":"https:\/\/api.w.org\/{rel}","templated":true}]}}