{"id":17051,"date":"2023-01-01T05:43:01","date_gmt":"2023-01-01T10:43:01","guid":{"rendered":"https:\/\/maghreb-observateur.com\/?p=17051"},"modified":"2023-01-01T05:43:02","modified_gmt":"2023-01-01T10:43:02","slug":"ua-le-maroc-elu-president-de-lag-du-lecosocc","status":"publish","type":"post","link":"https:\/\/maghreb-observateur.com\/?p=17051","title":{"rendered":"UA: Le Maroc \u00e9lu pr\u00e9sident de l&#8217;AG du l&#8217;ECOSOCC"},"content":{"rendered":"\n<p>Par L&#8217;Economiste<\/p>\n\n\n\n<figure class=\"wp-block-image\"><a href=\"https:\/\/www.leconomiste.com\/sites\/default\/files\/eco7\/public\/ua_maroc_pdt_800.jpg\" rel=\"shadowbox[sbpost-17051];player=img;\"><img decoding=\"async\" src=\"https:\/\/www.leconomiste.com\/sites\/default\/files\/eco7\/public\/ua_maroc_pdt_800.jpg\" alt=\"UA: Le Maroc \u00e9lu pr\u00e9sident de l\"\/><\/a><\/figure>\n\n\n\n<p>Le Maroc a \u00e9t\u00e9 \u00e9lu, mercredi \u00e0 Nairobi, \u00e0 la pr\u00e9sidence de l\u2019Assembl\u00e9e g\u00e9n\u00e9rale permanente du Conseil \u00e9conomique, social et culturel de l\u2019Union africaine (ECOSOCC-UA).<\/p>\n\n\n\n<p>Lors des \u00e9lections tenues \u00e0 l\u2019occasion de la 1\u00e8re session ordinaire de la 4\u00e8me assembl\u00e9e g\u00e9n\u00e9rale permanente de l\u2019ECOSOCC-UA, le Pr\u00e9sident de l\u2019association marocaine &#8220;Cl\u00e9 de la paix pour le d\u00e9veloppement et la solidarit\u00e9,&#8221; Khalid Boudali, a \u00e9t\u00e9 \u00e9lu pr\u00e9sident de l\u2019assembl\u00e9e pour un mandat de 2 ann\u00e9es.&nbsp;Outre la pr\u00e9sidence, le Maroc est repr\u00e9sent\u00e9 \u00e0 cette assembl\u00e9e g\u00e9n\u00e9rale permanente par trois autres membres, qui ont \u00e9galement \u00e9t\u00e9 \u00e9lus lors de la r\u00e9union qui se tient du 6 au 9 d\u00e9cembre \u00e0 la capitale k\u00e9nyane.<\/p>\n\n\n\n<p><strong>Il s\u2019agit de Mme Fatima Dahbi, vice-pr\u00e9sidente de l\u2019Union Nationale des Femmes du Maroc (UNFM), Mohamed Azizi, de la Fondation Orient Occident et Mohamed Cheikh Lahlou de l\u2019Association internationale du d\u00e9veloppement \u00e9conomique et num\u00e9rique (AIDEN).<\/strong><\/p>\n\n\n\n<p>Intervenant \u00e0 cette occasion, le ministre k\u00e9nyan des Affaires \u00e9trang\u00e8res, Alfred Mutua, a f\u00e9licit\u00e9 les membres nouvellement \u00e9lus, les appelant \u00e0 assumer le leadership en faveur du d\u00e9veloppement du continent.<\/p>\n\n\n\n<p>Pour sa part,le Pr\u00e9sident de la Commission de l\u2019UA, Moussa Faki Mahamat, dont le discours a \u00e9t\u00e9 lu par la Conseill\u00e8re technique sur l&#8217;int\u00e9gration r\u00e9gionale, Rosette Nyirinkindi, a assur\u00e9 que l\u2019Union africaine continuera \u00e0 fournir des plateformes et des outils aux organisations de la soci\u00e9t\u00e9 civile afin qu&#8217;elles puissent jouer leur r\u00f4le crucial dans la r\u00e9alisation des objectifs et des aspirations de l&#8217;Agenda 2063 de l&#8217;UA .<\/p>\n\n\n\n<blockquote class=\"wp-block-quote\"><p><\/p><p>L\u2019ECOSOCC a \u00e9t\u00e9 cr\u00e9\u00e9 en juillet 2004 en tant qu\u2019organe consultatif compos\u00e9 de diff\u00e9rents groupes sociaux et professionnels des \u00c9tats membres de l\u2019UA.\u00a0Il a pour mission de donner aux organisations de la soci\u00e9t\u00e9 civile africaine l\u2019occasion de jouer un r\u00f4le actif dans l\u2019\u00e9laboration et la mise en \u0153uvre des principes, politiques et programmes de l\u2019Union.\u00a0L\u2019Assembl\u00e9e g\u00e9n\u00e9rale est l\u2019organe supr\u00eame de prise de d\u00e9cisions de l\u2019ECOSOCC. Elle a pour r\u00f4le de soumettre des avis consultatifs, des rapports, ainsi que des propositions sur le budget et les activit\u00e9s de l\u2019ECOSOCC.<\/p><cite>Source :  <a href=\"https:\/\/www.leconomiste.com\/flash-infos\/ua-le-maroc-elu-president-de-l-ag-du-l-ecosocc\" data-type=\"URL\" data-id=\"https:\/\/www.leconomiste.com\/flash-infos\/ua-le-maroc-elu-president-de-l-ag-du-l-ecosocc\">https:\/\/www.leconomiste.com\/flash-infos\/ua-le-maroc-elu-president-de-l-ag-du-l-ecosocc<\/a><\/cite><\/blockquote>\n","protected":false},"excerpt":{"rendered":"<p>Par L&#8217;Economiste Le Maroc a \u00e9t\u00e9 \u00e9lu, mercredi \u00e0 Nairobi, \u00e0 la pr\u00e9sidence de l\u2019Assembl\u00e9e g\u00e9n\u00e9rale permanente du Conseil \u00e9conomique, social et culturel de l\u2019Union africaine (ECOSOCC-UA). Lors des \u00e9lections&hellip; <\/p>\n","protected":false},"author":87,"featured_media":0,"comment_status":"open","ping_status":"closed","sticky":false,"template":"","format":"standard","meta":{"_bbp_topic_count":0,"_bbp_reply_count":0,"_bbp_total_topic_count":0,"_bbp_total_reply_count":0,"_bbp_voice_count":0,"_bbp_anonymous_reply_count":0,"_bbp_topic_count_hidden":0,"_bbp_reply_count_hidden":0,"_bbp_forum_subforum_count":0,"ngg_post_thumbnail":0},"categories":[99,108,114],"tags":[],"_links":{"self":[{"href":"https:\/\/maghreb-observateur.com\/index.php?rest_route=\/wp\/v2\/posts\/17051"}],"collection":[{"href":"https:\/\/maghreb-observateur.com\/index.php?rest_route=\/wp\/v2\/posts"}],"about":[{"href":"https:\/\/maghreb-observateur.com\/index.php?rest_route=\/wp\/v2\/types\/post"}],"author":[{"embeddable":true,"href":"https:\/\/maghreb-observateur.com\/index.php?rest_route=\/wp\/v2\/users\/87"}],"replies":[{"embeddable":true,"href":"https:\/\/maghreb-observateur.com\/index.php?rest_route=%2Fwp%2Fv2%2Fcomments&post=17051"}],"version-history":[{"count":1,"href":"https:\/\/maghreb-observateur.com\/index.php?rest_route=\/wp\/v2\/posts\/17051\/revisions"}],"predecessor-version":[{"id":17053,"href":"https:\/\/maghreb-observateur.com\/index.php?rest_route=\/wp\/v2\/posts\/17051\/revisions\/17053"}],"wp:attachment":[{"href":"https:\/\/maghreb-observateur.com\/index.php?rest_route=%2Fwp%2Fv2%2Fmedia&parent=17051"}],"wp:term":[{"taxonomy":"category","embeddable":true,"href":"https:\/\/maghreb-observateur.com\/index.php?rest_route=%2Fwp%2Fv2%2Fcategories&post=17051"},{"taxonomy":"post_tag","embeddable":true,"href":"https:\/\/maghreb-observateur.com\/index.php?rest_route=%2Fwp%2Fv2%2Ftags&post=17051"}],"curies":[{"name":"wp","href":"https:\/\/api.w.org\/{rel}","templated":true}]}}