{"id":17045,"date":"2023-01-01T06:21:03","date_gmt":"2023-01-01T11:21:03","guid":{"rendered":"https:\/\/maghreb-observateur.com\/?p=17045"},"modified":"2023-01-01T06:21:04","modified_gmt":"2023-01-01T11:21:04","slug":"francais-detenu-au-maroc-le-comite-contre-la-torture-de-lonu-saisi","status":"publish","type":"post","link":"https:\/\/maghreb-observateur.com\/?p=17045","title":{"rendered":"Fran\u00e7ais d\u00e9tenu au Maroc: le Comit\u00e9 contre la torture de l&#8217;Onu saisi"},"content":{"rendered":"\n<figure class=\"wp-block-image\"><img decoding=\"async\" src=\"https:\/\/cdn1.img.sputniknews.africa\/img\/07e5\/01\/05\/1045023187_0:100:1921:1180_1920x0_80_0_0_b11b3cddfe21eb2c5a0520a75bf22d8e.jpg.webp\" alt=\"Prison (image d'illustration) - Sputnik Afrique, 1920, 28.12.2022\" title=\"Prison (image d'illustration)\"\/><\/figure>\n\n\n\n<p>\u00a9 Photo Pixabay \/ Free-Photos<a rel=\"noreferrer noopener\" href=\"https:\/\/t.me\/sputnik_afrique\" target=\"_blank\"><\/a><\/p>\n\n\n\n<figure class=\"wp-block-image\"><img decoding=\"async\" src=\"https:\/\/cdn1.img.sputniknews.africa\/img\/102063\/47\/1020634774_0:0:2803:2804_100x100_80_0_0_42c86ed6674c26599431baa8919c38f8.jpg.webp\" alt=\"AFP logo - Sputnik Afrique\" title=\"AFP logo\"\/><\/figure>\n\n\n\n<p>Le Comit\u00e9 contre la torture de l&#8217;Onu a \u00e9t\u00e9 saisi d&#8217;une requ\u00eate concernant l&#8217;\u00e9tudiant fran\u00e7ais incarc\u00e9r\u00e9 au Maroc depuis plusieurs mois et accus\u00e9 de cybercriminalit\u00e9 aux \u00c9tats-Unis.L&#8217;avocat de S\u00e9bastien Raoult, un \u00e9tudiant fran\u00e7ais arr\u00eat\u00e9 au Maroc et r\u00e9clam\u00e9 par la justice am\u00e9ricaine pour cybercriminalit\u00e9, a indiqu\u00e9 \u00e0 l&#8217;AFP avoir saisi ce mercredi 28 d\u00e9cembre le Comit\u00e9 contre la torture de l&#8217;Onu redoutant&nbsp;sa prochaine extradition vers les \u00c9tats-Unis.Me Ohayon a saisi le Comit\u00e9 contre la torture pour suspendre ce transf\u00e8rement. &#8220;Le Comit\u00e9 consid\u00e8re que le droit marocain ne permet pas un contr\u00f4le suffisant contre le risque de traitement inhumain et d\u00e9gradant&#8221;, a expliqu\u00e9 l&#8217;avocat \u00e0 l&#8217;AFP.<a href=\"https:\/\/fr.sputniknews.africa\/20221228\/francais-detenu-au-maroc-le-comite-contre-la-torture-de-lonu-saisi-1057414950.html#\"><\/a>Dans sa requ\u00eate consult\u00e9e par l&#8217;AFP, Me Ohayon demande en outre au Maroc de suspendre l&#8217;extradition de S\u00e9bastien Raoult le temps que le Comit\u00e9 se prononce et le remette en libert\u00e9.Selon Me Philippe Ohayon, un gardien de prison a notifi\u00e9 et traduit le d\u00e9cret d&#8217;extradition \u00e0 S\u00e9bastien Raoult lundi dans sa cellule. Les autorit\u00e9s marocaines, fran\u00e7aises et am\u00e9ricaines n&#8217;ont pas souhait\u00e9 confirmer cette information \u00e0 l&#8217;AFP.La Cour de cassation du Maroc a \u00e9mis en ao\u00fbt un &#8220;avis favorable&#8221; \u00e0 l&#8217;extradition de S\u00e9bastien Raoult et la d\u00e9cision finale de son transf\u00e8rement revient au Premier ministre marocain.<\/p>\n\n\n\n<h2 class=\"wp-block-heading\">Arr\u00eat\u00e9 pour fraude et abus \u00e9lectronique<\/h2>\n\n\n\n<p>L&#8217;ancien \u00e9tudiant en informatique de 21 ans a \u00e9t\u00e9 arr\u00eat\u00e9 le 31 mai \u00e0 Tanger (nord du Maroc) sur la base d&#8217;une notice rouge \u00e9mise par Interpol \u00e0 la demande de la justice am\u00e9ricaine, alors qu&#8217;il s&#8217;appr\u00eatait \u00e0 prendre l&#8217;avion pour rentrer en France.Il est accus\u00e9 par le gouvernement des USA de complot en vue de commettre fraude et abus \u00e9lectronique, de vol d&#8217;identit\u00e9 grave et d&#8217;\u00eatre un membre des &#8220;ShinyHunters&#8221;, groupe de &#8220;cybercriminels&#8221; soup\u00e7onn\u00e9s par les Am\u00e9ricains d&#8217;\u00eatre derri\u00e8re des cyberattaques d&#8217;entreprises, ce qu&#8217;il conteste.Contact\u00e9, le minist\u00e8re fran\u00e7ais des Affaires \u00e9trang\u00e8res, qui n&#8217;a pas confirm\u00e9 l&#8217;existence de ce d\u00e9cret d&#8217;extradition, a assur\u00e9 que le Fran\u00e7ais avait re\u00e7u &#8220;cinq visites consulaires depuis son incarc\u00e9ration qui ont permis de s&#8217;assurer de ses conditions de d\u00e9tention, de son \u00e9tat de sant\u00e9 et du respect des droits de la d\u00e9fense&#8221;.<a href=\"https:\/\/fr.sputniknews.africa\/20221228\/francais-detenu-au-maroc-le-comite-contre-la-torture-de-lonu-saisi-1057414950.html#\"><\/a>Me Ohayon et Paul Raoult, le p\u00e8re de l&#8217;\u00e9tudiant, multiplient les d\u00e9marches aupr\u00e8s des autorit\u00e9s fran\u00e7aises afin de le faire extrader vers la France pour qu&#8217;il y soit jug\u00e9. Sans succ\u00e8s pour l&#8217;instant.<\/p>\n\n\n\n<p>Source :  <a href=\"https:\/\/fr.sputniknews.africa\/20221228\/francais-detenu-au-maroc-le-comite-contre-la-torture-de-lonu-saisi-1057414950.html\" data-type=\"URL\" data-id=\"https:\/\/fr.sputniknews.africa\/20221228\/francais-detenu-au-maroc-le-comite-contre-la-torture-de-lonu-saisi-1057414950.html\">https:\/\/fr.sputniknews.africa\/20221228\/francais-detenu-au-maroc-le-comite-contre-la-torture-de-lonu-saisi-1057414950.html<\/a><\/p>\n","protected":false},"excerpt":{"rendered":"<p>\u00a9 Photo Pixabay \/ Free-Photos Le Comit\u00e9 contre la torture de l&#8217;Onu a \u00e9t\u00e9 saisi d&#8217;une requ\u00eate concernant l&#8217;\u00e9tudiant fran\u00e7ais incarc\u00e9r\u00e9 au Maroc depuis plusieurs mois et accus\u00e9 de cybercriminalit\u00e9&hellip; <\/p>\n","protected":false},"author":87,"featured_media":10746,"comment_status":"open","ping_status":"closed","sticky":false,"template":"","format":"standard","meta":{"_bbp_topic_count":0,"_bbp_reply_count":0,"_bbp_total_topic_count":0,"_bbp_total_reply_count":0,"_bbp_voice_count":0,"_bbp_anonymous_reply_count":0,"_bbp_topic_count_hidden":0,"_bbp_reply_count_hidden":0,"_bbp_forum_subforum_count":0,"ngg_post_thumbnail":0},"categories":[99,108,114],"tags":[],"_links":{"self":[{"href":"https:\/\/maghreb-observateur.com\/index.php?rest_route=\/wp\/v2\/posts\/17045"}],"collection":[{"href":"https:\/\/maghreb-observateur.com\/index.php?rest_route=\/wp\/v2\/posts"}],"about":[{"href":"https:\/\/maghreb-observateur.com\/index.php?rest_route=\/wp\/v2\/types\/post"}],"author":[{"embeddable":true,"href":"https:\/\/maghreb-observateur.com\/index.php?rest_route=\/wp\/v2\/users\/87"}],"replies":[{"embeddable":true,"href":"https:\/\/maghreb-observateur.com\/index.php?rest_route=%2Fwp%2Fv2%2Fcomments&post=17045"}],"version-history":[{"count":2,"href":"https:\/\/maghreb-observateur.com\/index.php?rest_route=\/wp\/v2\/posts\/17045\/revisions"}],"predecessor-version":[{"id":17055,"href":"https:\/\/maghreb-observateur.com\/index.php?rest_route=\/wp\/v2\/posts\/17045\/revisions\/17055"}],"wp:featuredmedia":[{"embeddable":true,"href":"https:\/\/maghreb-observateur.com\/index.php?rest_route=\/wp\/v2\/media\/10746"}],"wp:attachment":[{"href":"https:\/\/maghreb-observateur.com\/index.php?rest_route=%2Fwp%2Fv2%2Fmedia&parent=17045"}],"wp:term":[{"taxonomy":"category","embeddable":true,"href":"https:\/\/maghreb-observateur.com\/index.php?rest_route=%2Fwp%2Fv2%2Fcategories&post=17045"},{"taxonomy":"post_tag","embeddable":true,"href":"https:\/\/maghreb-observateur.com\/index.php?rest_route=%2Fwp%2Fv2%2Ftags&post=17045"}],"curies":[{"name":"wp","href":"https:\/\/api.w.org\/{rel}","templated":true}]}}