{"id":16636,"date":"2023-08-02T02:17:17","date_gmt":"2023-08-02T07:17:17","guid":{"rendered":"https:\/\/maghreb-observateur.com\/?p=16636"},"modified":"2023-08-02T02:17:18","modified_gmt":"2023-08-02T07:17:18","slug":"le-quebec-a-besoin-des-etudiants-francophones-africains","status":"publish","type":"post","link":"https:\/\/maghreb-observateur.com\/?p=16636","title":{"rendered":"Le Qu\u00e9bec a besoin des \u00e9tudiants francophones africains"},"content":{"rendered":"\n<p><img srcset=\"https:\/\/m1.quebecormedia.com\/emp\/emp\/67635295_46356383a65b6e-d758-4d9c-9c27-66075732a8bd_ORIGINAL.jpg?impolicy=crop-resize&amp;x=1449&amp;y=1005&amp;w=2682&amp;h=1950&amp;width=480, https:\/\/m1.quebecormedia.com\/emp\/emp\/67635295_46356383a65b6e-d758-4d9c-9c27-66075732a8bd_ORIGINAL.jpg?impolicy=crop-resize&amp;x=1449&amp;y=1005&amp;w=2682&amp;h=1950&amp;width=960 2x\" alt=\"Drapeau du Qu\u00e9bec contre le ciel bleu.\"><\/p>\n\n\n\n<p><strong>Voil\u00e0 trois ans que les directions de c\u00e9geps agitent des drapeaux rouges, interpellant le gouvernement Trudeau au sujet des refus nombreux et r\u00e9currents de permis d\u2019\u00e9tudes aux jeunes \u00e9tudiants d\u2019Afrique francophones&#8230; Ces derniers sont pourtant inscrits de fa\u00e7on r\u00e9guli\u00e8re dans des programmes de c\u00e9geps qu\u00e9b\u00e9cois, ainsi que dans les \u00e9tablissements francophones postsecondaires hors Qu\u00e9bec.<\/strong><\/p>\n\n\n\n<p>Une saga du refus du gouvernement f\u00e9d\u00e9ral, dont on avait du mal, de fa\u00e7on transparente, \u00e0 identifier la source jusqu\u2019\u00e0 tout r\u00e9cemment.<\/p>\n\n\n\n<p>Il aura notamment fallu l\u2019engagement, la d\u00e9termination et la pers\u00e9v\u00e9rance d\u2019Alexis Brunelle-Duceppe, du Bloc Qu\u00e9b\u00e9cois, pour en percevoir un \u00e9cho public et y voir un peu plus clair&#8230; J\u2019y reviendrai.<\/p>\n\n\n\n<p><strong>En toute objectivit\u00e9<\/strong><\/p>\n\n\n\n<p>Consid\u00e9rant le fait que je sois moi-m\u00eame un ex-immigrant africain, afin d\u2019\u00e9viter toute apparence d\u2019un conflit d\u2019int\u00e9r\u00eats, je me suis tourn\u00e9 vers l\u2019expertise objective de Mme Anne Mich\u00e8le Meggs, une fonctionnaire du minist\u00e8re de l\u2019Immigration du Qu\u00e9bec, \u00e0 la retraite.<\/p>\n\n\n\n<p>Mme Meggs confirme que les jeunes \u00e9tudiants francophones africains en question \u00ab avaient rencontr\u00e9 tous les crit\u00e8res d\u2019admission des \u00e9tablissements qu\u00e9b\u00e9cois concern\u00e9s et sont pr\u00eats \u00e0 payer des frais beaucoup plus \u00e9lev\u00e9s que les jeunes du Qu\u00e9bec. \u00bb<\/p>\n\n\n\n<p>Elle ajoute par ailleurs que ces jeunes \u00ab ont obtenu un Certificat d\u2019acceptation du Qu\u00e9bec d\u00e9livr\u00e9 par le minist\u00e8re de l\u2019Immigration, de la Francisation et de l\u2019Int\u00e9gration. \u00bb<\/p>\n\n\n\n<p>Aussi, elle pose une question qui d\u00e9range, \u00e0 savoir : \u00ab De quel droit, le gouvernement canadien refuse-t-il de d\u00e9livrer le permis d\u2019\u00e9tude ? \u00bb<\/p>\n\n\n\n<p>Et puisque ces jeunes rencontrent tous les crit\u00e8res \u00e9tablis par les institutions qu\u00e9b\u00e9coises, Mme Meggs se demande \u00e9galement \u00ab pourquoi le gouvernement du Qu\u00e9bec n\u2019est pas en avant-sc\u00e8ne pour d\u00e9fendre les droits de ces jeunes et exiger des explications de la part du ministre canadien de l\u2019Immigration, monsieur Fraser ? \u00bb<\/p>\n\n\n\n<p><strong>Un potentiel impact positif en r\u00e9gion<\/strong><\/p>\n\n\n\n<p>Il s\u2019agit, dit-elle, \u00ab de jeunes, francophones, voulant s\u2019\u00e9tablir en r\u00e9gion. Leur pr\u00e9sence assure l\u2019avenir de plusieurs programmes coll\u00e9giaux en r\u00e9gion. \u00bb<\/p>\n\n\n\n<p>Et parlant de p\u00e9nurie de main-d\u2019\u0153uvre, Mme Meggs rappelle que \u00ab ces jeunes pourront m\u00eame travailler pendant leurs \u00e9tudes en r\u00e9gion&#8230;<\/p>\n\n\n\n<p>Les communaut\u00e9s en r\u00e9gion, poursuit-elle, \u00ab sont pr\u00eates \u00e0 les accueillir. Il semblerait donc qu\u2019elles ont d\u00e9termin\u00e9 qu\u2019elles ont la \u201ccapacit\u00e9 d\u2019accueil\u201d n\u00e9cessaire. \u00bb<\/p>\n\n\n\n<p>Ces jeunes, mentionne-t-elle, \u00ab rencontrent toutes les conditions \u00e9voqu\u00e9es par le gouvernement comme immigration id\u00e9ale. \u00bb<\/p>\n\n\n\n<p>Le bon sens voudrait par ailleurs que le gouvernement de la CAQ n\u2019aborde pas cet enjeu sous le strict angle de la \u00ab question d\u2019immigration. \u00bb<\/p>\n\n\n\n<p>C\u2019est un enjeu \u00e0 facettes multiples, qui touche \u00e0 la fois le minist\u00e8re de l\u2019Immigration, celui de l\u2019Enseignement sup\u00e9rieur et celui des Relations internationales et de la Francophonie. En conclusion, Mme Meggs insiste sur le fait que si on veut plus de pouvoirs en immigration au Qu\u00e9bec, \u00ab il faudrait commencer par d\u00e9montrer exactement de quels pouvoirs on parle. \u00bb<\/p>\n\n\n\n<p>\u00c0 juste titre, le gouvernement du Qu\u00e9bec veut effectivement plus de pouvoir en immigration ; le rejet des \u00e9tudiants francophones africains est une bataille qu\u2019il ne peut se permettre de perdre.<\/p>\n\n\n\n<p><\/p>\n","protected":false},"excerpt":{"rendered":"<p>Voil\u00e0 trois ans que les directions de c\u00e9geps agitent des drapeaux rouges, interpellant le gouvernement Trudeau au sujet des refus nombreux et r\u00e9currents de permis d\u2019\u00e9tudes aux jeunes \u00e9tudiants d\u2019Afrique&hellip; <\/p>\n","protected":false},"author":87,"featured_media":4983,"comment_status":"open","ping_status":"closed","sticky":false,"template":"","format":"standard","meta":{"_bbp_topic_count":0,"_bbp_reply_count":0,"_bbp_total_topic_count":0,"_bbp_total_reply_count":0,"_bbp_voice_count":0,"_bbp_anonymous_reply_count":0,"_bbp_topic_count_hidden":0,"_bbp_reply_count_hidden":0,"_bbp_forum_subforum_count":0,"ngg_post_thumbnail":0},"categories":[108,109,113],"tags":[],"_links":{"self":[{"href":"https:\/\/maghreb-observateur.com\/index.php?rest_route=\/wp\/v2\/posts\/16636"}],"collection":[{"href":"https:\/\/maghreb-observateur.com\/index.php?rest_route=\/wp\/v2\/posts"}],"about":[{"href":"https:\/\/maghreb-observateur.com\/index.php?rest_route=\/wp\/v2\/types\/post"}],"author":[{"embeddable":true,"href":"https:\/\/maghreb-observateur.com\/index.php?rest_route=\/wp\/v2\/users\/87"}],"replies":[{"embeddable":true,"href":"https:\/\/maghreb-observateur.com\/index.php?rest_route=%2Fwp%2Fv2%2Fcomments&post=16636"}],"version-history":[{"count":2,"href":"https:\/\/maghreb-observateur.com\/index.php?rest_route=\/wp\/v2\/posts\/16636\/revisions"}],"predecessor-version":[{"id":21452,"href":"https:\/\/maghreb-observateur.com\/index.php?rest_route=\/wp\/v2\/posts\/16636\/revisions\/21452"}],"wp:featuredmedia":[{"embeddable":true,"href":"https:\/\/maghreb-observateur.com\/index.php?rest_route=\/wp\/v2\/media\/4983"}],"wp:attachment":[{"href":"https:\/\/maghreb-observateur.com\/index.php?rest_route=%2Fwp%2Fv2%2Fmedia&parent=16636"}],"wp:term":[{"taxonomy":"category","embeddable":true,"href":"https:\/\/maghreb-observateur.com\/index.php?rest_route=%2Fwp%2Fv2%2Fcategories&post=16636"},{"taxonomy":"post_tag","embeddable":true,"href":"https:\/\/maghreb-observateur.com\/index.php?rest_route=%2Fwp%2Fv2%2Ftags&post=16636"}],"curies":[{"name":"wp","href":"https:\/\/api.w.org\/{rel}","templated":true}]}}