{"id":16259,"date":"2022-09-28T06:24:50","date_gmt":"2022-09-28T11:24:50","guid":{"rendered":"https:\/\/maghreb-observateur.com\/?p=16259"},"modified":"2022-09-28T06:24:51","modified_gmt":"2022-09-28T11:24:51","slug":"voici-comment-ottawa-compte-augmenter-limmigration-francophone-au-canada","status":"publish","type":"post","link":"https:\/\/maghreb-observateur.com\/?p=16259","title":{"rendered":"VOICI COMMENT OTTAWA COMPTE AUGMENTER L\u2019IMMIGRATION FRANCOPHONE AU CANADA"},"content":{"rendered":"\n<figure class=\"wp-block-image\"><img decoding=\"async\" src=\"https:\/\/onfr.tfo.org\/wp-content\/uploads\/2022\/04\/Fraser-Photo-1200x900.jpg\" alt=\"Le ministre de l'Immigration, des R\u00e9fugi\u00e9s et de la Citoyennet\u00e9 Sean Fraser\"\/><\/figure>\n\n\n\n<p><strong>OTTAWA \u2013 Assouplir le programme Entr\u00e9e express, r\u00e9viser les voies d\u2019acc\u00e8s \u00e0 l\u2019immigration francophone et impliquer de fa\u00e7on plus accrue les municipalit\u00e9s. Voici quelques mesures que propose le f\u00e9d\u00e9ral pour augmenter le nombre d\u2019arrivants francophones au Canada.<\/strong><\/p>\n\n\n\n<p>Le gouvernement a sorti hier son\u00a0plan\u00a0qui d\u00e9finit de fa\u00e7on g\u00e9n\u00e9rale ses priorit\u00e9s en mati\u00e8re d\u2019immigration et le mandat d\u2019Immigration, R\u00e9fugi\u00e9s et Citoyennet\u00e9 Canada (IRCC). Une motion parlementaire adopt\u00e9e en mai par le d\u00e9put\u00e9 lib\u00e9ral Randeep Sarai donnait 120 jours au gouvernement pour d\u00e9poser un tel plan. L\u2019immigration francophone est justement l\u2019un des cinq piliers mentionn\u00e9s dans le plan.<\/p>\n\n\n\n<p>Le Canada cible la venue de 431 645 immigrants cette ann\u00e9e, 447 055 en 2023 et 451 000 en 2024. Dans le cadre de sa strat\u00e9gie nationale en immigration francophone, le f\u00e9d\u00e9ral indique vouloir recevoir au minimum 4,4&nbsp;% d\u2019immigrants francophones hors Qu\u00e9bec.&nbsp;<\/p>\n\n\n\n<h2 class=\"wp-block-heading\">ENTR\u00c9E EXPRESS<\/h2>\n\n\n\n<p>Le ministre Sean Fraser a souvent r\u00e9p\u00e9t\u00e9 fonder beaucoup d\u2019espoir sur une modification \u00e0 la Loi sur l\u2019immigration et la protection des r\u00e9fugi\u00e9s. Ce changement, affirme-t-il, lui permettrait d\u2019inviter plus de candidats et d\u2019augmenter le nombre de cat\u00e9gories d\u2019emplois \u00e9ligibles \u00e0 Entr\u00e9e express, favorisant ainsi les candidats notamment bilingues et r\u00e9pondant aux besoins de main-d\u2019\u0153uvre. Cette am\u00e9lioration est justement mentionn\u00e9e dans la strat\u00e9gie d\u2019IRCC.<\/p>\n\n\n\n<p>Dans le rapport, il est question d\u2019\u00e9largir le bassin de candidats des cat\u00e9gories C et D dans les voies d\u2019acc\u00e8s \u00e0 l\u2019immigration \u00e9conomique permanente. Ces deux cat\u00e9gories regroupent des travailleurs ayant fait des \u00e9tudes secondaires ou disposant d\u2019une formation propre \u00e0 l\u2019emploi ou d\u2019un emploi manuel pour lequel la formation est donn\u00e9e en cours de route.<\/p>\n\n\n\n<figure class=\"wp-block-image\"><img decoding=\"async\" src=\"https:\/\/onfr.tfo.org\/wp-content\/uploads\/2022\/04\/immigration_efg-900x600.jpg\" alt=\"\" class=\"wp-image-59986\"\/><figcaption><em>Archives ONFR+<\/em>.<\/figcaption><\/figure>\n\n\n\n<p>\u00ab&nbsp;Cette mesure contribuerait \u00e0 rem\u00e9dier aux p\u00e9nuries de main-d\u2019\u0153uvre, \u00e0 promouvoir la vitalit\u00e9 des communaut\u00e9s de langue officielle en situation minoritaire hors Qu\u00e9bec\u2026 Elle s\u2019accompagnerait d\u2019une solide strat\u00e9gie de communication visant \u00e0 accro\u00eetre la compr\u00e9hension et la connaissance de ce volet par les employeurs canadiens afin de mieux soutenir l\u2019entr\u00e9e de travailleurs francophones au Canada&nbsp;\u00bb, indique le rapport.<\/p>\n\n\n\n<p>Les&nbsp;programmes d\u2019immigration \u00e9conomique, qui favorisent notamment les francophones, sont souvent m\u00e9connus ou compl\u00e8tement inconnus aux yeux des employeurs soulignent des experts en immigration.<\/p>\n\n\n\n<h2 class=\"wp-block-heading\">R\u00c9VISION DU PROCESSUS POUR LES FRANCOPHONES<\/h2>\n\n\n\n<p>Le rapport avance aussi vouloir s\u2019attaquer aux obstacles qui bloqueraient la venue de demandeurs francophones, tant \u00e0 l\u2019int\u00e9rieur qu\u2019\u00e0 l\u2019ext\u00e9rieur du Canada.&nbsp;<\/p>\n\n\n\n<p>\u00ab&nbsp;Le minist\u00e8re effectuera \u00e9galement une analyse de l\u2019ensemble actuel de ses voies d\u2019acc\u00e8s en mati\u00e8re d\u2019immigration, y compris celles qui facilitent la transition des r\u00e9sidents temporaires d\u2019expression fran\u00e7aise, dans le cadre du travail de soutien \u00e0 l\u2019immigration francophone&nbsp;\u00bb, peut-on lire.<\/p>\n\n\n\n<p>Cette analyse portera notamment sur les parcours d\u2019immigration pour les r\u00e9sidents temporaires et cela pourrait inclure des ajustements aux programmes qui ciblent directement les francophones, comme&nbsp;<em>Mobilit\u00e9 francophone<\/em>, par exemple indique le f\u00e9d\u00e9ral. Cet examen du processus visera aussi \u00e0 trouver des moyens pour augmenter la probabilit\u00e9 que les \u00e9tudiants internationaux francophones deviennent finalement des r\u00e9sidents permanents.<\/p>\n\n\n\n<h2 class=\"wp-block-heading\">\u00c9TUDIANTS \u00c9TRANGERS<\/h2>\n\n\n\n<p>IRCC dit pr\u00e9sentement revoir son processus qui implique l\u2019obtention d\u2019une r\u00e9sidence temporaire apr\u00e8s avoir pass\u00e9 par le Programme des \u00e9tudiants \u00e9trangers.<\/p>\n\n\n\n<p>L\u2019hiver dernier, les taux de refus des \u00e9tudiants francophones d\u2019Afrique avoisinaient autour de\u00a070\u00a0% \u00e0 80\u00a0% dans les \u00e9tablissements francophones de l\u2019Ontario. Plusieurs institutions avaient d\u00e9nonc\u00e9 le principe de double intention qui aurait nui grandement \u00e0 la venue de ces \u00e9tudiants dans les \u00e9tablissements postsecondaires. La double intention, qui est ill\u00e9gale, est d\u00e9finie comme un \u00e9tranger demandant la r\u00e9sidence au Canada demande \u00e9galement \u00e0 entrer au pays pour une p\u00e9riode temporaire comme \u00e9tudiant par exemple.\u00a0Plusieurs agents d\u2019IRCC refusaient les \u00e9tudiants africains les soup\u00e7onnant de vouloir rester au Canada apr\u00e8s leurs \u00e9tudes.<\/p>\n\n\n\n<p>\u00ab&nbsp;Le minist\u00e8re examine l\u2019application des dispositions relatives \u00e0 la double intention afin de clarifier la fa\u00e7on dont l\u2019intention de demeurer au Canada par l\u2019un des chemins de r\u00e9sidence permanente et l\u2019exigence de quitter \u00e0 la fin du s\u00e9jour autoris\u00e9 sont \u00e9valu\u00e9es. Ceci est afin d\u2019am\u00e9liorer l\u2019uniformit\u00e9 du processus d\u00e9cisionnel et d\u2019accueillir plus d\u2019\u00e9tudiants talentueux qui deviendront des r\u00e9sidents permanents \u00e0 l\u2019avenir&nbsp;\u00bb, est-il \u00e9crit dans le plan.<\/p>\n\n\n\n<h2 class=\"wp-block-heading\">IMPLIQUER LES MUNICIPALIT\u00c9S<\/h2>\n\n\n\n<p>Le f\u00e9d\u00e9ral travaille \u00e0 l\u2019\u00e9laboration du Programme de candidats municipaux, ce qui pourrait aider les villes et leurs chambres de commerce a sp\u00e9cifiquement cibl\u00e9 des candidats francophones.<\/p>\n\n\n\n<p>En ao\u00fbt, IRCC a ajout\u00e9 les villes ontariennes de Timmins, Sudbury, North Bay et Thunder Bay \u00e0 un autre projet, son Programme pilote d\u2019immigration dans les communaut\u00e9s rurales et du Nord (PPICRN) qui vise \u00e0 attirer plus d\u2019immigrants dans des r\u00e9gions rurales ou loin des grands centres.<\/p>\n\n\n\n<p>La cible de 4,4\u00a0% en immigration francophone hors Qu\u00e9bec\u00a0n\u2019a jamais \u00e9t\u00e9 atteinte\u00a0depuis 2003, mais le ministre\u00a0promet\u00a0que son gouvernement y parviendra d\u2019ici l\u2019an prochain.<\/p>\n\n\n\n<p>Source : ONFR<\/p>\n","protected":false},"excerpt":{"rendered":"<p>OTTAWA \u2013 Assouplir le programme Entr\u00e9e express, r\u00e9viser les voies d\u2019acc\u00e8s \u00e0 l\u2019immigration francophone et impliquer de fa\u00e7on plus accrue les municipalit\u00e9s. Voici quelques mesures que propose le f\u00e9d\u00e9ral pour&hellip; <\/p>\n","protected":false},"author":87,"featured_media":9083,"comment_status":"open","ping_status":"closed","sticky":false,"template":"","format":"standard","meta":{"_bbp_topic_count":0,"_bbp_reply_count":0,"_bbp_total_topic_count":0,"_bbp_total_reply_count":0,"_bbp_voice_count":0,"_bbp_anonymous_reply_count":0,"_bbp_topic_count_hidden":0,"_bbp_reply_count_hidden":0,"_bbp_forum_subforum_count":0,"ngg_post_thumbnail":0},"categories":[109,113,106],"tags":[],"_links":{"self":[{"href":"https:\/\/maghreb-observateur.com\/index.php?rest_route=\/wp\/v2\/posts\/16259"}],"collection":[{"href":"https:\/\/maghreb-observateur.com\/index.php?rest_route=\/wp\/v2\/posts"}],"about":[{"href":"https:\/\/maghreb-observateur.com\/index.php?rest_route=\/wp\/v2\/types\/post"}],"author":[{"embeddable":true,"href":"https:\/\/maghreb-observateur.com\/index.php?rest_route=\/wp\/v2\/users\/87"}],"replies":[{"embeddable":true,"href":"https:\/\/maghreb-observateur.com\/index.php?rest_route=%2Fwp%2Fv2%2Fcomments&post=16259"}],"version-history":[{"count":1,"href":"https:\/\/maghreb-observateur.com\/index.php?rest_route=\/wp\/v2\/posts\/16259\/revisions"}],"predecessor-version":[{"id":16260,"href":"https:\/\/maghreb-observateur.com\/index.php?rest_route=\/wp\/v2\/posts\/16259\/revisions\/16260"}],"wp:featuredmedia":[{"embeddable":true,"href":"https:\/\/maghreb-observateur.com\/index.php?rest_route=\/wp\/v2\/media\/9083"}],"wp:attachment":[{"href":"https:\/\/maghreb-observateur.com\/index.php?rest_route=%2Fwp%2Fv2%2Fmedia&parent=16259"}],"wp:term":[{"taxonomy":"category","embeddable":true,"href":"https:\/\/maghreb-observateur.com\/index.php?rest_route=%2Fwp%2Fv2%2Fcategories&post=16259"},{"taxonomy":"post_tag","embeddable":true,"href":"https:\/\/maghreb-observateur.com\/index.php?rest_route=%2Fwp%2Fv2%2Ftags&post=16259"}],"curies":[{"name":"wp","href":"https:\/\/api.w.org\/{rel}","templated":true}]}}