{"id":1609,"date":"2021-11-02T09:49:32","date_gmt":"2021-11-02T14:49:32","guid":{"rendered":"http:\/\/www.maghreb-observateur.com\/2009\/?p=1609"},"modified":"2021-11-02T10:24:33","modified_gmt":"2021-11-02T15:24:33","slug":"maroc-memorandum-dentente-entre-diwan-al-madalim-et-le-ministere-charge-de-la-communaute-marocaine-residant-a-letranger","status":"publish","type":"post","link":"https:\/\/maghreb-observateur.com\/?p=1609","title":{"rendered":"Maroc : M\u00e9morandum d&#039;entente entre Diwan Al Madalim et le minist\u00e8re charg\u00e9 de la Communaut\u00e9 marocaine r\u00e9sidant \u00e0 l&#039;\u00e9tranger ( C&#8217;\u00e9tait il y a dix ans )"},"content":{"rendered":"\n<figure class=\"wp-block-image size-large\"><a href=\"https:\/\/maghreb-observateur.com\/wp-content\/uploads\/2012\/11\/MRE-1.jpg\" rel=\"shadowbox[sbpost-1609];player=img;\"><img decoding=\"async\" src=\"https:\/\/maghreb-observateur.com\/wp-content\/uploads\/2012\/11\/MRE-1.jpg\" alt=\"\" class=\"wp-image-11560\"\/><\/a><\/figure>\n\n\n<p><span style=\"font-size: 12pt;\"><br>Un m\u00e9morandum d&#8217;entente a \u00e9t\u00e9 sign\u00e9, mardi \u00e0 Rabat, entre Diwan AlMadalim et le minist\u00e8re charg\u00e9 de la communaut\u00e9 marocaine r\u00e9sidant \u00e0l&#8217;\u00e9tranger destin\u00e9 \u00e0 mobiliser les moyens n\u00e9cessaires pour une gestionefficace des requ\u00eates et dol\u00e9ances des membres de cette communaut\u00e9 dansle cadre d&#8217;une application int\u00e9gr\u00e9e du principe de droit et d&#8217;\u00e9quit\u00e9.<\/span><\/p>\n<p>Envertu de cet accord, sign\u00e9 par Wali Al Madalim, Moulay M&#8217;hamed Iraki etle ministre charg\u00e9 de la Communaut\u00e9 marocaine r\u00e9sidant \u00e0 l&#8217;\u00e9tranger, M.Mohamed Ameur.<\/p>\n<p>Les Marocains r\u00e9sidant \u00e0 l&#8217;\u00e9tranger (MRE)b\u00e9n\u00e9ficieront des dispositions issues des conventions sign\u00e9es entreDiwan Al Madalim et les institutions de m\u00e9diation dans les paysd&#8217;accueil pr\u00e9voyant, entre autres, de dresser un \u00e9tat des lieux desprobl\u00e8mes juridiques et proc\u00e9duraux qui entravent la communicationentre les MRE et l&#8217;administration.<\/p>\n<p>Cet accord pr\u00e9voit \u00e9galementl&#8217;\u00e9laboration d&#8217;un programme de formation des cadres du minist\u00e8recharg\u00e9 de la Communaut\u00e9 marocaine r\u00e9sidant \u00e0 l&#8217;\u00e9tranger en mati\u00e8red&#8217;orientation, d&#8217;examen et de traitement informatique des dol\u00e9ances desMRE, outre la mise en place d&#8217;une Commission-mixte qui se r\u00e9unirar\u00e9guli\u00e8rement pour assurer le suivi de la mise en application de cetteconvention.<\/p>\n<p>Moulay M&#8217;hamed Iraki, qui intervenait \u00e0 cetteoccasion, a rappel\u00e9 qu&#8217;une s\u00e9rie de conventions a \u00e9t\u00e9 sign\u00e9e avec desinstitutions de m\u00e9diation \u00e9trang\u00e8res pour faciliter le traitement desdol\u00e9ances et requ\u00eates des MRE, notamment avec le m\u00e9diateur fran\u00e7ais etle d\u00e9fenseur du peuple en Espagne.<\/p>\n<p>Pour sa part, M. Ameur aindiqu\u00e9 que cette convention ambitionne de promouvoir la coordinationet la f\u00e9d\u00e9ration des efforts des deux institutions, pour am\u00e9liorer lasituation des MRE dans divers domaines, notamment le traitement deleurs affaires et le r\u00e8glement de leurs probl\u00e8mes d&#8217;ordre administratif.<\/p>\n<p>Leminist\u00e8re a adopt\u00e9 une nouvelle approche visant \u00e0 consolider lacoordination et la coop\u00e9ration entre les institutions charg\u00e9es des MRE,a-t-il soulign\u00e9.<\/p>\n<p>MAP<\/p>","protected":false},"excerpt":{"rendered":"<p>&#8230;destin\u00e9 \u00e0 mobiliser les moyens n\u00e9cessaires pour une gestion efficace des requ\u00eates et dol\u00e9ances des membres de cette communaut\u00e9 dans le cadre d&#8217;une application int\u00e9gr\u00e9e du principe de droit et d&#8217;\u00e9quit\u00e9.<\/p>\n","protected":false},"author":1,"featured_media":0,"comment_status":"open","ping_status":"closed","sticky":false,"template":"","format":"standard","meta":{"_bbp_topic_count":0,"_bbp_reply_count":0,"_bbp_total_topic_count":0,"_bbp_total_reply_count":0,"_bbp_voice_count":0,"_bbp_anonymous_reply_count":0,"_bbp_topic_count_hidden":0,"_bbp_reply_count_hidden":0,"_bbp_forum_subforum_count":0,"ngg_post_thumbnail":0},"categories":[113,103,204],"tags":[],"_links":{"self":[{"href":"https:\/\/maghreb-observateur.com\/index.php?rest_route=\/wp\/v2\/posts\/1609"}],"collection":[{"href":"https:\/\/maghreb-observateur.com\/index.php?rest_route=\/wp\/v2\/posts"}],"about":[{"href":"https:\/\/maghreb-observateur.com\/index.php?rest_route=\/wp\/v2\/types\/post"}],"author":[{"embeddable":true,"href":"https:\/\/maghreb-observateur.com\/index.php?rest_route=\/wp\/v2\/users\/1"}],"replies":[{"embeddable":true,"href":"https:\/\/maghreb-observateur.com\/index.php?rest_route=%2Fwp%2Fv2%2Fcomments&post=1609"}],"version-history":[{"count":1,"href":"https:\/\/maghreb-observateur.com\/index.php?rest_route=\/wp\/v2\/posts\/1609\/revisions"}],"predecessor-version":[{"id":11566,"href":"https:\/\/maghreb-observateur.com\/index.php?rest_route=\/wp\/v2\/posts\/1609\/revisions\/11566"}],"wp:attachment":[{"href":"https:\/\/maghreb-observateur.com\/index.php?rest_route=%2Fwp%2Fv2%2Fmedia&parent=1609"}],"wp:term":[{"taxonomy":"category","embeddable":true,"href":"https:\/\/maghreb-observateur.com\/index.php?rest_route=%2Fwp%2Fv2%2Fcategories&post=1609"},{"taxonomy":"post_tag","embeddable":true,"href":"https:\/\/maghreb-observateur.com\/index.php?rest_route=%2Fwp%2Fv2%2Ftags&post=1609"}],"curies":[{"name":"wp","href":"https:\/\/api.w.org\/{rel}","templated":true}]}}