{"id":15778,"date":"2022-08-09T07:41:57","date_gmt":"2022-08-09T12:41:57","guid":{"rendered":"https:\/\/maghreb-observateur.com\/?p=15778"},"modified":"2022-08-09T07:42:03","modified_gmt":"2022-08-09T12:42:03","slug":"nationalite-les-nouveaux-belges-sont-majoritairement-marocains","status":"publish","type":"post","link":"https:\/\/maghreb-observateur.com\/?p=15778","title":{"rendered":"Nationalit\u00e9 : les nouveaux Belges sont majoritairement Marocains"},"content":{"rendered":"\n<figure class=\"wp-block-image\"><img decoding=\"async\" src=\"https:\/\/ds.static.rtbf.be\/article\/image\/1920x1080\/b\/8\/2\/65184321c340b4d56581ee59b58d9d56-1659542845.jpg\" alt=\"Nationalit\u00e9\u00a0: les nouveaux Belges sont majoritairement Marocains. Photo d\u2019illustration.\"\/><\/figure>\n\n\n\n<p><img decoding=\"async\" loading=\"lazy\" width=\"16\" height=\"16\" alt=\"Temps de lecture\" src=\"https:\/\/www.rtbf.be\/icons\/custom\/standalone\/clock.svg\"><\/p>\n\n\n\n<p>Pr\u00e8s de 40.000 \u00e9trangers (38.342 exactement) ont re\u00e7u la nationalit\u00e9 belge en&nbsp;2021 selon le&nbsp;<a href=\"https:\/\/www.rtbf.be\/article\/www.myria.be\/files\/2022_08_01_CP__Cahier_Nationalit%C3%A9.pdf\">dernier rapport de Myria<\/a>, le Centre f\u00e9d\u00e9ral Migration. Les 3&nbsp;premiers pays d\u2019origine sont le Maroc, la Syrie et la Roumanie. Les Marocains de naissance repr\u00e9sentent 9% et arrivent en t\u00eate, devan\u00e7ant de peu les Syriens. Depuis 20 ans, les Marocains sont, de fa\u00e7on constante, les plus nombreux \u00e0 obtenir la nationalit\u00e9 belge.<em>Publicit\u00e9<\/em>about:blank<\/p>\n\n\n\n<h2 class=\"wp-block-heading\">Une histoire de 60 ans<\/h2>\n\n\n\n<p>&#8220;<em>Les\u00a0Marocains de Belgique sont entr\u00e9s dans un processus de stabilisation irr\u00e9versible, comme en atteste leur propension \u00e0 acqu\u00e9rir la nationalit\u00e9 belge qui demeure sup\u00e9rieure \u00e0 la moyenne des autres groupes d\u2019\u00e9trangers<\/em>&#8221; analysaient d\u00e9j\u00e0 en\u00a02003\u00a0Hassan Bousetta et Marco\u00a0Martiniello, deux chercheurs sp\u00e9cialistes des immigrations. Le constat est toujours valable aujourd\u2019hui.<\/p>\n\n\n\n<p>L\u2019arriv\u00e9e massive des Marocains en Belgique est \u00e9videmment li\u00e9e \u00e0 l\u2019accord conclu en f\u00e9vrier&nbsp;1964 entre Bruxelles et Rabat. Le royaume de Belgique est alors en pleine expansion industrielle et a&nbsp;besoin de main-d\u2019\u0153uvre. Depuis le d\u00e9but des ann\u00e9es soixante, des travailleurs arrivent du royaume ch\u00e9rifien, mais sans contr\u00f4le des Etats. L\u2019accord de&nbsp;1964 y mettra de l\u2019ordre.<\/p>\n\n\n\n<h2 class=\"wp-block-heading\">Une pr\u00e9sence ant\u00e9rieure \u00e0 l\u2019accord de&nbsp;1964<\/h2>\n\n\n\n<p>Mais, comme le souligne Hassan Bousetta, &#8220;<em>&nbsp;la pr\u00e9sence de Marocains en Belgique est plus ancienne, notamment en Wallonie depuis les ann\u00e9es vingt<\/em>.&nbsp;<em>Les immigr\u00e9s arrivaient via la France, ce qui constitue une premi\u00e8re indication que [\u2026] cette pr\u00e9sence est le produit indirect de la colonisation<\/em>&#8220;. Plac\u00e9 sous protectorat fran\u00e7ais en&nbsp;1912, l\u2019Etat fran\u00e7ais engage des travailleurs marocains lors de la Premi\u00e8re guerre mondiale.<\/p>\n\n\n\n<p>En Belgique, c\u2019est dans le Borinage et dans la r\u00e9gion de Li\u00e8ge que les premiers Marocains s\u2019installent dans les ann\u00e9es soixante.\u00a0Si la Belgique fait appel aux travailleurs marocains officiellement \u00e0 partir de\u00a01964, c\u2019est pour descendre dans la mine et effectuer des m\u00e9tiers p\u00e9nibles, &#8220;<em>dont les Belges et les Italiens, \u00e9chaud\u00e9s par\u00a0la catastrophe de Marcinelle, ne voulaient plus<\/em>&#8220;, rappelle Marco Martiniello.<\/p>\n\n\n\n<h2 class=\"wp-block-heading\">Des probl\u00e8mes invisibilis\u00e9s<\/h2>\n\n\n\n<p>L\u2019immigration marocaine s\u2019\u00e9chelonne sur 5&nbsp;p\u00e9riodes&nbsp;: de&nbsp;1912 \u00e0&nbsp;1964, de&nbsp;1964 \u00e0&nbsp;1974, de&nbsp;1974 \u00e0&nbsp;1989, de&nbsp;1989 \u00e0&nbsp;2001, de&nbsp;2011 \u00e0 aujourd\u2019hui. En&nbsp;1964, 461 Marocains \u00e9taient recens\u00e9s, 40.000 en&nbsp;1974 et 343.000 au 1er&nbsp;janvier 2021. A partir de&nbsp;1974, le recrutement de la main-d\u2019\u0153uvre \u00e9trang\u00e8re est officiellement arr\u00eat\u00e9. De&nbsp;1974 \u00e0&nbsp;1989, &#8220;c<em>\u2019est la p\u00e9riode du regroupement, de la constitution et de la stabilisation des familles<\/em>&#8220;.<\/p>\n\n\n\n<p>&#8220;<em>Un&nbsp;grand rendez-vous manqu\u00e9<\/em>&#8221; estime aujourd\u2019hui le chercheur Hassan Bousetta. Les mines commencent \u00e0 fermer, les p\u00e8res de famille perdent leur travail alors que&nbsp;les besoins des familles en logement et&nbsp;scolarit\u00e9&nbsp;vont croissant. Mais ces probl\u00e8mes sont invisibilis\u00e9s alors que la question de l\u2019immigration s\u2019installe au c\u0153ur du d\u00e9bat politique.<\/p>\n\n\n\n<h2 class=\"wp-block-heading\">La radicalisation, cons\u00e9quence des printemps arabes<\/h2>\n\n\n\n<p>En&nbsp;1988, une premi\u00e8re conseill\u00e8re communale d\u2019origine marocaine est \u00e9lue \u00e0 Anvers au moment m\u00eame o\u00f9 le Vlaams Belang, parti d\u2019extr\u00eame droite, r\u00e9alise une perc\u00e9e spectaculaire. L\u2019Islam devient un sujet politique. Apr\u00e8s&nbsp;1989 et jusqu\u2019en&nbsp;2001, les probl\u00e8mes deviennent publics. Les attentats du 11&nbsp;septembre 2001 constituent une premi\u00e8re rupture et les questions de s\u00e9curit\u00e9 et de loyaut\u00e9 sont pos\u00e9es. &#8220;<em>La radicalisation d\u2019une partie de la population musulmane entra\u00eene une relecture de la pr\u00e9sence marocaine en Belgique<\/em>&#8220;, analyse Hassan Bousetta.<\/p>\n\n\n\n<p>Mais, selon le chercheur li\u00e9geois, on peut consid\u00e9rer que ce sont les printemps arabes qui marquent v\u00e9ritablement la c\u00e9sure.&nbsp;Le soul\u00e8vement de la population syrienne&nbsp;en f\u00e9vrier&nbsp;2011 et son \u00e9crasement par le r\u00e9gime de Bachar El Assad sans r\u00e9action occidentale provoquent une radicalisation des plus jeunes. Les premiers d\u00e9parts pour la Syrie commencent d\u00e9j\u00e0 en&nbsp;2011 et&nbsp;2012. Et puis, il y a les attentats de Paris du 13&nbsp;novembre 2015 et ceux de Bruxelles le 22&nbsp;mars 2016. Les auteurs sont des Belgo-marocains.<\/p>\n\n\n\n<h2 class=\"wp-block-heading\">Les Marocains de Belgique aujourd\u2019hui<\/h2>\n\n\n\n<p>Les Marocains repr\u00e9sentent la premi\u00e8re communaut\u00e9 \u00e9trang\u00e8re en Belgique, avant les Italiens. 74% sont Belges, contre 46% des Italiens. Il faut cependant rappeler, qu\u2019\u00e0 la diff\u00e9rence des Italiens, le Maroc ne fait\u00a0pas partie de l\u2019Union europ\u00e9enne. Les demandes de s\u00e9jour des ressortissants marocains en Belgique rel\u00e8vent\u00a0principalement\u00a0de\u00a0motifs familiaux (65% des demandes) selon le\u00a0<em>Cahier du rapport annuel 2022 l\u2019immigration en chiffres et en droits<\/em>\u00a0de Myria.<\/p>\n\n\n\n<p>La Belgique accueille\u00a04 g\u00e9n\u00e9rations de Marocains. Ils ont d\u00fb affronter le ch\u00f4mage, le racisme, les discriminations. Les descendants des premiers arriv\u00e9s sont devenus enseignants, acteurs, m\u00e9decins, d\u00e9put\u00e9s, avocats, entrepreneurs, ministres, policiers,\u00a0etc\u2026Aux nouveaux venus \u00e0 faire leur place.<\/p>\n\n\n\n<p>Source : RTBF<\/p>\n","protected":false},"excerpt":{"rendered":"<p>Pr\u00e8s de 40.000 \u00e9trangers (38.342 exactement) ont re\u00e7u la nationalit\u00e9 belge en&nbsp;2021 selon le&nbsp;dernier rapport de Myria, le Centre f\u00e9d\u00e9ral Migration. Les 3&nbsp;premiers pays d\u2019origine sont le Maroc, la Syrie&hellip; <\/p>\n","protected":false},"author":87,"featured_media":10805,"comment_status":"open","ping_status":"closed","sticky":false,"template":"","format":"standard","meta":{"_bbp_topic_count":0,"_bbp_reply_count":0,"_bbp_total_topic_count":0,"_bbp_total_reply_count":0,"_bbp_voice_count":0,"_bbp_anonymous_reply_count":0,"_bbp_topic_count_hidden":0,"_bbp_reply_count_hidden":0,"_bbp_forum_subforum_count":0,"ngg_post_thumbnail":0},"categories":[102,205,206],"tags":[],"_links":{"self":[{"href":"https:\/\/maghreb-observateur.com\/index.php?rest_route=\/wp\/v2\/posts\/15778"}],"collection":[{"href":"https:\/\/maghreb-observateur.com\/index.php?rest_route=\/wp\/v2\/posts"}],"about":[{"href":"https:\/\/maghreb-observateur.com\/index.php?rest_route=\/wp\/v2\/types\/post"}],"author":[{"embeddable":true,"href":"https:\/\/maghreb-observateur.com\/index.php?rest_route=\/wp\/v2\/users\/87"}],"replies":[{"embeddable":true,"href":"https:\/\/maghreb-observateur.com\/index.php?rest_route=%2Fwp%2Fv2%2Fcomments&post=15778"}],"version-history":[{"count":1,"href":"https:\/\/maghreb-observateur.com\/index.php?rest_route=\/wp\/v2\/posts\/15778\/revisions"}],"predecessor-version":[{"id":15779,"href":"https:\/\/maghreb-observateur.com\/index.php?rest_route=\/wp\/v2\/posts\/15778\/revisions\/15779"}],"wp:featuredmedia":[{"embeddable":true,"href":"https:\/\/maghreb-observateur.com\/index.php?rest_route=\/wp\/v2\/media\/10805"}],"wp:attachment":[{"href":"https:\/\/maghreb-observateur.com\/index.php?rest_route=%2Fwp%2Fv2%2Fmedia&parent=15778"}],"wp:term":[{"taxonomy":"category","embeddable":true,"href":"https:\/\/maghreb-observateur.com\/index.php?rest_route=%2Fwp%2Fv2%2Fcategories&post=15778"},{"taxonomy":"post_tag","embeddable":true,"href":"https:\/\/maghreb-observateur.com\/index.php?rest_route=%2Fwp%2Fv2%2Ftags&post=15778"}],"curies":[{"name":"wp","href":"https:\/\/api.w.org\/{rel}","templated":true}]}}