{"id":15767,"date":"2022-08-09T07:18:01","date_gmt":"2022-08-09T12:18:01","guid":{"rendered":"https:\/\/maghreb-observateur.com\/?p=15767"},"modified":"2022-08-09T07:18:25","modified_gmt":"2022-08-09T12:18:25","slug":"des-mineurs-marocains-dans-une-situation-critique-a-bruxelles","status":"publish","type":"post","link":"https:\/\/maghreb-observateur.com\/?p=15767","title":{"rendered":"Des mineurs marocains dans une situation critique \u00e0 Bruxelles"},"content":{"rendered":"\n<figure class=\"wp-block-image\"><img decoding=\"async\" src=\"https:\/\/www.bladi.net\/img\/local\/cache-vignettes\/L800xH500\/mineurs-marocains-bruxelles-5ce3a.jpg?1659258035\" alt=\"\"\/><\/figure>\n\n\n\n<p>Environ une cinquantaine de mineurs non accompagn\u00e9s, dont de nombreux Marocains sont livr\u00e9s \u00e0 eux-m\u00eames dans les rues de Bruxelles, faute de prise en charge. Des associations de d\u00e9fenses alertent et demandent des mesures urgentes et p\u00e9rennes.<\/p>\n\n\n\n<p>Ces mineurs ont retrouv\u00e9 la rue suite la fermeture mi-juillet de la structure d\u2019h\u00e9bergement qui leur \u00e9tait d\u00e9di\u00e9e et que g\u00e9rait M\u00e9decins sans fronti\u00e8res (MSF) en partenariat avec la Plateforme Citoyenne, SOS Jeunes et Caritas, rappelle MSF, pr\u00e9textant un d\u00e9faut de moyens suffisants, rappelle&nbsp;<em>Belga<\/em>.<\/p>\n\n\n\n<p>Sur les 80 mineurs pris en charge en juillet par MSF et ses partenaires, seuls 29 ont trouv\u00e9 une \u00ab&nbsp;solution d\u2019h\u00e9bergement d\u2019urgence au sein de structures tout \u00e0 fait inadapt\u00e9es&nbsp;\u00bb, tandis que les autres se sont retrouv\u00e9s \u00e0 la rue, souligne l\u2019organisation, demandant aux autorit\u00e9s de concr\u00e9tiser \u00ab&nbsp;de mani\u00e8re p\u00e9renne&nbsp;\u00bb des structures adapt\u00e9es \u00e0 l\u2019accueil de ces jeunes \u00ab&nbsp;aux vuln\u00e9rabilit\u00e9s multiples.&nbsp;\u00bb<\/p>\n\n\n\n<p><\/p>\n\n\n\n<p>D\u2019apr\u00e8s MSF, les mineurs \u00e9trangers non accompagn\u00e9s (Mena) sont de plus en plus nombreux \u00e0 \u00eatre livr\u00e9s \u00e0 eux-m\u00eames dans les rues de Bruxelles. \u00ab&nbsp;Cette situation pr\u00e9occupante n\u2019est aucunement nouvelle et s\u2019illustre d\u2019ann\u00e9e en ann\u00e9e&nbsp;\u00bb, d\u00e9plore l\u2019organisation, ajoutant que \u00ab&nbsp;cette crise est \u00e0 situer dans un contexte de crise migratoire global.&nbsp;\u00bb<\/p>\n\n\n\n<p>Interpell\u00e9e sur la situation, la porte-parole de la secr\u00e9taire d\u2019\u00c9tat \u00e0 l\u2019Asile et la Migration, Nicole de Moor, a indiqu\u00e9 que le gouvernement cherchait une solution au probl\u00e8me que pr\u00e9sente le b\u00e2timent abritant la structure d\u2019h\u00e9bergement d\u00e9sormais ferm\u00e9e, \u00ab\u00a0qui appartient \u00e0 la R\u00e9gion bruxelloise et non au f\u00e9d\u00e9ral\u00a0\u00bb. \u00ab\u00a0Mais la reprise du projet est pr\u00e9vue pour septembre\u00a0\u00bb, a-t-elle affirm\u00e9.<\/p>\n\n\n\n<p>Source : Bladi<\/p>\n","protected":false},"excerpt":{"rendered":"<p>Environ une cinquantaine de mineurs non accompagn\u00e9s, dont de nombreux Marocains sont livr\u00e9s \u00e0 eux-m\u00eames dans les rues de Bruxelles, faute de prise en charge. Des associations de d\u00e9fenses alertent&hellip; <\/p>\n","protected":false},"author":87,"featured_media":10574,"comment_status":"open","ping_status":"closed","sticky":false,"template":"","format":"standard","meta":{"_bbp_topic_count":0,"_bbp_reply_count":0,"_bbp_total_topic_count":0,"_bbp_total_reply_count":0,"_bbp_voice_count":0,"_bbp_anonymous_reply_count":0,"_bbp_topic_count_hidden":0,"_bbp_reply_count_hidden":0,"_bbp_forum_subforum_count":0,"ngg_post_thumbnail":0},"categories":[102,205,206],"tags":[],"_links":{"self":[{"href":"https:\/\/maghreb-observateur.com\/index.php?rest_route=\/wp\/v2\/posts\/15767"}],"collection":[{"href":"https:\/\/maghreb-observateur.com\/index.php?rest_route=\/wp\/v2\/posts"}],"about":[{"href":"https:\/\/maghreb-observateur.com\/index.php?rest_route=\/wp\/v2\/types\/post"}],"author":[{"embeddable":true,"href":"https:\/\/maghreb-observateur.com\/index.php?rest_route=\/wp\/v2\/users\/87"}],"replies":[{"embeddable":true,"href":"https:\/\/maghreb-observateur.com\/index.php?rest_route=%2Fwp%2Fv2%2Fcomments&post=15767"}],"version-history":[{"count":1,"href":"https:\/\/maghreb-observateur.com\/index.php?rest_route=\/wp\/v2\/posts\/15767\/revisions"}],"predecessor-version":[{"id":15768,"href":"https:\/\/maghreb-observateur.com\/index.php?rest_route=\/wp\/v2\/posts\/15767\/revisions\/15768"}],"wp:featuredmedia":[{"embeddable":true,"href":"https:\/\/maghreb-observateur.com\/index.php?rest_route=\/wp\/v2\/media\/10574"}],"wp:attachment":[{"href":"https:\/\/maghreb-observateur.com\/index.php?rest_route=%2Fwp%2Fv2%2Fmedia&parent=15767"}],"wp:term":[{"taxonomy":"category","embeddable":true,"href":"https:\/\/maghreb-observateur.com\/index.php?rest_route=%2Fwp%2Fv2%2Fcategories&post=15767"},{"taxonomy":"post_tag","embeddable":true,"href":"https:\/\/maghreb-observateur.com\/index.php?rest_route=%2Fwp%2Fv2%2Ftags&post=15767"}],"curies":[{"name":"wp","href":"https:\/\/api.w.org\/{rel}","templated":true}]}}