{"id":15733,"date":"2022-08-06T03:25:21","date_gmt":"2022-08-06T08:25:21","guid":{"rendered":"https:\/\/maghreb-observateur.com\/?p=15733"},"modified":"2022-08-06T03:32:17","modified_gmt":"2022-08-06T08:32:17","slug":"que-se-passe-t-il-avec-les-demandes-de-visa-pour-le-canada","status":"publish","type":"post","link":"https:\/\/maghreb-observateur.com\/?p=15733","title":{"rendered":"Que se passe-t-il avec les demandes de visa pour le Canada"},"content":{"rendered":"\n<h1 class=\"wp-block-heading\"><a href=\"https:\/\/www.ledevoir.com\/politique\/canada\/740577\/immigration-que-se-passe-t-il-avec-les-demandes-de-visa-pour-le-canada#\"><\/a><\/h1>\n\n\n\n<figure class=\"wp-block-image size-large\"><a href=\"https:\/\/maghreb-observateur.com\/wp-content\/uploads\/2022\/01\/Canada-Flag.png\" rel=\"shadowbox[sbpost-15733];player=img;\"><img decoding=\"async\" src=\"https:\/\/maghreb-observateur.com\/wp-content\/uploads\/2022\/01\/Canada-Flag.png\" alt=\"\" class=\"wp-image-12649\"\/><\/a><\/figure>\n\n\n\n<p>En contradiction avec l\u2019information affich\u00e9e sur son site Web, le gouvernement f\u00e9d\u00e9ral demande \u00e0 certains visiteurs de d\u00e9poser une seconde demande de visa pour le Canada si leur premi\u00e8re a eu le malheur de se retrouver dans la pile des dossiers non trait\u00e9s lors de la pand\u00e9mie. Une \u00ab&nbsp;file d\u2019attente&nbsp;\u00bb au sort incertain qui cause bien des maux de t\u00eate.<\/p>\n\n\n\n<p>\u00ab&nbsp;Si vous devez voyager au Canada en ce moment, veuillez noter qu\u2019une nouvelle demande devrait \u00eatre soumise.&nbsp;\u00bb<\/p>\n\n\n\n<p>L\u2019avocat sp\u00e9cialis\u00e9 en&nbsp;<a href=\"https:\/\/www.ledevoir.com\/immigration-r%C3%A9fugi%C3%A9s?utm_source=recirculation&amp;utm_medium=hyperlien&amp;utm_campaign=corps_texte\">immigration<\/a>&nbsp;Denis Girard a \u00e9t\u00e9 surpris de la r\u00e9ponse que lui a envoy\u00e9e le bureau des visas de Dakar le 13&nbsp;d\u00e9cembre 2021, alors qu\u2019il se questionnait sur l\u2019important retard dans la d\u00e9livrance du visa de visiteur d\u2019une de ses clientes originaires du Mali.<\/p>\n\n\n\n<p>Celle-ci voulait venir visiter sa fille et ses petits-enfants au Canada, un voyage pour lequel elle fait une demande le 25&nbsp;juillet pr\u00e9c\u00e9dent.&nbsp;Mais voil\u00e0 que dans ce courriel, que&nbsp;<em>Le Devoir<\/em>&nbsp;a consult\u00e9, on demandait sans explication \u00e0 la dame de refaire le processus\ufeff. C\u2019est qu\u2019un \u00e9v\u00e9nement important est survenu&nbsp;entre-temps&nbsp;: le Canada a rouvert ses fronti\u00e8res aux voyageurs vaccin\u00e9s venant au pays pour des raisons non essentielles.<\/p>\n\n\n\n<p>Immigration, R\u00e9fugi\u00e9s et Citoyennet\u00e9 Canada (IRCC) en a profit\u00e9 pour balancer toutes les demandes de visa effectu\u00e9es avant cette date dans un \u00e9trange purgatoire bureaucratique o\u00f9 sont coinc\u00e9s des milliers de dossiers sans que leurs auteurs en soient inform\u00e9s. Cela a eu pour effet de faire gonfler&nbsp;<a href=\"https:\/\/www.ledevoir.com\/societe\/733590\/delais-en-immigration-jusqu-a-cinq-mois-d-attente-pour-pouvoir-visiter-le-canada?utm_source=recirculation&amp;utm_medium=hyperlien&amp;utm_campaign=corps_texte\" target=\"_blank\" rel=\"noreferrer noopener\">les statistiques d\u2019attente<\/a>&nbsp;pour l\u2019obtention d\u2019un visa dans certains pays.<\/p>\n\n\n\n<p>Sur&nbsp;<a href=\"https:\/\/www.canada.ca\/fr\/immigration-refugies-citoyennete\/services\/coronavirus-covid19\/visiteurs\/visa.html\" target=\"_blank\" rel=\"noreferrer noopener\">son site Web<\/a>, IRCC recommande aux personnes qui ont soumis une demande de visa de visiteur avant le 7&nbsp;septembre 2021 d\u2019en soumettre une nouvelle si leur situation a chang\u00e9. Une consigne qui a rendu perplexe M<sup>e<\/sup>&nbsp;Girard. \u00ab&nbsp;Une nouvelle demande de visa ne semble pas requise [pour ma cliente], si on se fie aux repr\u00e9sentations d\u2019IRCC, repr\u00e9sentations qui se r\u00e9v\u00e9leront \u00eatre fausses&nbsp;\u00bb, souligne l\u2019avocat, qui note une contradiction entre la directive envoy\u00e9e par courriel et ce qui se retrouve sur le Web.<\/p>\n\n\n\n<p>Sa cliente a finalement d\u00e9pos\u00e9 une nouvelle demande, sans remboursement, pour un visa qui a \u00e9t\u00e9 produit 16 jours plus tard.<\/p>\n\n\n\n<p><em>Le Devoir<\/em>&nbsp;a tent\u00e9 d\u2019obtenir des explications d\u2019IRCC concernant l\u2019exigence de d\u00e9p\u00f4t d\u2019une nouvelle demande. \u00c0 cinq reprises, IRCC a refus\u00e9 de dire quelle \u00e9tait sa recommandation pour les personnes sans nouvelles de leur dossier et dont la situation n\u2019a pas chang\u00e9, hormis l\u2019impatience de l\u2019attente. Le minist\u00e8re recopiait chaque fois la proc\u00e9dure pour les personnes dont la situation a chang\u00e9.<\/p>\n\n\n\n<h2 class=\"wp-block-heading\">Manque d\u2019informations<\/h2>\n\n\n\n<p>Ce manque de clart\u00e9 cause beaucoup d\u2019incertitude. Originaire d\u2019Ha\u00efti, Michelet Joseph a d\u00e9pos\u00e9 une demande de visa de visiteur en ao\u00fbt 2021. Il fit face \u00e0 un dilemme&nbsp;: la refaire, ou pas&nbsp;? \u00ab&nbsp;Je n\u2019ai pas envie de retirer ma demande sans \u00eatre rembours\u00e9. Je la maintiens, mais cette derni\u00e8re n\u2019est pas trait\u00e9e&nbsp;\u00bb, laisse-t-il tomber.<\/p>\n\n\n\n<p>IRCC souligne qu\u2019\u00ab&nbsp;il n\u2019y a pas de garantie de remboursement&nbsp;\u00bb si une nouvelle demande est d\u00e9pos\u00e9e.<\/p>\n\n\n\n<p>Celui qui travaille comme journaliste \u00e0 Port-au-Prince, o\u00f9 \u00ab&nbsp;il gagne tr\u00e8s bien sa vie&nbsp;\u00bb, souhaite venir au Canada pour rencontrer des artistes de son pays qui se produisent en terre canadienne. \u00ab&nbsp;J\u2019ai besoin de les conna\u00eetre pour pouvoir parler d\u2019eux, dit-il. J\u2019h\u00e9site \u00e0 renvoyer une demande parce que j\u2019ai d\u00e9j\u00e0 soumis plein de documents et je ne sais pas s\u2019ils les re\u00e7oivent ou s\u2019ils les mettent de c\u00f4t\u00e9. C\u2019est frustrant.&nbsp;\u00bb<\/p>\n\n\n\n<p>\u00ab&nbsp;Je ne sais pas quoi faire&nbsp;\u00bb, indique \u00e9galement Natasha, qui pr\u00e9f\u00e8re t\u00e9moigner sous un nom d\u2019emprunt par crainte de r\u00e9percussions sur son propre dossier d\u2019immigration. \u00ab&nbsp;Si je d\u00e9pose une nouvelle demande, est-ce qu\u2019on va l\u2019abandonner de nouveau et encore nous dire les m\u00eames choses&nbsp;?&nbsp;\u00bb<\/p>\n\n\n\n<p>L\u2019\u00e9tudiante ha\u00eftienne \u00e0 Montr\u00e9al tente de faire venir sa m\u00e8re (qui vit toujours en Ha\u00efti, mais qui est une habitu\u00e9e des voyages au Canada) pour sa c\u00e9r\u00e9monie de collation des grades au mois d\u2019ao\u00fbt.&nbsp;<em>Le Devoir<\/em>&nbsp;a confirm\u00e9 que la demande de visa a \u00e9t\u00e9 enregistr\u00e9e avec un an d\u2019avance, le 27&nbsp;ao\u00fbt 2021, mais Natasha n\u2019a eu aucune nouvelle du dossier depuis 11 mois. Les d\u00e9lais de traitement pour un visa demand\u00e9 depuis Ha\u00efti sont pourtant estim\u00e9s \u00e0 91 jours\ufeff, selon&nbsp;<a href=\"https:\/\/www.canada.ca\/fr\/immigration-refugies-citoyennete\/services\/demande\/verifier-delais-traitement.html\" target=\"_blank\" rel=\"noreferrer noopener\">le&nbsp;site&nbsp;Web&nbsp;d\u2019IRCC<\/a>.<\/p>\n\n\n\n<p>\u00ab&nbsp;L\u2019information, honn\u00eatement, n\u2019est pas claire du tout. Personne n\u2019est joignable&nbsp;\u00bb, t\u00e9moigne celle qui ignore toujours si elle doit ou non d\u00e9poser une nouvelle demande pour la visite de sa m\u00e8re.<\/p>\n\n\n\n<h2 class=\"wp-block-heading\">Petite histoire d\u2019une file d\u2019attente<\/h2>\n\n\n\n<p>Trois sources diplomatiques contact\u00e9es s\u00e9par\u00e9ment ont confirm\u00e9 que l\u2019arri\u00e9r\u00e9 des demandes de visa pose un probl\u00e8me aux ambassades canadiennes. Deux d\u2019entre elles affirment que des responsables d\u2019IRCC, le minist\u00e8re qui g\u00e8re de mani\u00e8re autonome les dossiers d\u2019immigration, leur ont carr\u00e9ment fait savoir que les demandes d\u00e9pos\u00e9es avant le 7&nbsp;septembre 2021 ne seraient jamais trait\u00e9es.<\/p>\n\n\n\n<p>Officiellement, le minist\u00e8re dit continuer \u00e0 examiner ces vieilles demandes. Mais par la m\u00eame occasion, il pr\u00e9sente un portrait peu rassurant pour ceux qui attendent leur visa depuis pr\u00e8s d\u2019un an.<\/p>\n\n\n\n<p>D\u2019abord, le minist\u00e8re a suspendu le traitement des demandes non urgentes entre avril et juillet 2020, tout en permettant le d\u00e9p\u00f4t de dossiers. \u00ab&nbsp;Ceux qui ont demand\u00e9 \u00e0 voyager au Canada pour des raisons non essentielles pendant cette p\u00e9riode ont vu leur demande plac\u00e9e dans la file d\u2019attente&nbsp;\u00bb, explique la porte-parole d\u2019IRCC, Julie Lafortune.<\/p>\n\n\n\n<p>Ensuite, et durant les 14 mois qui ont suivi, les fonctionnaires ont trait\u00e9 principalement les demandes de visiteurs exempt\u00e9s des restrictions de voyage. \u00ab&nbsp;Un arri\u00e9r\u00e9 de demandes de visa de visiteur s\u2019est accumul\u00e9&nbsp;\u00bb, admet sans d\u00e9tour&nbsp;<a href=\"https:\/\/www.canada.ca\/fr\/immigration-refugies-citoyennete\/organisation\/transparence\/comites\/cimm-03-mars-2022\/strategie-traitement-demandes-visa-resident-temporaire.html\" target=\"_blank\" rel=\"noreferrer noopener\">un document<\/a>&nbsp;du minist\u00e8re.<\/p>\n\n\n\n<p>Finalement, lorsque&nbsp;<a href=\"https:\/\/www.ledevoir.com\/politique\/canada\/619128\/les-touristes-americains-vaccines-bienvenus-au-canada-des-le-9-aout-les-autres-le-7-septembre?utm_source=recirculation&amp;utm_medium=hyperlien&amp;utm_campaign=corps_texte\" target=\"_blank\" rel=\"noreferrer noopener\">les restrictions de voyage ont \u00e9t\u00e9 assouplies<\/a>, le 7&nbsp;septembre 2021, IRCC a d\u00e9cid\u00e9 que les demandes d\u00e9pos\u00e9es avant cette date tomberaient dans cette malheureuse \u00ab&nbsp;file d\u2019attente&nbsp;\u00bb, qui a pour caract\u00e9ristique d\u2019imposer un traitement beaucoup plus lent. Le minist\u00e8re invoque la \u00ab&nbsp;complexit\u00e9&nbsp;\u00bb des dossiers, comme des documents p\u00e9rim\u00e9s ou l\u2019\u00e9volution des circonstances.<\/p>\n\n\n\n<p>IRCC soutient par ailleurs toujours suivre un mod\u00e8le du \u00ab&nbsp;premier entr\u00e9, premier sorti&nbsp;\u00bb, soit le traitement des plus vieilles demandes de la file d\u2019attente avant les plus r\u00e9centes&nbsp;; le minist\u00e8re se permet toutefois de traiter d\u2019abord des dossiers moins complexes.<\/p>\n\n\n\n<p>Seulement en 2021, pr\u00e8s de 250&nbsp;000 demandes qu\u2019IRCC n\u2019est pas arriv\u00e9 \u00e0 traiter se sont ajout\u00e9es \u00e0 la file. La majorit\u00e9 des demandes d\u00e9pos\u00e9es en 2022 ont, elles, \u00e9t\u00e9 trait\u00e9es.<\/p>\n\n\n\n<h4 class=\"wp-block-heading\">Source : Le Devoir<\/h4>\n","protected":false},"excerpt":{"rendered":"<p>En contradiction avec l\u2019information affich\u00e9e sur son site Web, le gouvernement f\u00e9d\u00e9ral demande \u00e0 certains visiteurs de d\u00e9poser une seconde demande de visa pour le Canada si leur premi\u00e8re a&hellip; <\/p>\n","protected":false},"author":87,"featured_media":8159,"comment_status":"open","ping_status":"closed","sticky":false,"template":"","format":"standard","meta":{"_bbp_topic_count":0,"_bbp_reply_count":0,"_bbp_total_topic_count":0,"_bbp_total_reply_count":0,"_bbp_voice_count":0,"_bbp_anonymous_reply_count":0,"_bbp_topic_count_hidden":0,"_bbp_reply_count_hidden":0,"_bbp_forum_subforum_count":0,"ngg_post_thumbnail":0},"categories":[109,113],"tags":[],"_links":{"self":[{"href":"https:\/\/maghreb-observateur.com\/index.php?rest_route=\/wp\/v2\/posts\/15733"}],"collection":[{"href":"https:\/\/maghreb-observateur.com\/index.php?rest_route=\/wp\/v2\/posts"}],"about":[{"href":"https:\/\/maghreb-observateur.com\/index.php?rest_route=\/wp\/v2\/types\/post"}],"author":[{"embeddable":true,"href":"https:\/\/maghreb-observateur.com\/index.php?rest_route=\/wp\/v2\/users\/87"}],"replies":[{"embeddable":true,"href":"https:\/\/maghreb-observateur.com\/index.php?rest_route=%2Fwp%2Fv2%2Fcomments&post=15733"}],"version-history":[{"count":1,"href":"https:\/\/maghreb-observateur.com\/index.php?rest_route=\/wp\/v2\/posts\/15733\/revisions"}],"predecessor-version":[{"id":15734,"href":"https:\/\/maghreb-observateur.com\/index.php?rest_route=\/wp\/v2\/posts\/15733\/revisions\/15734"}],"wp:featuredmedia":[{"embeddable":true,"href":"https:\/\/maghreb-observateur.com\/index.php?rest_route=\/wp\/v2\/media\/8159"}],"wp:attachment":[{"href":"https:\/\/maghreb-observateur.com\/index.php?rest_route=%2Fwp%2Fv2%2Fmedia&parent=15733"}],"wp:term":[{"taxonomy":"category","embeddable":true,"href":"https:\/\/maghreb-observateur.com\/index.php?rest_route=%2Fwp%2Fv2%2Fcategories&post=15733"},{"taxonomy":"post_tag","embeddable":true,"href":"https:\/\/maghreb-observateur.com\/index.php?rest_route=%2Fwp%2Fv2%2Ftags&post=15733"}],"curies":[{"name":"wp","href":"https:\/\/api.w.org\/{rel}","templated":true}]}}